{"id":21222,"date":"2023-07-01T10:00:00","date_gmt":"2023-07-01T08:00:00","guid":{"rendered":"https:\/\/www.luxor.cz\/blog\/?p=21222"},"modified":"2023-07-03T10:01:15","modified_gmt":"2023-07-03T08:01:15","slug":"vyhlaseni-soutezi-magazin-luxor-06-2023-on-line-soutez-o-myty-na-taliri","status":"publish","type":"post","link":"https:\/\/www.luxor.cz\/blog\/magazin-luxor\/vyhlaseni-soutezi-magazin-luxor-06-2023-on-line-soutez-o-myty-na-taliri\/","title":{"rendered":"Vyhl\u00e1\u0161en\u00ed sout\u011b\u017e\u00ed: Magaz\u00edn LUXOR 06\/2023, on-line sout\u011b\u017e o M\u00fdty na tal\u00ed\u0159i"},"content":{"rendered":"\n<p><strong>Prob\u011bhlo vyhl\u00e1\u0161en\u00ed sout\u011b\u017ee o Den\u00edky Alana Rickmana, kter\u00e1 byla uve\u0159ejn\u011bna v \u010dervnov\u00e9m \u010d\u00edsle Magaz\u00ednu LUXOR, a tak\u00e9 vyhl\u00e1\u0161en\u00ed on-line sout\u011b\u017ee o knihu M\u00fdty na tal\u00ed\u0159i od nakladatelstv\u00ed Host. V\u0161em v\u00fdherc\u016fm srde\u010dn\u011b gratulujeme a p\u0159ejeme p\u0159\u00edjemn\u00e9 \u010dten\u00ed!<\/strong><\/p>\n\n\n\n<p>Na knihu <a href=\"https:\/\/www.luxor.cz\/v\/1934515\/alan-rickman-deniky\" target=\"_blank\" data-type=\"URL\" data-id=\"https:\/\/www.luxor.cz\/v\/1934515\/alan-rickman-deniky\" rel=\"noreferrer noopener\">Alan Rickman: Den\u00edky<\/a> se mohou t\u011b\u0161it <strong>Lucie Ko\u0161kov\u00e1, Gabriela Fulne\u010dkov\u00e1 a Veronika Adamov\u00e1.<\/strong><\/p>\n\n\n\n<p>Knihu <a href=\"https:\/\/www.luxor.cz\/v\/1934564\/myty-na-taliri\" target=\"_blank\" data-type=\"URL\" data-id=\"https:\/\/www.luxor.cz\/v\/1934564\/myty-na-taliri\" rel=\"noreferrer noopener\">M\u00fdty na tal\u00ed\u0159i<\/a> vyhr\u00e1vaj\u00ed <strong>Renata Bo\u010dkov\u00e1, Pavel Caha a Jitka Kry\u0161p\u00ednov\u00e1.<\/strong><\/p>\n\n\n\n<p>Gratulujeme!<\/p>\n\n\n\n<p>Pokud se na v\u00e1s tentokr\u00e1t neusm\u00e1lo \u0161t\u011bst\u00ed, nem\u011bjte obavy \u2013 jak na blogu Luxor, tak v Magaz\u00ednu pro v\u00e1s chyst\u00e1me dal\u0161\u00ed sout\u011b\u017ee. <\/p>\n","protected":false},"excerpt":{"rendered":"<p>Prob\u011bhlo vyhl\u00e1\u0161en\u00ed sout\u011b\u017ee o Den\u00edky Alana Rickmana, kter\u00e1 byla uve\u0159ejn\u011bna v \u010dervnov\u00e9m \u010d\u00edsle Magaz\u00ednu LUXOR, a tak\u00e9 vyhl\u00e1\u0161en\u00ed on-line sout\u011b\u017ee o knihu M\u00fdty na tal\u00ed\u0159i od nakladatelstv\u00ed Host. V\u0161em v\u00fdherc\u016fm [&hellip;]<\/p>\n","protected":false},"author":9,"featured_media":17300,"comment_status":"open","ping_status":"open","sticky":false,"template":"","format":"standard","meta":{"_acf_changed":false,"_monsterinsights_skip_tracking":false,"_monsterinsights_sitenote_active":false,"_monsterinsights_sitenote_note":"","_monsterinsights_sitenote_category":0,"_EventAllDay":false,"_EventTimezone":"","_EventStartDate":"","_EventEndDate":"","_EventStartDateUTC":"","_EventEndDateUTC":"","_EventShowMap":false,"_EventShowMapLink":false,"_EventURL":"","_EventCost":"","_EventCostDescription":"","_EventCurrencySymbol":"","_EventCurrencyCode":"","_EventCurrencyPosition":"","_EventDateTimeSeparator":"","_EventTimeRangeSeparator":"","_EventOrganizerID":[],"_EventVenueID":[],"_OrganizerEmail":"","_OrganizerPhone":"","_OrganizerWebsite":"","_VenueAddress":"","_VenueCity":"","_VenueCountry":"","_VenueProvince":"","_VenueState":"","_VenueZip":"","_VenuePhone":"","_VenueURL":"","_VenueStateProvince":"","_VenueLat":"","_VenueLng":"","_VenueShowMap":false,"_VenueShowMapLink":false,"twitterCardType":"","cardImageID":0,"cardImage":"","cardTitle":"","cardDesc":"","cardImageAlt":"","cardPlayer":"","cardPlayerWidth":0,"cardPlayerHeight":0,"cardPlayerStream":"","cardPlayerCodec":"","footnotes":""},"categories":[21655,5],"tags":[21557],"class_list":["post-21222","post","type-post","status-publish","format-standard","has-post-thumbnail","hentry","category-magazin-luxor","category-aktuality","tag-soutez"],"acf":{"related_products":null},"_links":{"self":[{"href":"https:\/\/www.luxor.cz\/blog\/wp-json\/wp\/v2\/posts\/21222","targetHints":{"allow":["GET"]}}],"collection":[{"href":"https:\/\/www.luxor.cz\/blog\/wp-json\/wp\/v2\/posts"}],"about":[{"href":"https:\/\/www.luxor.cz\/blog\/wp-json\/wp\/v2\/types\/post"}],"author":[{"embeddable":true,"href":"https:\/\/www.luxor.cz\/blog\/wp-json\/wp\/v2\/users\/9"}],"replies":[{"embeddable":true,"href":"https:\/\/www.luxor.cz\/blog\/wp-json\/wp\/v2\/comments?post=21222"}],"version-history":[{"count":0,"href":"https:\/\/www.luxor.cz\/blog\/wp-json\/wp\/v2\/posts\/21222\/revisions"}],"wp:featuredmedia":[{"embeddable":true,"href":"https:\/\/www.luxor.cz\/blog\/wp-json\/wp\/v2\/media\/17300"}],"wp:attachment":[{"href":"https:\/\/www.luxor.cz\/blog\/wp-json\/wp\/v2\/media?parent=21222"}],"wp:term":[{"taxonomy":"category","embeddable":true,"href":"https:\/\/www.luxor.cz\/blog\/wp-json\/wp\/v2\/categories?post=21222"},{"taxonomy":"post_tag","embeddable":true,"href":"https:\/\/www.luxor.cz\/blog\/wp-json\/wp\/v2\/tags?post=21222"}],"curies":[{"name":"wp","href":"https:\/\/api.w.org\/{rel}","templated":true}]}}