{"id":2115,"date":"2013-01-31T18:11:00","date_gmt":"2013-01-31T17:11:00","guid":{"rendered":"https:\/\/www.luxor.cz\/blog\/nezarazene\/fenomen-zitkovskych-bohyni-ovlada-ceskou-literaturu\/"},"modified":"2023-01-06T16:19:12","modified_gmt":"2023-01-06T15:19:12","slug":"fenomen-zitkovskych-bohyni-ovlada-ceskou-literaturu-163","status":"publish","type":"post","link":"https:\/\/www.luxor.cz\/blog\/nezarazene\/fenomen-zitkovskych-bohyni-ovlada-ceskou-literaturu-163\/","title":{"rendered":"Fenom\u00e9n \u017d\u00edtkovsk\u00fdch bohyn\u00ed ovl\u00e1d\u00e1 \u010deskou literaturu"},"content":{"rendered":"<p><p >Netradi\u010dn\u00ed t\u00e9ma a  poctiv\u00e9 zpracov\u00e1n\u00ed mno\u017estv\u00ed fakt\u016f vy\u00fastilo pod  rukama talentovan\u00e9 vyprav\u011b\u010dky v\u00a0d\u00edlo, o kter\u00e9m se u\u017e m\u011bs\u00edce mluv\u00ed jako o  jednom z\u00a0nejv\u011bt\u0161\u00edch \u010desk\u00fdch rom\u00e1n\u016f sou\u010dasnosti. Z\u00e1jem \u010dten\u00e1\u0159\u016f neochabuje,  autorka sb\u00edr\u00e1 ocen\u011bn\u00ed a filmov\u00ed tv\u016frci u\u017e chystaj\u00ed p\u0159enesen\u00ed p\u0159\u00edb\u011bhu na pl\u00e1tna.<\/p>\n<p >Tu\u010dkov\u00e1 si p\u0159ichystala  dobrou p\u016fdu u\u017e sv\u00fdm p\u0159edchoz\u00edm rom\u00e1nem Vyhn\u00e1n\u00ed  Gerty Schnirch, za kter\u00fd hovo\u0159\u00ed p\u0159inejmen\u0161\u00edm zisk \u010dten\u00e1\u0159sk\u00e9 ceny Magnesia  Litera 2010. Svou druhou velkou knihou \u017d\u00edtkovsk\u00e9  bohyn\u011b pak autorka pokra\u010duje v\u00a0j\u00edzd\u011b rozjet\u00fdm vlakem a sb\u00edr\u00e1 dal\u0161\u00ed  ocen\u011bn\u00ed, je\u017e j\u00ed pr\u00e1vem n\u00e1le\u017e\u00ed.<\/p>\n<p >\n<p >\u201eRozd\u00edl  mezi fikc\u00ed a realitou je tak t\u011bsn\u00fd, \u017ee jsem byla st\u00e1le na pochyb\u00e1ch, kde kon\u010d\u00ed  pravda a kde za\u010d\u00edn\u00e1 fantazie. Nen\u00e1siln\u00fd pr\u016fnik do d\u011bjin a kultury dan\u00e9 oblasti.  V\u00fdborn\u00e9 \u010dten\u00ed.\u201c (koment\u00e1\u0159 \u010dten\u00e1\u0159ky)<\/p>\n<p >\u201eP\u0159\u00edb\u011bh,  kter\u00fd m\u011b donutil se nad dobou minulou zamyslet.\u201c (koment\u00e1\u0159 \u010dten\u00e1\u0159ky)<\/p>\n<p >\u201eNov\u00fd rom\u00e1n Kate\u0159iny Tu\u010dkov\u00e9 mi dok\u00e1zal, \u017ee i  v\u00a0\u010cesku se d\u00e1 ps\u00e1t sv\u011btov\u00e1 literatura.\u201c (blogger, z recenze)<\/p>\n<p >\n<p >\u017d\u00edtkovsk\u00e9  bohyn\u011b uvedl na za\u010d\u00e1tku b\u0159ezna lo\u0148sk\u00e9ho roku doposud  nev\u00eddan\u00fdm krokem samotn\u00fd nakladatel. Nejprve toti\u017e nab\u00eddl netrp\u011bliv\u011b o\u010dek\u00e1van\u00fd  titul v\u00a0elektronick\u00e9 podob\u011b, na ti\u0161t\u011bnou verzi si museli \u010dten\u00e1\u0159i po\u010dkat o  deset dn\u00ed d\u00e9le. Pak mohla kniha pln\u011b uk\u00e1zat sv\u016fj potenci\u00e1l. A taky uk\u00e1zala.  Celkem dvacet jedna t\u00fddn\u016f se dr\u017eela v\u00a0prvn\u00ed des\u00edtce prodejnosti knih,  stala se nejprod\u00e1van\u011bj\u0161\u00ed knihou l\u00e9ta. V\u00a0sou\u010dtu cel\u00e9ho roku 2012 pak  Tu\u010dkov\u00e1 se sv\u00fdmi bohyn\u011bmi skon\u010dila na \u0161est\u00e9m m\u00edst\u011b. Bronzov\u00e1 mezi \u010desk\u00fdmi  autory, prvn\u00ed z\u00a0\u010desk\u00fdch autorek.<\/p>\n<p >T\u0159icet p\u011bt tis\u00edc  prodan\u00fdch knih v\u00a0ti\u0161t\u011bn\u00e9 podob\u011b, k\u00a0tomu v\u00edce jak tis\u00edcovka e-knih. To  je bilance nejprod\u00e1van\u011bj\u0161\u00ed \u010desk\u00e9 autorky sou\u010dasnosti, kter\u00e1 bodovala i v\u00a0anket\u011b  Lidov\u00fdch novin Kniha roku 2012, z\u00edskala Cenu Josefa \u0160kvoreck\u00e9ho a jej\u00ed\u017e rom\u00e1n  se stal \u010cesk\u00fdm bestsellerem 2012.<\/p>\n<p >\n<p >\u201eNeb\u00fdv\u00e1  u n\u00e1s zvykem, \u017ee by se tak rozs\u00e1hl\u00e1 pr\u00f3za dr\u017eela na nejvy\u0161\u0161\u00edch p\u0159\u00ed\u010dk\u00e1ch  \u017eeb\u0159\u00ed\u010dk\u016f nejprod\u00e1van\u011bj\u0161\u00edch knih.&#8220; (Vladim\u00edr Karf\u00edk, p\u0159edseda poroty  ud\u011bluj\u00edc\u00ed Cenu Josefa \u0160kvoreck\u00e9ho)<\/p>\n<p >\u201eNevzpom\u00edn\u00e1m si, kdy naposled jsem v \u010desk\u00e9  literatu\u0159e \u010detl p\u0159\u00edb\u011bh s\u00a0tak siln\u00fdm motivem uskute\u010dn\u011bn\u00e9 msty.\u201c (Pavel  Kotrla, z recenze T\u00fdden\u00edku rozhlas)<\/p>\n<p >\u201eOd prvn\u00edch str\u00e1nek rom\u00e1nu jsme v\u00a0d\u011bji. A  p\u0159i do\u010dten\u00ed posledn\u00ed str\u00e1nky si s\u00a0hlubok\u00fdm v\u00fddechem uv\u011bdom\u00edme, co v\u0161echno  n\u00e1m uniklo a jak zapeklit\u00fd osud hrdinky vlastn\u011b byl. Dora Idesov\u00e1 a dal\u0161\u00ed  postavy v\u010detn\u011b bohyn\u00ed n\u00e1m nejdou\u00a0z mysli. Tak n\u011bjak m\u00e1 vypadat dobr\u00fd  p\u0159\u00edb\u011bh\u2026\u201c (Vojt\u011bch Vaner, z recenze na Liter\u00e1rn\u00ed.cz)<\/p>\n<p >\n<p >Nejen d\u00edky ocen\u011bn\u00edm se  liter\u00e1rn\u00ed bohyn\u011b od podzimu dost\u00e1vaj\u00ed ze sv\u00e9ho sv\u011bta knihy. V\u0161e za\u010dalo \u0159\u00edjnov\u00fdm  vyd\u00e1n\u00edm audioknihy, v\u00a0n\u00ed\u017e p\u0159\u00edb\u011bhu vtiskli nezam\u011bnitelnou podobu sv\u00fdmi  hlasy herci Tereza Bebarov\u00e1 a Miroslav T\u00e1borsk\u00fd, pokra\u010dovat se bude chystan\u00fdm  filmem a televizn\u00ed s\u00e9ri\u00ed pod veden\u00edm producenta Vratislava \u0160lajera. Divadeln\u00ed  zpracov\u00e1n\u00ed p\u0159ipravuje na p\u0159\u00ed\u0161t\u00ed rok M\u011bstsk\u00e9 divadlo Zl\u00edn. V\u00a0neposledn\u00ed  \u0159ad\u011b pak \u017d\u00edtkovsk\u00e9 bohyn\u011b \u010dekaj\u00ed  p\u0159eklady do pol\u0161tiny, bulhar\u0161tiny a ukrajin\u0161tiny, o dal\u0161\u00edch vyd\u00e1n\u00edch  v\u00a0zahrani\u010d\u00ed se jedn\u00e1.<\/p>\n<p >Za v\u0161emi \u00fasp\u011bchy a  cenami stoj\u00ed autor\u010din talent, v\u00fdb\u011br t\u00e9matu, jeho zpracov\u00e1n\u00ed. Poctiv\u00e1 pr\u00e1ce ve  spojen\u00ed s\u00a0vyprav\u011b\u010dsk\u00fdm um\u011bn\u00edm, kter\u00e9 se ned\u00e1 nau\u010dit. T\u0159i roky sb\u00edr\u00e1n\u00ed dat,  indici\u00ed vedouc\u00edch k\u00a0vytvo\u0159en\u00ed p\u0159\u00edb\u011bhu, setk\u00e1v\u00e1n\u00ed s\u00a0pam\u011btn\u00edky i  s\u00a0krajem, kde se p\u0159\u00edb\u011bh \u017e\u00edtkovsk\u00fdch bohyn\u00ed odehr\u00e1l. K\u00a0tomu jist\u00e1  d\u00e1vka odvahy pustit se do t\u00e9matu tajemn\u00e9ho, balancuj\u00edc\u00edho na pomez\u00ed mystiky a  reality, dohad\u016f a fakt\u016f. A v\u00a0neposledn\u00ed \u0159ad\u011b samotn\u00e9 psan\u00ed, vlo\u017een\u00ed sebe  sama do vypr\u00e1v\u011bn\u00e9ho p\u0159\u00edb\u011bhu, s\u017eit\u00ed se s\u00a0hrdinkami rom\u00e1nu a jejich \u017eivotem.  Kate\u0159ina Tu\u010dkov\u00e1 sv\u00fdm druh\u00fdm velk\u00fdm rom\u00e1nem dok\u00e1zala potvrdit to, co vnesla do  literatury svou Gertou \u2013 \u017ee je autorkou velk\u00fdch p\u0159\u00edb\u011bh\u016f.<\/p>\n<p >\n<p >\u201eAutorce  b\u00fdv\u00e1 vyt\u00fdk\u00e1no, \u017ee by do knihy nejrad\u011bji byla narvala \u00fapln\u011b v\u0161e, co p\u0159i p\u00e1tr\u00e1n\u00ed  po \u017e\u00edtkovsk\u00fdch bohyn\u00edch objevila. A j\u00e1 \u0159\u00edk\u00e1m, \u017ee bylo pot\u0159eba velk\u00e9 sebek\u00e1zn\u011b  zhutnit v\u0161e do \u010dty\u0159 set pades\u00e1ti stran!\u201c (bloggerka, z recenze)<\/p>\n<p>\u201eKate\u0159ina Tu\u010dkov\u00e1 napsala obrovskou knihu \u2013  ne rozsahem a v\u00fdznamem, ale silou sv\u00e9ho p\u0159\u00edb\u011bhu. Je to z\u00e1\u017eitek, kter\u00fd byste si  nem\u011bli nechat uj\u00edt.\u201c (blogger, z\u00a0recenze)<\/p>\n<p>\u201eKnihu jsem si koupila do nemocnice a p\u0159i  jej\u00edm \u010dten\u00ed jsem \u00fapln\u011b zapomn\u011bla na to, \u017ee jsem tam na operaci.\u201c (koment\u00e1\u0159  \u010dten\u00e1\u0159ky)<\/p><\/p>\n","protected":false},"excerpt":{"rendered":"<p>Nen\u00ed to je\u0161t\u011b ani rok, co rom\u00e1n vy\u0161el, a p\u0159esto m\u016f\u017eeme mluvit o v\u00fdjime\u010dn\u00e9 ud\u00e1losti \u010desk\u00e9 literatury. \u017d\u00edtkovsk\u00e9 bohyn\u011b spisovatelky Kate\u0159iny Tu\u010dkov\u00e9 skl\u00edz\u00ed jeden \u00fasp\u011bch za druh\u00fdm. \u010cten\u00e1\u0159i ji miluj\u00ed, odborn\u00edci oce\u0148uj\u00ed. \u010c\u00edm si mlad\u00e1 autorka v\u0161echny tak z\u00edskala?<\/p>\n","protected":false},"author":2,"featured_media":0,"comment_status":"open","ping_status":"open","sticky":false,"template":"","format":"standard","meta":{"_acf_changed":false,"_monsterinsights_skip_tracking":false,"_monsterinsights_sitenote_active":false,"_monsterinsights_sitenote_note":"","_monsterinsights_sitenote_category":0,"_EventAllDay":false,"_EventTimezone":"","_EventStartDate":"","_EventEndDate":"","_EventStartDateUTC":"","_EventEndDateUTC":"","_EventShowMap":false,"_EventShowMapLink":false,"_EventURL":"","_EventCost":"","_EventCostDescription":"","_EventCurrencySymbol":"","_EventCurrencyCode":"","_EventCurrencyPosition":"","_EventDateTimeSeparator":"","_EventTimeRangeSeparator":"","_EventOrganizerID":[],"_EventVenueID":[],"_OrganizerEmail":"","_OrganizerPhone":"","_OrganizerWebsite":"","_VenueAddress":"","_VenueCity":"","_VenueCountry":"","_VenueProvince":"","_VenueState":"","_VenueZip":"","_VenuePhone":"","_VenueURL":"","_VenueStateProvince":"","_VenueLat":"","_VenueLng":"","_VenueShowMap":false,"_VenueShowMapLink":false,"twitterCardType":"","cardImageID":0,"cardImage":"","cardTitle":"","cardDesc":"","cardImageAlt":"","cardPlayer":"","cardPlayerWidth":0,"cardPlayerHeight":0,"cardPlayerStream":"","cardPlayerCodec":"","footnotes":""},"categories":[1],"tags":[],"class_list":["post-2115","post","type-post","status-publish","format-standard","hentry","category-nezarazene"],"acf":{"related_products":null},"_links":{"self":[{"href":"https:\/\/www.luxor.cz\/blog\/wp-json\/wp\/v2\/posts\/2115","targetHints":{"allow":["GET"]}}],"collection":[{"href":"https:\/\/www.luxor.cz\/blog\/wp-json\/wp\/v2\/posts"}],"about":[{"href":"https:\/\/www.luxor.cz\/blog\/wp-json\/wp\/v2\/types\/post"}],"author":[{"embeddable":true,"href":"https:\/\/www.luxor.cz\/blog\/wp-json\/wp\/v2\/users\/2"}],"replies":[{"embeddable":true,"href":"https:\/\/www.luxor.cz\/blog\/wp-json\/wp\/v2\/comments?post=2115"}],"version-history":[{"count":0,"href":"https:\/\/www.luxor.cz\/blog\/wp-json\/wp\/v2\/posts\/2115\/revisions"}],"wp:attachment":[{"href":"https:\/\/www.luxor.cz\/blog\/wp-json\/wp\/v2\/media?parent=2115"}],"wp:term":[{"taxonomy":"category","embeddable":true,"href":"https:\/\/www.luxor.cz\/blog\/wp-json\/wp\/v2\/categories?post=2115"},{"taxonomy":"post_tag","embeddable":true,"href":"https:\/\/www.luxor.cz\/blog\/wp-json\/wp\/v2\/tags?post=2115"}],"curies":[{"name":"wp","href":"https:\/\/api.w.org\/{rel}","templated":true}]}}