{"id":2113,"date":"2013-01-15T16:35:00","date_gmt":"2013-01-15T15:35:00","guid":{"rendered":"https:\/\/www.luxor.cz\/blog\/nezarazene\/fifty-shades-darker-padesat-odstinu-temnoty\/"},"modified":"2023-01-06T16:19:12","modified_gmt":"2023-01-06T15:19:12","slug":"fifty-shades-darker-padesat-odstinu-temnoty-161","status":"publish","type":"post","link":"https:\/\/www.luxor.cz\/blog\/nezarazene\/fifty-shades-darker-padesat-odstinu-temnoty-161\/","title":{"rendered":"Fifty Shades Darker \u2013 Pades\u00e1t odst\u00edn\u016f temnoty"},"content":{"rendered":"<p><strong> <\/strong><\/p>\n<h2>O knize<\/h2>\n<p>Na konci <a href=\"http:\/\/neoluxor.cz\/beletrie\/fifty-shades-of-grey-padesat-odstinu-sedi--179672\/\" target=\"_blank\" rel=\"noopener\">prvn\u00edho d\u00edlu<\/a> to vypadalo, \u017ee ze vztahu mezi Anastaci\u00ed a Christianem nic nezbylo. Zd\u00e1lo se, \u017ee pot\u00e9, co ho opustila, p\u016fjde Anastacia d\u00e1l vlastn\u00edm \u017eivotem. <\/p>\n<p>M\u00edsto toho c\u00edt\u00ed osam\u011ble a tou\u017e\u00ed pr\u00e1v\u011b po takov\u00e9m mu\u017ei, jako byl Christian Grey. Ani jemu nen\u00ed lhostejn\u00e9, \u017ee u\u017e nem\u00e1 Anastacii po ruce jako svou hra\u010dku. Od rozchodu uplyne jen p\u00e1r dn\u00ed, ne\u017e to Christian nevydr\u017e\u00ed a ozve se Anastacii. Pades\u00e1t odst\u00edn\u016f temnoty m\u016f\u017ee za\u010d\u00edt.<\/p>\n<p>Ve <a href=\"http:\/\/neoluxor.cz\/predobjednavky\/fifty-shades-darker-padesat-odstinu-temnoty--67\/\" target=\"_blank\" rel=\"noopener noreferrer\">Fifty Shades Darker \u2013 Pades\u00e1t odst\u00edn\u016f temnoty<\/a> se dozv\u00edme v\u00edce o pozad\u00ed Christianov\u00fdch sadomasochistick\u00fdch tu\u017eeb i to, pro\u010d nedok\u00e1\u017ee vyst\u00e1t doteky mimo vymezen\u00fd prostor. Na rozd\u00edl od prvn\u00ed \u010d\u00e1sti zde m\u00e1 na \u0161esti stech stran\u00e1ch p\u0159\u00edb\u011bhu v\u011bt\u0161\u00ed slovo romantika, ale do\u010dk\u00e1me se i v\u0161ech nemravnost\u00ed, kter\u00e9 \u010dten\u00e1\u0159ky tak milovaly ve <a href=\"http:\/\/neoluxor.cz\/beletrie\/fifty-shades-of-grey-padesat-odstinu-sedi--179672\/\" target=\"_blank\" rel=\"noopener\">Fifty Shades of Grey \u2013 Pades\u00e1t odst\u00edn\u016f \u0161edi<\/a>.<\/p>\n<h2>Mal\u00e1 ochutn\u00e1vka z knihy<\/h2>\n<p>Nechte se nal\u00e1kat, m\u00e1me pro v\u00e1s kr\u00e1tkou uk\u00e1zku:<\/p>\n<p>                <a href=\"http:\/\/issuu.com\/tomakaplanfojtik\/docs\/fifty_shades_darker___pades_t_odst_n__temnoty_uk_z?mode=embed&#038;layout=http%3A%2F%2Fskin.issuu.com%2Fv%2Flight%2Flayout.xml&#038;showFlipBtn=true\" target=\"_blank\" rel=\"noopener noreferrer\">Open publication<\/a> &#8211; Free <a href=\"http:\/\/issuu.com\" target=\"_blank\" rel=\"noopener noreferrer\">publishing<\/a> &#8211; <a href=\"http:\/\/issuu.com\/search?q=kniha\" target=\"_blank\" rel=\"noopener noreferrer\">More kniha<\/a>    <\/p>\n<h2>Exkluzivn\u00ed ve\u010dern\u00ed p\u0159edprodej a \u010dtec\u00ed maraton<\/h2>\n<p>Do\u00a0<a href=\"http:\/\/neoluxor.cz\/predobjednavky\/fifty-shades-darker-padesat-odstinu-temnoty--67\/\" target=\"_blank\" rel=\"noopener\">Fifty Shades Darker &#8211; Pades\u00e1t odst\u00edn\u016f temnoty<\/a> jste se mohli za\u010d\u00edst u\u017e v noci 23. ledna \u2013 d\u0159\u00edve, ne\u017e v\u0161ichni ostatn\u00ed! Ve 21 hod jsme otev\u0159eli Pal\u00e1c knih Luxor (V\u00e1clavsk\u00e9 n\u00e1m. 41, Praha) a zah\u00e1jili\u00a0<a href=\"http:\/\/neoluxor.cz\/akce\/zahajeni-prodeje-knihy-fifty-shades-darker-padesat-odstinu-temnoty--197\/\" target=\"_blank\" rel=\"noopener\">exkluzivn\u00ed p\u0159edprodej<\/a>.\u00a0<\/p>\n<p>B\u011bhem ve\u010dern\u00edho p\u0159edprodeje nav\u00edc prob\u00edhal \u010dtec\u00ed maraton z knihy, kter\u00fd\u00a0zah\u00e1jil gener\u00e1ln\u00ed \u0159editel nakladatelsk\u00e9ho domu Albatros media a.s. V\u00e1clav Kadlec a here\u010dka Petra Horv\u00e1thov\u00e1.<\/p>\n<h2>O autorce<\/h2>\n<p><a href=\"http:\/\/neoluxor.cz\/vyhledavani\/?query=e+l+james\" target=\"_blank\" rel=\"noopener\">E L James<\/a> je liter\u00e1rn\u00ed pseudonym Eriky Mitchellov\u00e9 Leonardov\u00e9, televizn\u00ed produk\u010dn\u00ed a man\u017eelky sc\u00e9n\u00e1risty Nialla Leonarda, kter\u00e1 od d\u011btstv\u00ed tou\u017eila napsat \u0161okuj\u00edc\u00ed knihu. \u017dije v Lond\u00fdn\u011b s man\u017eelem a dv\u011bma dosp\u00edvaj\u00edc\u00edmi syny. Jejich d\u016fm ani vzd\u00e1len\u011b nep\u0159ipom\u00edn\u00e1 ten z rom\u00e1nu a \u010dervenou mu\u010d\u00edrnu byste v n\u011bm hledali marn\u011b. Fifty Shades of Grey byla p\u016fvodn\u011b napsala jako fanfiction (fanou\u0161kovsk\u00e9 navazuj\u00edc\u00ed d\u00edlo) s\u00e1gy <a href=\"http:\/\/neoluxor.cz\/vyhledavani\/?query=Stm%C3%ADv%C3%A1n%C3%AD\" target=\"_blank\" rel=\"noopener\">Stm\u00edv\u00e1n\u00ed<\/a>.<\/p><\/p>\n","protected":false},"excerpt":{"rendered":"<p>Pokra\u010dov\u00e1n\u00ed nejprod\u00e1van\u011bj\u0161\u00ed knihy roku 2012 Fifty Shades of Grey \u2013 Pades\u00e1t odst\u00edn\u016f \u0161edi pr\u00e1v\u011b vych\u00e1z\u00ed. Je\u0161t\u011b temn\u011bj\u0161\u00ed, smysln\u011bj\u0161\u00ed a neodolateln\u011b n\u00e1vykov\u00e1! Takov\u00e1 je kniha Fifty Shades Darker \u2013 Pades\u00e1t odst\u00edn\u016f temnoty, na kterou \u010dekaj\u00ed desetitis\u00edce \u010desk\u00fdch \u010dten\u00e1\u0159ek.<\/p>\n","protected":false},"author":2,"featured_media":0,"comment_status":"open","ping_status":"open","sticky":false,"template":"","format":"standard","meta":{"_acf_changed":false,"_monsterinsights_skip_tracking":false,"_monsterinsights_sitenote_active":false,"_monsterinsights_sitenote_note":"","_monsterinsights_sitenote_category":0,"_EventAllDay":false,"_EventTimezone":"","_EventStartDate":"","_EventEndDate":"","_EventStartDateUTC":"","_EventEndDateUTC":"","_EventShowMap":false,"_EventShowMapLink":false,"_EventURL":"","_EventCost":"","_EventCostDescription":"","_EventCurrencySymbol":"","_EventCurrencyCode":"","_EventCurrencyPosition":"","_EventDateTimeSeparator":"","_EventTimeRangeSeparator":"","_EventOrganizerID":[],"_EventVenueID":[],"_OrganizerEmail":"","_OrganizerPhone":"","_OrganizerWebsite":"","_VenueAddress":"","_VenueCity":"","_VenueCountry":"","_VenueProvince":"","_VenueState":"","_VenueZip":"","_VenuePhone":"","_VenueURL":"","_VenueStateProvince":"","_VenueLat":"","_VenueLng":"","_VenueShowMap":false,"_VenueShowMapLink":false,"twitterCardType":"","cardImageID":0,"cardImage":"","cardTitle":"","cardDesc":"","cardImageAlt":"","cardPlayer":"","cardPlayerWidth":0,"cardPlayerHeight":0,"cardPlayerStream":"","cardPlayerCodec":"","footnotes":""},"categories":[1],"tags":[],"class_list":["post-2113","post","type-post","status-publish","format-standard","hentry","category-nezarazene"],"acf":{"related_products":null},"_links":{"self":[{"href":"https:\/\/www.luxor.cz\/blog\/wp-json\/wp\/v2\/posts\/2113","targetHints":{"allow":["GET"]}}],"collection":[{"href":"https:\/\/www.luxor.cz\/blog\/wp-json\/wp\/v2\/posts"}],"about":[{"href":"https:\/\/www.luxor.cz\/blog\/wp-json\/wp\/v2\/types\/post"}],"author":[{"embeddable":true,"href":"https:\/\/www.luxor.cz\/blog\/wp-json\/wp\/v2\/users\/2"}],"replies":[{"embeddable":true,"href":"https:\/\/www.luxor.cz\/blog\/wp-json\/wp\/v2\/comments?post=2113"}],"version-history":[{"count":0,"href":"https:\/\/www.luxor.cz\/blog\/wp-json\/wp\/v2\/posts\/2113\/revisions"}],"wp:attachment":[{"href":"https:\/\/www.luxor.cz\/blog\/wp-json\/wp\/v2\/media?parent=2113"}],"wp:term":[{"taxonomy":"category","embeddable":true,"href":"https:\/\/www.luxor.cz\/blog\/wp-json\/wp\/v2\/categories?post=2113"},{"taxonomy":"post_tag","embeddable":true,"href":"https:\/\/www.luxor.cz\/blog\/wp-json\/wp\/v2\/tags?post=2113"}],"curies":[{"name":"wp","href":"https:\/\/api.w.org\/{rel}","templated":true}]}}