{"id":2100,"date":"2012-10-29T12:46:00","date_gmt":"2012-10-29T11:46:00","guid":{"rendered":"https:\/\/www.luxor.cz\/blog\/nezarazene\/helga-weissova-denik-1938-1945\/"},"modified":"2023-01-06T16:19:12","modified_gmt":"2023-01-06T15:19:12","slug":"helga-weissova-denik-1938-1945-146","status":"publish","type":"post","link":"https:\/\/www.luxor.cz\/blog\/recenze\/helga-weissova-denik-1938-1945-146\/","title":{"rendered":"Helga Weissov\u00e1 &#8211; Den\u00edk 1938 &#8211; 1945"},"content":{"rendered":"<p>V roce 1938, kdy \u010ceskoslovensko vstupovalo do tragick\u00e9 f\u00e1ze sv\u00fdch d\u011bjin, bylo Helze Weissov\u00e9 dev\u011bt let. Pro\u017e\u00edvala jin\u00e9 starosti, ne\u017e by m\u011blo m\u00edt dev\u00edtilet\u00e9 d\u00edt\u011b. M\u00edsto toho, kde m\u00e1 oble\u010dky pro panenky, musela \u0159e\u0161it, kde je nejbli\u017e\u0161\u00ed protin\u00e1letov\u00fd kryt. M\u00edsto toho, aby se t\u011b\u0161ila na sv\u00e9 kamar\u00e1dky ve \u0161kole, musela myslet na to, co znamen\u00e1 slovo \u201emobilizace\u201c.<\/p>\n<h3>7. prosince 1941<\/h3>\n<p>\u201eZased\u00e1me k sn\u00eddani \u2013 posledn\u00ed. V\u0161echno, a\u0165 d\u011bl\u00e1m cokoliv, je dnes naposledy. St\u00e1le ta my\u0161lenka \u2013 u\u017e nikdy! P\u0159ich\u00e1z\u00ed str\u00fdc a tedy. M\u016f\u017eeme j\u00edt. Obl\u00e9k\u00e1m si kab\u00e1t, na n\u011bm transportn\u00ed \u010d\u00edslo 520. A te\u010f ji\u017e neodvratn\u011b \u2013 mus\u00edme j\u00edt.\u201d<\/p>\n<p>V roce 1941 byla rodina Helgy Weissov\u00e9 posl\u00e1na transportem do Terez\u00edna. Prvn\u00ed dojmy z tohoto jejich nov\u00e9ho domova byly rozpa\u010dit\u00e9. Helga si do den\u00edku napsala: \u201eTo je stra\u0161n\u00e9, j\u00e1 se tady snad do smrti nevyzn\u00e1m.\u201c V dob\u011b transportu bylo Helze 12 let a v\u016fbec si neuv\u011bdomovala, \u017ee smrt m\u016f\u017ee p\u0159ij\u00edt d\u0159\u00edve, ne\u017e by ji kdokoliv \u010dekal. <\/p>\n<p>Tato kniha (a dal\u0161\u00ed \u201eholocaustov\u00e9 den\u00edky\u201c) je srovn\u00e1v\u00e1na se slavn\u00fdm <a href=\"http:\/\/neoluxor.cz\/popularne-naucna\/denik--166631\/\" target=\"_blank\" rel=\"noopener\">Den\u00edkem Anny Frankov\u00e9<\/a>. V\u011bk obou autorek byl podobn\u00fd, jejich \u017eivoty v\u0161ak zcela odli\u0161n\u00e9. Zat\u00edmco Anna Frankov\u00e1 se skr\u00fdvala v zadn\u00ed \u010d\u00e1sti domu, Helga Weissov\u00e1 pro\u017eila \u010dty\u0159i roky pekla. Helga Weissov\u00e1 tak\u00e9 m\u011bla \u0161t\u011bst\u00ed v ne\u0161t\u011bst\u00ed. Po pobytu v Terez\u00edn\u011b si pro\u0161la koncentra\u010dn\u00edmi t\u00e1bory v Osv\u011btimi, Freibergu a Mauthausenu, ale v\u00e1lku se j\u00ed povedlo p\u0159e\u017e\u00edt. <\/p>\n<p>M\u00e1me p\u0159ed sebou den\u00edk psan\u00fd dosp\u00edvaj\u00edc\u00ed d\u00edvkou v prost\u0159ed\u00ed, kter\u00e9 bylo zni\u010duj\u00edc\u00ed i pro dosp\u011bl\u00e9. O t\u00e9to knize se ned\u00e1 \u0159\u00edct, \u017ee je \u201ehezk\u00e1\u201c, proto\u017ee ona hezk\u00e1 ani b\u00fdt nem\u016f\u017ee. P\u0159esto v\u0161ak z\u00e1pisky zachycuj\u00ed v\u00edru v dobr\u00fd konec a lep\u0161\u00ed z\u00edt\u0159ek. Ji\u017e tak dost siln\u00fd dojem z textu je\u0161t\u011b n\u00e1sob\u00ed ilustrace zobrazuj\u00edc\u00ed \u017eivot v ghettu, kter\u00e9 vytvo\u0159ila p\u0159\u00edmo Helga Weissov\u00e1. U\u017eite\u010dnou pom\u016fckou jsou vysv\u011btlivky, kter\u00e9 pom\u016f\u017eou zorientovat se v rodinn\u00fdch vazb\u00e1ch a dobov\u00fdch re\u00e1li\u00edch. Pro pohodln\u011bj\u0161\u00ed \u010dten\u00ed by bylo lep\u0161\u00ed, kdyby vysv\u011btlivky byly p\u0159\u00edmo na str\u00e1nce.\u00a0<\/p>\n<p><a href=\"http:\/\/neoluxor.cz\/popularne-naucna\/denik-19381945-pribeh-divky-ktera-prezila-holocaust--180125\/\" target=\"_blank\" rel=\"noopener\">Den\u00edk Helgy Weissov\u00e9<\/a> se ne\u010dte snadno, ale mezi podobnou literaturou pat\u0159\u00ed k tomu lep\u0161\u00edmu. Vypr\u00e1v\u00ed p\u0159\u00edb\u011bh, kter\u00fd nepot\u0159eboval fantazii. P\u0159\u00edb\u011bh, na kter\u00fd by se nem\u011blo zapom\u00ednat.<\/p>\n<p>Hodnocen\u00ed: 90%<\/p>\n<h2>O autorce<\/h2>\n<p>Helga Ho\u0161kov\u00e1-Weissov\u00e1, jak se dnes autorka jmenuje cel\u00fdm jm\u00e9nem, je dnes mezin\u00e1rodn\u011b uzn\u00e1vanou v\u00fdtvarnic\u00ed. Po v\u00e1lce dohonila ztracen\u00e1 \u0161koln\u00ed l\u00e9ta, vystudovala st\u0159edn\u00ed grafickou \u0161kolu. Pokra\u010dovala pak na Vysok\u00e9 \u0161kole um\u011blecko-pr\u016fmyslov\u00e9 a p\u00e1te\u0159 jej\u00ed v\u00fdtvarn\u00e9 tvorby p\u0159edstavuj\u00ed v\u00e1le\u010dn\u00e1 t\u00e9mata. Narodila se v roce 1929 v Praze, kde \u017eije dodnes.<\/p><\/p>\n","protected":false},"excerpt":{"rendered":"<p>Den\u00edk Helgy Weissov\u00e9 je mimo\u0159\u00e1dn\u011b siln\u00e1 a autentick\u00e1 v\u00fdpov\u011b\u010f o d\u011btstv\u00ed a dosp\u00edv\u00e1n\u00ed v terez\u00ednsk\u00e9m ghettu a v koncentra\u010dn\u00edch t\u00e1borech.<\/p>\n","protected":false},"author":2,"featured_media":0,"comment_status":"open","ping_status":"open","sticky":false,"template":"","format":"standard","meta":{"_acf_changed":false,"_monsterinsights_skip_tracking":false,"_monsterinsights_sitenote_active":false,"_monsterinsights_sitenote_note":"","_monsterinsights_sitenote_category":0,"_EventAllDay":false,"_EventTimezone":"","_EventStartDate":"","_EventEndDate":"","_EventStartDateUTC":"","_EventEndDateUTC":"","_EventShowMap":false,"_EventShowMapLink":false,"_EventURL":"","_EventCost":"","_EventCostDescription":"","_EventCurrencySymbol":"","_EventCurrencyCode":"","_EventCurrencyPosition":"","_EventDateTimeSeparator":"","_EventTimeRangeSeparator":"","_EventOrganizerID":[],"_EventVenueID":[],"_OrganizerEmail":"","_OrganizerPhone":"","_OrganizerWebsite":"","_VenueAddress":"","_VenueCity":"","_VenueCountry":"","_VenueProvince":"","_VenueState":"","_VenueZip":"","_VenuePhone":"","_VenueURL":"","_VenueStateProvince":"","_VenueLat":"","_VenueLng":"","_VenueShowMap":false,"_VenueShowMapLink":false,"twitterCardType":"","cardImageID":0,"cardImage":"","cardTitle":"","cardDesc":"","cardImageAlt":"","cardPlayer":"","cardPlayerWidth":0,"cardPlayerHeight":0,"cardPlayerStream":"","cardPlayerCodec":"","footnotes":""},"categories":[7],"tags":[],"class_list":["post-2100","post","type-post","status-publish","format-standard","hentry","category-recenze"],"acf":{"related_products":null},"_links":{"self":[{"href":"https:\/\/www.luxor.cz\/blog\/wp-json\/wp\/v2\/posts\/2100","targetHints":{"allow":["GET"]}}],"collection":[{"href":"https:\/\/www.luxor.cz\/blog\/wp-json\/wp\/v2\/posts"}],"about":[{"href":"https:\/\/www.luxor.cz\/blog\/wp-json\/wp\/v2\/types\/post"}],"author":[{"embeddable":true,"href":"https:\/\/www.luxor.cz\/blog\/wp-json\/wp\/v2\/users\/2"}],"replies":[{"embeddable":true,"href":"https:\/\/www.luxor.cz\/blog\/wp-json\/wp\/v2\/comments?post=2100"}],"version-history":[{"count":0,"href":"https:\/\/www.luxor.cz\/blog\/wp-json\/wp\/v2\/posts\/2100\/revisions"}],"wp:attachment":[{"href":"https:\/\/www.luxor.cz\/blog\/wp-json\/wp\/v2\/media?parent=2100"}],"wp:term":[{"taxonomy":"category","embeddable":true,"href":"https:\/\/www.luxor.cz\/blog\/wp-json\/wp\/v2\/categories?post=2100"},{"taxonomy":"post_tag","embeddable":true,"href":"https:\/\/www.luxor.cz\/blog\/wp-json\/wp\/v2\/tags?post=2100"}],"curies":[{"name":"wp","href":"https:\/\/api.w.org\/{rel}","templated":true}]}}