{"id":20978,"date":"2023-06-05T15:29:00","date_gmt":"2023-06-05T13:29:00","guid":{"rendered":"https:\/\/www.luxor.cz\/blog\/?p=20978"},"modified":"2023-06-07T15:31:58","modified_gmt":"2023-06-07T13:31:58","slug":"9-nej-autorky-kristyny-trpkove","status":"publish","type":"post","link":"https:\/\/www.luxor.cz\/blog\/magazin-luxor\/9-nej-autorky-kristyny-trpkove\/","title":{"rendered":"9 NEJ autorky Krist\u00fdny Trpkov\u00e9"},"content":{"rendered":"\n<p><strong>Detektivky m\u011bla r\u00e1da odjak\u017eiva \u2013 nejd\u0159\u00edv jako \u010dten\u00e1\u0159ka, pozd\u011bji i v roli autorky. Ke psan\u00ed p\u0159istupuje s lehkost\u00ed v p\u0159est\u00e1vk\u00e1ch na span\u00ed sv\u00fdch t\u0159\u00ed d\u011bt\u00ed. Co d\u011bl\u00e1 radost Krist\u00fdn\u011b Trpkov\u00e9, jedn\u00e9 z nejobl\u00edben\u011bj\u0161\u00edch \u010desk\u00fdch detektivn\u00edch autorek?<\/strong><\/p>\n\n\n\n<p><\/p>\n\n\n\n<div class=\"wp-block-media-text alignwide is-stacked-on-mobile\" style=\"grid-template-columns:23% auto\"><figure class=\"wp-block-media-text__media\"><img fetchpriority=\"high\" decoding=\"async\" width=\"1024\" height=\"1024\" src=\"https:\/\/www.luxor.cz\/blog\/wp-content\/uploads\/1-12-1024x1024.png\" alt=\"\" class=\"wp-image-20822 size-full\" title=\"\" srcset=\"https:\/\/www.luxor.cz\/blog\/wp-content\/uploads\/1-12-1024x1024.png 1024w, https:\/\/www.luxor.cz\/blog\/wp-content\/uploads\/1-12-300x300.png 300w, https:\/\/www.luxor.cz\/blog\/wp-content\/uploads\/1-12-100x100.png 100w, https:\/\/www.luxor.cz\/blog\/wp-content\/uploads\/1-12-600x600.png 600w, https:\/\/www.luxor.cz\/blog\/wp-content\/uploads\/1-12-150x150.png 150w, https:\/\/www.luxor.cz\/blog\/wp-content\/uploads\/1-12-768x768.png 768w, https:\/\/www.luxor.cz\/blog\/wp-content\/uploads\/1-12-1000x1000.png 1000w, https:\/\/www.luxor.cz\/blog\/wp-content\/uploads\/1-12-120x120.png 120w, https:\/\/www.luxor.cz\/blog\/wp-content\/uploads\/1-12-520x520.png 520w, https:\/\/www.luxor.cz\/blog\/wp-content\/uploads\/1-12.png 1080w\" sizes=\"(max-width: 1024px) 100vw, 1024px\" \/><\/figure><div class=\"wp-block-media-text__content\">\n<p><strong>NEJlep\u0161\u00ed kniha m\u00e9ho \u017eivota<br><\/strong>To nelze \u0159\u00edct takhle jednodu\u0161e, p\u0159e\u010detla jsem spoustu skv\u011bl\u00fdch knih a ka\u017ed\u00e1 byla dobr\u00e1 v n\u011b\u010dem jin\u00e9m. Ale pokud bych m\u011bla hovo\u0159it o posledn\u00ed dob\u011b, tak m\u011b za srdce chytla Omluva nesta\u010d\u00ed od Jane Bailey. Ta ve mn\u011b \u00fasp\u011b\u0161n\u011b rezonuje posledn\u00edch osm m\u011bs\u00edc\u016f a mysl\u00edm, \u017ee je\u0161t\u011b p\u011bkn\u011b dlouho bude.<\/p>\n<\/div><\/div>\n\n\n\n<p><\/p>\n\n\n\n<div class=\"wp-block-media-text alignwide is-stacked-on-mobile\" style=\"grid-template-columns:23% auto\"><figure class=\"wp-block-media-text__media\"><img decoding=\"async\" width=\"1024\" height=\"1024\" src=\"https:\/\/www.luxor.cz\/blog\/wp-content\/uploads\/1-1-2-1024x1024.png\" alt=\"\" class=\"wp-image-20823 size-full\" title=\"\" srcset=\"https:\/\/www.luxor.cz\/blog\/wp-content\/uploads\/1-1-2-1024x1024.png 1024w, https:\/\/www.luxor.cz\/blog\/wp-content\/uploads\/1-1-2-300x300.png 300w, https:\/\/www.luxor.cz\/blog\/wp-content\/uploads\/1-1-2-100x100.png 100w, https:\/\/www.luxor.cz\/blog\/wp-content\/uploads\/1-1-2-600x600.png 600w, https:\/\/www.luxor.cz\/blog\/wp-content\/uploads\/1-1-2-150x150.png 150w, https:\/\/www.luxor.cz\/blog\/wp-content\/uploads\/1-1-2-768x768.png 768w, https:\/\/www.luxor.cz\/blog\/wp-content\/uploads\/1-1-2-1000x1000.png 1000w, https:\/\/www.luxor.cz\/blog\/wp-content\/uploads\/1-1-2-120x120.png 120w, https:\/\/www.luxor.cz\/blog\/wp-content\/uploads\/1-1-2-520x520.png 520w, https:\/\/www.luxor.cz\/blog\/wp-content\/uploads\/1-1-2.png 1080w\" sizes=\"(max-width: 1024px) 100vw, 1024px\" \/><\/figure><div class=\"wp-block-media-text__content\">\n<p><strong>NEJzapeklit\u011bj\u0161\u00ed ot\u00e1zka, kterou si moment\u00e1ln\u011b kladu<br><\/strong>Jestli se budu muset po mate\u0159sk\u00e9 vr\u00e1tit do pr\u00e1ce, nebo u\u017e se budu moci v\u011bnovat psan\u00ed knih naplno.<\/p>\n<\/div><\/div>\n\n\n\n<p><\/p>\n\n\n\n<div class=\"wp-block-media-text alignwide is-stacked-on-mobile\" style=\"grid-template-columns:23% auto\"><figure class=\"wp-block-media-text__media\"><img decoding=\"async\" width=\"1024\" height=\"1024\" src=\"https:\/\/www.luxor.cz\/blog\/wp-content\/uploads\/1-11-1-1024x1024.png\" alt=\"\" class=\"wp-image-20821 size-full\" title=\"\" srcset=\"https:\/\/www.luxor.cz\/blog\/wp-content\/uploads\/1-11-1-1024x1024.png 1024w, https:\/\/www.luxor.cz\/blog\/wp-content\/uploads\/1-11-1-300x300.png 300w, https:\/\/www.luxor.cz\/blog\/wp-content\/uploads\/1-11-1-100x100.png 100w, https:\/\/www.luxor.cz\/blog\/wp-content\/uploads\/1-11-1-600x600.png 600w, https:\/\/www.luxor.cz\/blog\/wp-content\/uploads\/1-11-1-150x150.png 150w, https:\/\/www.luxor.cz\/blog\/wp-content\/uploads\/1-11-1-768x768.png 768w, https:\/\/www.luxor.cz\/blog\/wp-content\/uploads\/1-11-1-1000x1000.png 1000w, https:\/\/www.luxor.cz\/blog\/wp-content\/uploads\/1-11-1-120x120.png 120w, https:\/\/www.luxor.cz\/blog\/wp-content\/uploads\/1-11-1-520x520.png 520w, https:\/\/www.luxor.cz\/blog\/wp-content\/uploads\/1-11-1.png 1080w\" sizes=\"(max-width: 1024px) 100vw, 1024px\" \/><\/figure><div class=\"wp-block-media-text__content\">\n<p><strong>Kdo m\u011b NEJv\u00edc inspiroval<br><\/strong>Ur\u010dit\u011b moje u\u010ditelka na klav\u00edr, kter\u00e1 m\u011b inspirovala jak v um\u011bleck\u00e9m, tak b\u011b\u017en\u00e9m \u017eivot\u011b. V m\u00e9m nejt\u011b\u017e\u0161\u00edm \u017eivotn\u00edm obdob\u00ed mi byla neskute\u010dnou oporou. I z toho d\u016fvodu jsem pr\u00e1v\u011b j\u00ed v\u011bnovala svou prvotinu Stv\u016fru.<\/p>\n<\/div><\/div>\n\n\n\n<p><\/p>\n\n\n\n<div class=\"wp-block-media-text alignwide is-stacked-on-mobile\" style=\"grid-template-columns:23% auto\"><figure class=\"wp-block-media-text__media\"><img loading=\"lazy\" decoding=\"async\" width=\"1024\" height=\"1024\" src=\"https:\/\/www.luxor.cz\/blog\/wp-content\/uploads\/1-2-1-1024x1024.png\" alt=\"\" class=\"wp-image-20818 size-full\" title=\"\" srcset=\"https:\/\/www.luxor.cz\/blog\/wp-content\/uploads\/1-2-1-1024x1024.png 1024w, https:\/\/www.luxor.cz\/blog\/wp-content\/uploads\/1-2-1-300x300.png 300w, https:\/\/www.luxor.cz\/blog\/wp-content\/uploads\/1-2-1-100x100.png 100w, https:\/\/www.luxor.cz\/blog\/wp-content\/uploads\/1-2-1-600x600.png 600w, https:\/\/www.luxor.cz\/blog\/wp-content\/uploads\/1-2-1-150x150.png 150w, https:\/\/www.luxor.cz\/blog\/wp-content\/uploads\/1-2-1-768x768.png 768w, https:\/\/www.luxor.cz\/blog\/wp-content\/uploads\/1-2-1-1000x1000.png 1000w, https:\/\/www.luxor.cz\/blog\/wp-content\/uploads\/1-2-1-120x120.png 120w, https:\/\/www.luxor.cz\/blog\/wp-content\/uploads\/1-2-1-520x520.png 520w, https:\/\/www.luxor.cz\/blog\/wp-content\/uploads\/1-2-1.png 1080w\" sizes=\"(max-width: 1024px) 100vw, 1024px\" \/><\/figure><div class=\"wp-block-media-text__content\">\n<p><strong>NEJpoveden\u011bj\u0161\u00ed rozhodnut\u00ed, kter\u00e9 jsem ud\u011blala<br><\/strong>Konkr\u00e9tn\u00edch situac\u00ed m\u011b napad\u00e1 mnoho, ale asi bude jednodu\u0161\u0161\u00ed, kdy\u017e to \u0159eknu sp\u00ed\u0161 obecn\u011b: \u017ee jsem se p\u0159estala ohl\u00ed\u017eet na to, co si mysl\u00ed ostatn\u00ed. Rozhoduju se u\u017e jenom a pouze podle sebe a toho, co je dobr\u00e9 pro m\u011b, nikoli, co si druz\u00ed mysl\u00ed, \u017ee bych m\u011bla d\u011blat.<\/p>\n<\/div><\/div>\n\n\n\n<p><\/p>\n\n\n\n<div class=\"wp-block-media-text alignwide is-stacked-on-mobile\" style=\"grid-template-columns:23% auto\"><figure class=\"wp-block-media-text__media\"><img loading=\"lazy\" decoding=\"async\" width=\"1024\" height=\"1024\" src=\"https:\/\/www.luxor.cz\/blog\/wp-content\/uploads\/1-3-1024x1024.png\" alt=\"\" class=\"wp-image-20817 size-full\" title=\"\" srcset=\"https:\/\/www.luxor.cz\/blog\/wp-content\/uploads\/1-3-1024x1024.png 1024w, https:\/\/www.luxor.cz\/blog\/wp-content\/uploads\/1-3-300x300.png 300w, https:\/\/www.luxor.cz\/blog\/wp-content\/uploads\/1-3-100x100.png 100w, https:\/\/www.luxor.cz\/blog\/wp-content\/uploads\/1-3-600x600.png 600w, https:\/\/www.luxor.cz\/blog\/wp-content\/uploads\/1-3-150x150.png 150w, https:\/\/www.luxor.cz\/blog\/wp-content\/uploads\/1-3-768x768.png 768w, https:\/\/www.luxor.cz\/blog\/wp-content\/uploads\/1-3-1000x1000.png 1000w, https:\/\/www.luxor.cz\/blog\/wp-content\/uploads\/1-3-120x120.png 120w, https:\/\/www.luxor.cz\/blog\/wp-content\/uploads\/1-3-520x520.png 520w, https:\/\/www.luxor.cz\/blog\/wp-content\/uploads\/1-3.png 1080w\" sizes=\"(max-width: 1024px) 100vw, 1024px\" \/><\/figure><div class=\"wp-block-media-text__content\">\n<p><strong>NEJ\u0161\u00edlen\u011bj\u0161\u00ed n\u00e1pad m\u00e9ho \u017eivota<br><\/strong>Rozhodn\u011b zkusit napsat knihu s d\u011btmi. To bylo hodn\u011b impulzivn\u00ed rozhodnut\u00ed a dote\u010f po\u0159\u00e1dn\u011b nech\u00e1pu, \u017ee to fakt vy\u0161lo.<\/p>\n<\/div><\/div>\n\n\n\n<p><\/p>\n\n\n\n<div class=\"wp-block-media-text alignwide is-stacked-on-mobile\" style=\"grid-template-columns:23% auto\"><figure class=\"wp-block-media-text__media\"><img loading=\"lazy\" decoding=\"async\" width=\"1024\" height=\"1024\" src=\"https:\/\/www.luxor.cz\/blog\/wp-content\/uploads\/1-4-1024x1024.png\" alt=\"\" class=\"wp-image-20816 size-full\" title=\"\" srcset=\"https:\/\/www.luxor.cz\/blog\/wp-content\/uploads\/1-4-1024x1024.png 1024w, https:\/\/www.luxor.cz\/blog\/wp-content\/uploads\/1-4-300x300.png 300w, https:\/\/www.luxor.cz\/blog\/wp-content\/uploads\/1-4-100x100.png 100w, https:\/\/www.luxor.cz\/blog\/wp-content\/uploads\/1-4-600x600.png 600w, https:\/\/www.luxor.cz\/blog\/wp-content\/uploads\/1-4-150x150.png 150w, https:\/\/www.luxor.cz\/blog\/wp-content\/uploads\/1-4-768x768.png 768w, https:\/\/www.luxor.cz\/blog\/wp-content\/uploads\/1-4-1000x1000.png 1000w, https:\/\/www.luxor.cz\/blog\/wp-content\/uploads\/1-4-120x120.png 120w, https:\/\/www.luxor.cz\/blog\/wp-content\/uploads\/1-4-520x520.png 520w, https:\/\/www.luxor.cz\/blog\/wp-content\/uploads\/1-4.png 1080w\" sizes=\"(max-width: 1024px) 100vw, 1024px\" \/><\/figure><div class=\"wp-block-media-text__content\">\n<p><strong>M\u016fj NEJobl\u00edben\u011bj\u0161\u00ed film<br><\/strong>To je stejn\u00e9 jako s t\u011bmi knihami \u2013 \u017e\u00e1dn\u00fd nem\u00e1m, skv\u011bl\u00fdch film\u016f je spousta. Ale z posledn\u00ed doby m\u011b oslovilo \u0161pan\u011blsk\u00e9 T\u011blo z roku 2012, to byl opravdu v\u00fdjime\u010dn\u00fd, bezkonkuren\u010dn\u00ed thriller.<\/p>\n<\/div><\/div>\n\n\n\n<p><\/p>\n\n\n\n<div class=\"wp-block-media-text alignwide is-stacked-on-mobile\" style=\"grid-template-columns:23% auto\"><figure class=\"wp-block-media-text__media\"><img loading=\"lazy\" decoding=\"async\" width=\"1024\" height=\"1024\" src=\"https:\/\/www.luxor.cz\/blog\/wp-content\/uploads\/1-5-1024x1024.png\" alt=\"\" class=\"wp-image-20815 size-full\" title=\"\" srcset=\"https:\/\/www.luxor.cz\/blog\/wp-content\/uploads\/1-5-1024x1024.png 1024w, https:\/\/www.luxor.cz\/blog\/wp-content\/uploads\/1-5-300x300.png 300w, https:\/\/www.luxor.cz\/blog\/wp-content\/uploads\/1-5-100x100.png 100w, https:\/\/www.luxor.cz\/blog\/wp-content\/uploads\/1-5-600x600.png 600w, https:\/\/www.luxor.cz\/blog\/wp-content\/uploads\/1-5-150x150.png 150w, https:\/\/www.luxor.cz\/blog\/wp-content\/uploads\/1-5-768x768.png 768w, https:\/\/www.luxor.cz\/blog\/wp-content\/uploads\/1-5-1000x1000.png 1000w, https:\/\/www.luxor.cz\/blog\/wp-content\/uploads\/1-5-120x120.png 120w, https:\/\/www.luxor.cz\/blog\/wp-content\/uploads\/1-5-520x520.png 520w, https:\/\/www.luxor.cz\/blog\/wp-content\/uploads\/1-5.png 1080w\" sizes=\"(max-width: 1024px) 100vw, 1024px\" \/><\/figure><div class=\"wp-block-media-text__content\">\n<p><strong>NEJlep\u0161\u00ed cit\u00e1t, na kter\u00fd jsem narazila<br><\/strong>Ur\u010dit\u011b Albert Einstein: <em>Nesna\u017e se b\u00fdt \u00fasp\u011b\u0161n\u00fd, sna\u017e se b\u00fdt \u010dlov\u011bkem, kter\u00fd za<br>n\u011bco stoj\u00ed.<\/em> Tenhle cit\u00e1t m\u011b \u017eivotem prov\u00e1z\u00ed u\u017e n\u011bkolik let a posledn\u00ed dva roky<br>ho m\u00e1m dokonce i vytetovan\u00fd.<\/p>\n<\/div><\/div>\n\n\n\n<p><\/p>\n\n\n\n<div class=\"wp-block-media-text alignwide is-stacked-on-mobile\" style=\"grid-template-columns:23% auto\"><figure class=\"wp-block-media-text__media\"><img loading=\"lazy\" decoding=\"async\" width=\"1024\" height=\"1024\" src=\"https:\/\/www.luxor.cz\/blog\/wp-content\/uploads\/1-6-1024x1024.png\" alt=\"\" class=\"wp-image-20814 size-full\" title=\"\" srcset=\"https:\/\/www.luxor.cz\/blog\/wp-content\/uploads\/1-6-1024x1024.png 1024w, https:\/\/www.luxor.cz\/blog\/wp-content\/uploads\/1-6-300x300.png 300w, https:\/\/www.luxor.cz\/blog\/wp-content\/uploads\/1-6-100x100.png 100w, https:\/\/www.luxor.cz\/blog\/wp-content\/uploads\/1-6-600x600.png 600w, https:\/\/www.luxor.cz\/blog\/wp-content\/uploads\/1-6-150x150.png 150w, https:\/\/www.luxor.cz\/blog\/wp-content\/uploads\/1-6-768x768.png 768w, https:\/\/www.luxor.cz\/blog\/wp-content\/uploads\/1-6-1000x1000.png 1000w, https:\/\/www.luxor.cz\/blog\/wp-content\/uploads\/1-6-120x120.png 120w, https:\/\/www.luxor.cz\/blog\/wp-content\/uploads\/1-6-520x520.png 520w, https:\/\/www.luxor.cz\/blog\/wp-content\/uploads\/1-6.png 1080w\" sizes=\"(max-width: 1024px) 100vw, 1024px\" \/><\/figure><div class=\"wp-block-media-text__content\">\n<p><strong>M\u00edsto, m\u00e9mu srdci NEJbli\u017e\u0161\u00ed<br><\/strong>S man\u017eelem jsme se naprosto zamilovali do Litomy\u0161le. Na to m\u011bsto m\u00e1me<br>spoustu n\u00e1dhern\u00fdch spole\u010dn\u00fdch vzpom\u00ednek a v\u017edy se tam r\u00e1di vrac\u00edme.<\/p>\n<\/div><\/div>\n\n\n\n<p><\/p>\n\n\n\n<div class=\"wp-block-media-text alignwide is-stacked-on-mobile\" style=\"grid-template-columns:23% auto\"><figure class=\"wp-block-media-text__media\"><img loading=\"lazy\" decoding=\"async\" width=\"1024\" height=\"1024\" src=\"https:\/\/www.luxor.cz\/blog\/wp-content\/uploads\/1-7-1024x1024.png\" alt=\"\" class=\"wp-image-20813 size-full\" title=\"\" srcset=\"https:\/\/www.luxor.cz\/blog\/wp-content\/uploads\/1-7-1024x1024.png 1024w, https:\/\/www.luxor.cz\/blog\/wp-content\/uploads\/1-7-300x300.png 300w, https:\/\/www.luxor.cz\/blog\/wp-content\/uploads\/1-7-100x100.png 100w, https:\/\/www.luxor.cz\/blog\/wp-content\/uploads\/1-7-600x600.png 600w, https:\/\/www.luxor.cz\/blog\/wp-content\/uploads\/1-7-150x150.png 150w, https:\/\/www.luxor.cz\/blog\/wp-content\/uploads\/1-7-768x768.png 768w, https:\/\/www.luxor.cz\/blog\/wp-content\/uploads\/1-7-1000x1000.png 1000w, https:\/\/www.luxor.cz\/blog\/wp-content\/uploads\/1-7-120x120.png 120w, https:\/\/www.luxor.cz\/blog\/wp-content\/uploads\/1-7-520x520.png 520w, https:\/\/www.luxor.cz\/blog\/wp-content\/uploads\/1-7.png 1080w\" sizes=\"(max-width: 1024px) 100vw, 1024px\" \/><\/figure><div class=\"wp-block-media-text__content\">\n<p><strong>NEJobl\u00edben\u011bj\u0161\u00ed \u010d\u00e1st dne<br><\/strong>Rozhodn\u011b odpoledne, kdy\u017e se man\u017eel kone\u010dn\u011b vr\u00e1t\u00ed z pr\u00e1ce a jsme na d\u011bti<br>dva <em>(sm\u00edch)<\/em>. Stejn\u011b obl\u00edben\u00fd m\u00e1m i ve\u010der, kdy\u017e d\u011bti usnou a \u010dlov\u011bk u\u017e m\u016f\u017ee<br>vypnout. Jeliko\u017e m\u00e9 dny vypadaj\u00ed tak, \u017ee bu\u010f se v\u011bnuju d\u011btem nebo pracuju, jsou tyhle ve\u010dery jedin\u00fd \u010das z t\u00fddne, kdy si m\u016f\u017eu dovolit odpo\u010dinout.<\/p>\n<\/div><\/div>\n\n\n\n<p><\/p>\n\n\n\n<div class=\"wp-block-media-text alignwide has-media-on-the-right is-stacked-on-mobile\"><figure class=\"wp-block-media-text__media\"><img loading=\"lazy\" decoding=\"async\" width=\"768\" height=\"1024\" src=\"https:\/\/www.luxor.cz\/blog\/wp-content\/uploads\/Kristy\u0301na-Trpkova\u0301-orez-768x1024.png\" alt=\"\" class=\"wp-image-20295 size-full\" title=\"\" srcset=\"https:\/\/www.luxor.cz\/blog\/wp-content\/uploads\/Kristy\u0301na-Trpkova\u0301-orez-768x1023.png 768w, https:\/\/www.luxor.cz\/blog\/wp-content\/uploads\/Kristy\u0301na-Trpkova\u0301-orez-600x799.png 600w, https:\/\/www.luxor.cz\/blog\/wp-content\/uploads\/Kristy\u0301na-Trpkova\u0301-orez-225x300.png 225w, https:\/\/www.luxor.cz\/blog\/wp-content\/uploads\/Kristy\u0301na-Trpkova\u0301-orez-390x520.png 390w, https:\/\/www.luxor.cz\/blog\/wp-content\/uploads\/Kristy\u0301na-Trpkova\u0301-orez.png 773w\" sizes=\"(max-width: 768px) 100vw, 768px\" \/><\/figure><div class=\"wp-block-media-text__content\">\n<p class=\"has-large-font-size\">A\u010d sama tvrd\u00ed, \u017ee by sv\u016fj impulzivn\u00ed postup za\u010d\u00ednaj\u00edc\u00edm spisovatel\u016fm nedoporu\u010dila, odvaha se j\u00ed vyplatila. Napsala knihu, poslala ji do vydavatelstv\u00ed a ono to vy\u0161lo. Jej\u00ed s\u00e9rii p\u0159\u00edpad\u016f s vy\u0161et\u0159ovateli Laurou Linhartovou a Adamem Bene\u0161em miluj\u00ed \u010dten\u00e1\u0159i i kritici: Prvn\u00ed d\u00edl Stv\u016fra z\u00edskal Cenu Ji\u0159\u00edho Marka za nejlep\u0161\u00ed detektivku, mimo\u0159\u00e1dn\u011b \u00fasp\u011b\u0161n\u00e9 jsou i dal\u0161\u00ed d\u00edly Vesnice a novinka Vet\u0159elec.<\/p>\n<\/div><\/div>\n\n\n\n<p><\/p>\n\n\n\n<p><strong>P\u0159e\u010dt\u011bte si obl\u00edbenou trilogii od Krist\u00fdny Trpkov\u00e9:<\/strong><\/p>\n\n\n\n<div class=\"wp-block-columns is-layout-flex wp-container-core-columns-is-layout-1 wp-block-columns-is-layout-flex\">\n<div class=\"wp-block-column is-layout-flow wp-block-column-is-layout-flow\">\n<div class=\"wp-block-image\"><figure class=\"aligncenter size-large\"><img decoding=\"async\" src=\"https:\/\/img.luxor.cz\/detail_big\/1900\/900\/produkty\/9788024275758.webp?cbk=284518\" alt=\"\" title=\"\"><figcaption><a href=\"https:\/\/www.luxor.cz\/v\/1818083\/stvura\" target=\"_blank\" rel=\"noreferrer noopener\">Stv\u016fra<\/a><\/figcaption><\/figure><\/div>\n<\/div>\n\n\n\n<div class=\"wp-block-column is-layout-flow wp-block-column-is-layout-flow\">\n<div class=\"wp-block-image\"><figure class=\"aligncenter size-large\"><a href=\"https:\/\/www.luxor.cz\/v\/1816820\/vesnice\"><img decoding=\"async\" src=\"https:\/\/img.luxor.cz\/detail_big\/1900\/900\/produkty\/9788024279800.webp?cbk=284518\" alt=\"\" title=\"\"><\/a><figcaption><a href=\"https:\/\/www.luxor.cz\/v\/1816820\/vesnice\" target=\"_blank\" rel=\"noreferrer noopener\">Vesnice<\/a><\/figcaption><\/figure><\/div>\n<\/div>\n\n\n\n<div class=\"wp-block-column is-layout-flow wp-block-column-is-layout-flow\">\n<div class=\"wp-block-image\"><figure class=\"aligncenter size-large\"><a href=\"https:\/\/www.luxor.cz\/v\/1924227\/vetrelec\" target=\"_blank\" rel=\"noopener\"><img decoding=\"async\" src=\"https:\/\/img.luxor.cz\/detail_big\/1900\/900\/produkty\/9788024286136.webp?cbk=284518\" alt=\"\" title=\"\"><\/a><figcaption><a href=\"https:\/\/www.luxor.cz\/v\/1924227\/vetrelec\" target=\"_blank\" rel=\"noreferrer noopener\">Vet\u0159elec<\/a><\/figcaption><\/figure><\/div>\n<\/div>\n<\/div>\n\n\n\n<p><\/p>\n\n\n\n<p><em>\u010cl\u00e1nek vy\u0161el v Magaz\u00ednu LUXOR v \u010dervnu 2023.<\/em><\/p>\n","protected":false},"excerpt":{"rendered":"<p>Detektivky m\u011bla r\u00e1da odjak\u017eiva \u2013 nejd\u0159\u00edv jako \u010dten\u00e1\u0159ka, pozd\u011bji i v roli autorky. Ke psan\u00ed p\u0159istupuje s lehkost\u00ed v p\u0159est\u00e1vk\u00e1ch na span\u00ed sv\u00fdch t\u0159\u00ed d\u011bt\u00ed. Co d\u011bl\u00e1 radost Krist\u00fdn\u011b Trpkov\u00e9, [&hellip;]<\/p>\n","protected":false},"author":9,"featured_media":20981,"comment_status":"open","ping_status":"open","sticky":false,"template":"","format":"standard","meta":{"_acf_changed":false,"_monsterinsights_skip_tracking":false,"_monsterinsights_sitenote_active":false,"_monsterinsights_sitenote_note":"","_monsterinsights_sitenote_category":0,"_EventAllDay":false,"_EventTimezone":"","_EventStartDate":"","_EventEndDate":"","_EventStartDateUTC":"","_EventEndDateUTC":"","_EventShowMap":false,"_EventShowMapLink":false,"_EventURL":"","_EventCost":"","_EventCostDescription":"","_EventCurrencySymbol":"","_EventCurrencyCode":"","_EventCurrencyPosition":"","_EventDateTimeSeparator":"","_EventTimeRangeSeparator":"","_EventOrganizerID":[],"_EventVenueID":[],"_OrganizerEmail":"","_OrganizerPhone":"","_OrganizerWebsite":"","_VenueAddress":"","_VenueCity":"","_VenueCountry":"","_VenueProvince":"","_VenueState":"","_VenueZip":"","_VenuePhone":"","_VenueURL":"","_VenueStateProvince":"","_VenueLat":"","_VenueLng":"","_VenueShowMap":false,"_VenueShowMapLink":false,"twitterCardType":"","cardImageID":0,"cardImage":"","cardTitle":"","cardDesc":"","cardImageAlt":"","cardPlayer":"","cardPlayerWidth":0,"cardPlayerHeight":0,"cardPlayerStream":"","cardPlayerCodec":"","footnotes":""},"categories":[21655],"tags":[21241,49,18344],"class_list":["post-20978","post","type-post","status-publish","format-standard","has-post-thumbnail","hentry","category-magazin-luxor","tag-autorka","tag-detektivka","tag-rozhovor"],"acf":{"related_products":null},"_links":{"self":[{"href":"https:\/\/www.luxor.cz\/blog\/wp-json\/wp\/v2\/posts\/20978","targetHints":{"allow":["GET"]}}],"collection":[{"href":"https:\/\/www.luxor.cz\/blog\/wp-json\/wp\/v2\/posts"}],"about":[{"href":"https:\/\/www.luxor.cz\/blog\/wp-json\/wp\/v2\/types\/post"}],"author":[{"embeddable":true,"href":"https:\/\/www.luxor.cz\/blog\/wp-json\/wp\/v2\/users\/9"}],"replies":[{"embeddable":true,"href":"https:\/\/www.luxor.cz\/blog\/wp-json\/wp\/v2\/comments?post=20978"}],"version-history":[{"count":0,"href":"https:\/\/www.luxor.cz\/blog\/wp-json\/wp\/v2\/posts\/20978\/revisions"}],"wp:featuredmedia":[{"embeddable":true,"href":"https:\/\/www.luxor.cz\/blog\/wp-json\/wp\/v2\/media\/20981"}],"wp:attachment":[{"href":"https:\/\/www.luxor.cz\/blog\/wp-json\/wp\/v2\/media?parent=20978"}],"wp:term":[{"taxonomy":"category","embeddable":true,"href":"https:\/\/www.luxor.cz\/blog\/wp-json\/wp\/v2\/categories?post=20978"},{"taxonomy":"post_tag","embeddable":true,"href":"https:\/\/www.luxor.cz\/blog\/wp-json\/wp\/v2\/tags?post=20978"}],"curies":[{"name":"wp","href":"https:\/\/api.w.org\/{rel}","templated":true}]}}