{"id":2092,"date":"2012-10-08T18:04:00","date_gmt":"2012-10-08T16:04:00","guid":{"rendered":"https:\/\/www.luxor.cz\/blog\/nezarazene\/corban-addison-kroky-ke-slunci\/"},"modified":"2023-01-06T16:19:23","modified_gmt":"2023-01-06T15:19:23","slug":"corban-addison-kroky-ke-slunci-138","status":"publish","type":"post","link":"https:\/\/www.luxor.cz\/blog\/recenze\/corban-addison-kroky-ke-slunci-138\/","title":{"rendered":"Corban Addison: Kroky ke Slunci"},"content":{"rendered":"<p>Sestry Ahalja a S\u00edta se s rodi\u010di proch\u00e1zely po pl\u00e1\u017ei, kdy\u017e je ne\u010dekan\u011b smetla ob\u0159\u00ed vlna. Z cel\u00e9 rodiny, p\u0159e\u017eij\u00ed jen ony dv\u011b a jsou nuceny vydat se na cestu do vzd\u00e1len\u00e9ho m\u011bsta, kde se o n\u011b maj\u00ed postarat sestry z c\u00edrkevn\u00ed \u0161koly. P\u0159i cest\u011b v\u0161ak naraz\u00ed na p\u0159ekupnick\u00fd gang, kter\u00fd je um\u00edst\u00ed do nev\u011bstinc\u016f.<\/p>\n<p>Na druh\u00e9m konci sv\u011bta za\u017e\u00edv\u00e1 mlad\u00fd pr\u00e1vn\u00edk \u017eivotn\u00ed krizi. Zem\u0159ela mu dcera a jeho man\u017eelka odjela zp\u011bt do Indie. Kdy\u017e se naskytne mo\u017enost pracovat v Indii pro neziskovou organizaci CASE, zab\u00fdvaj\u00edc\u00ed se obchodov\u00e1n\u00edm s nezletil\u00fdmi, vyr\u00e1\u017e\u00ed na cestu. Po jedn\u00e9 z razi\u00ed na tajn\u00fd nev\u011bstinec, se setk\u00e1 s Ahaljou a sl\u00edb\u00ed j\u00ed, \u017ee najde S\u00edthu. Nejen prac\u00ed v neziskov\u00e9 organizaci, ale hlavn\u011b d\u00edky Alhaje a S\u00edt\u011b za\u010d\u00edn\u00e1 nach\u00e1zet sv\u016fj sm\u011br a \u017eivotn\u00ed cestu.<\/p>\n<p>John Grisham je\u0161t\u011b nikdy nenapsal \u017e\u00e1dn\u00e9 hodnocen\u00ed knihy, av\u0161ak Kroky ke Slunci zm\u011bnily jeho rozhodnut\u00ed. Nejen, \u017ee ho uchv\u00e1til siln\u00fd p\u0159\u00edb\u011bh, ale zejm\u00e9na odkaz, kter\u00fd skrz knihu promlouv\u00e1 ke \u010dten\u00e1\u0159\u016fm. Nezb\u00fdv\u00e1, ne\u017e s Grishamem souhlasit. Ji\u017e dlouho chyb\u011bla na trhu kniha, kter\u00e1 by dok\u00e1zala barvit\u011b vyl\u00ed\u010dit zla, kter\u00e1 se v nyn\u011bj\u0161\u00edm sv\u011bt\u011b vyskytuj\u00ed. I p\u0159es tento odkaz kniha nep\u016fsob\u00ed skli\u010duj\u00edc\u00edm dojmem, kter\u00fd by mohl n\u011bkter\u00e9 \u010dten\u00e1\u0159e odradit. Rom\u00e1n je velmi \u010dtiv\u00fd a emoce, kter\u00e9 p\u0159\u00edb\u011bh prov\u00e1z\u00ed, V\u00e1s dok\u00e1\u017e\u00ed vt\u00e1hnout do d\u011bje a uk\u00e1zat v\u00e1m sv\u011bt z jin\u00e9ho \u00fahlu.<\/p>\n<p> Nejen siln\u00fdm p\u0159\u00edb\u011bhem a zaj\u00edmav\u00fdm odkazem, ale i d\u00edky \u00fa\u017easn\u00e9mu popisu, kter\u00fd knize dod\u00e1v\u00e1 na \u010dtivosti a je\u0161t\u011b v\u00edce umocn\u00ed dojem z p\u0159\u00edb\u011bhu, si kniha zaslou\u017e\u00ed 95% z hodnocen\u00ed.<\/p>\n<h3>O autorovi<\/h3>\n<p>Corban Addison, narozen\u00fd v roce 1979, vystudoval pr\u00e1va a od patn\u00e1cti let zkou\u0161el ps\u00e1t. Kroky ke Slunci je jeho prvn\u00ed rom\u00e1novou prvotinou, psal ji od roku 2008. Kv\u016fli knize cestoval do Indie i Evropy, aby byl text co nejv\u00edce autentick\u00fd.<\/p><\/p>\n","protected":false},"excerpt":{"rendered":"<p>Nejprve to byly dva neznateln\u00e9 ot\u0159esy, a\u017e o mnoho hodin pozd\u011bji to byla tsunami. P\u0159i\u0161la znenad\u00e1n\u00ed a smetla dva mlad\u00e9 \u017eivoty. Kroky ke Slunci od Corbana Addisona vypr\u00e1v\u00ed nejen o nad\u011bji, lidsk\u00e9 s\u00edle a nezlomnosti, ale i o tragick\u00e9m osudu tis\u00edc\u016f d\u00edvek.<\/p>\n","protected":false},"author":2,"featured_media":0,"comment_status":"open","ping_status":"open","sticky":false,"template":"","format":"standard","meta":{"_acf_changed":false,"_monsterinsights_skip_tracking":false,"_monsterinsights_sitenote_active":false,"_monsterinsights_sitenote_note":"","_monsterinsights_sitenote_category":0,"_EventAllDay":false,"_EventTimezone":"","_EventStartDate":"","_EventEndDate":"","_EventStartDateUTC":"","_EventEndDateUTC":"","_EventShowMap":false,"_EventShowMapLink":false,"_EventURL":"","_EventCost":"","_EventCostDescription":"","_EventCurrencySymbol":"","_EventCurrencyCode":"","_EventCurrencyPosition":"","_EventDateTimeSeparator":"","_EventTimeRangeSeparator":"","_EventOrganizerID":[],"_EventVenueID":[],"_OrganizerEmail":"","_OrganizerPhone":"","_OrganizerWebsite":"","_VenueAddress":"","_VenueCity":"","_VenueCountry":"","_VenueProvince":"","_VenueState":"","_VenueZip":"","_VenuePhone":"","_VenueURL":"","_VenueStateProvince":"","_VenueLat":"","_VenueLng":"","_VenueShowMap":false,"_VenueShowMapLink":false,"twitterCardType":"","cardImageID":0,"cardImage":"","cardTitle":"","cardDesc":"","cardImageAlt":"","cardPlayer":"","cardPlayerWidth":0,"cardPlayerHeight":0,"cardPlayerStream":"","cardPlayerCodec":"","footnotes":""},"categories":[7],"tags":[],"class_list":["post-2092","post","type-post","status-publish","format-standard","hentry","category-recenze"],"acf":{"related_products":null},"_links":{"self":[{"href":"https:\/\/www.luxor.cz\/blog\/wp-json\/wp\/v2\/posts\/2092","targetHints":{"allow":["GET"]}}],"collection":[{"href":"https:\/\/www.luxor.cz\/blog\/wp-json\/wp\/v2\/posts"}],"about":[{"href":"https:\/\/www.luxor.cz\/blog\/wp-json\/wp\/v2\/types\/post"}],"author":[{"embeddable":true,"href":"https:\/\/www.luxor.cz\/blog\/wp-json\/wp\/v2\/users\/2"}],"replies":[{"embeddable":true,"href":"https:\/\/www.luxor.cz\/blog\/wp-json\/wp\/v2\/comments?post=2092"}],"version-history":[{"count":0,"href":"https:\/\/www.luxor.cz\/blog\/wp-json\/wp\/v2\/posts\/2092\/revisions"}],"wp:attachment":[{"href":"https:\/\/www.luxor.cz\/blog\/wp-json\/wp\/v2\/media?parent=2092"}],"wp:term":[{"taxonomy":"category","embeddable":true,"href":"https:\/\/www.luxor.cz\/blog\/wp-json\/wp\/v2\/categories?post=2092"},{"taxonomy":"post_tag","embeddable":true,"href":"https:\/\/www.luxor.cz\/blog\/wp-json\/wp\/v2\/tags?post=2092"}],"curies":[{"name":"wp","href":"https:\/\/api.w.org\/{rel}","templated":true}]}}