{"id":20908,"date":"2023-05-26T07:36:00","date_gmt":"2023-05-26T05:36:00","guid":{"rendered":"https:\/\/www.luxor.cz\/blog\/?p=20908"},"modified":"2023-08-22T15:38:09","modified_gmt":"2023-08-22T13:38:09","slug":"8-kniznich-novinek-co-cist-v-cervnu","status":"publish","type":"post","link":"https:\/\/www.luxor.cz\/blog\/knizni-zajimavosti\/8-kniznich-novinek-co-cist-v-cervnu\/","title":{"rendered":"Vyjde v \u010dervnu: T\u011bchto 8 kni\u017en\u00edch novinek si nenechte uj\u00edt!"},"content":{"rendered":"\n<p><strong>Sice u\u017e se vid\u00edte na pl\u00e1\u017eov\u00e9m leh\u00e1tku nebo na vrcholc\u00edch hor, ale do dovolen\u00e9 je\u0161t\u011b n\u011bjak\u00fd ten t\u00fdden zb\u00fdv\u00e1? Zkra\u0165te si nekone\u010dn\u00e9 \u010dek\u00e1n\u00ed skv\u011blou knihou! V \u010dervnu jich vych\u00e1z\u00ed tolik, \u017ee v\u00e1m mo\u017en\u00e1 n\u011bkter\u00e1 zbyde i k p\u0159ibalen\u00ed do kufru. Vybrali jsme pro v\u00e1s ty, na kter\u00e9 se t\u011b\u0161\u00edme \u00fapln\u011b nejv\u00edc \u2013 nechyb\u00ed hit TikToku, mraziv\u00fd thriller ani poutav\u00fd vhled do vietnamsk\u00e9 historie.<\/strong><\/p>\n\n\n\n<p><\/p>\n\n\n\n<div class=\"wp-block-columns is-layout-flex wp-container-core-columns-is-layout-1 wp-block-columns-is-layout-flex\">\n<div class=\"wp-block-column is-layout-flow wp-block-column-is-layout-flow\" style=\"flex-basis:33.33%\"><div class=\"wp-block-image\">\n<figure class=\"aligncenter size-large\"><img decoding=\"async\" src=\"https:\/\/img.luxor.cz\/detail_big\/1900\/900\/produkty\/9788024288710.webp?cbk=869759\" alt=\"\" title=\"\"><figcaption class=\"wp-element-caption\"><a href=\"https:\/\/www.luxor.cz\/v\/1936244\/hospodyne\" target=\"_blank\" rel=\"noreferrer noopener\">Hospodyn\u011b<\/a><\/figcaption><\/figure><\/div><\/div>\n\n\n\n<div class=\"wp-block-column is-vertically-aligned-center is-layout-flow wp-block-column-is-layout-flow\" style=\"flex-basis:66.66%\">\n<p><strong>Joy Fieldingov\u00e1 \u2013 <a href=\"https:\/\/www.luxor.cz\/v\/1936244\/hospodyne\" target=\"_blank\" data-type=\"URL\" data-id=\"https:\/\/www.luxor.cz\/v\/1936244\/hospodyne\" rel=\"noreferrer noopener\">Hospodyn\u011b<\/a><br><\/strong>Bestsellerov\u00e1 autorka New York Times se proslavila \u010dtiv\u00fdmi thrillery, ve kter\u00fdch se nijak neobvykl\u00e9 \u017eivotn\u00ed peripetie p\u0159etav\u00ed v&nbsp;p\u0159\u00edb\u011bh pln\u00fd nap\u011bt\u00ed. Na to se m\u016f\u017eeme t\u011b\u0161it i v&nbsp;nov\u00e9m psychologick\u00e9m thrilleru <a href=\"https:\/\/www.luxor.cz\/v\/1936244\/hospodyne\" target=\"_blank\" data-type=\"URL\" data-id=\"https:\/\/www.luxor.cz\/v\/1936244\/hospodyne\" rel=\"noreferrer noopener\">Hospodyn\u011b<\/a>. Realitn\u00ed makl\u00e9\u0159ka Jodi se sna\u017e\u00ed kloubit pr\u00e1ci, rodinu a p\u00e9\u010di o nemocnou maminku a st\u00e1rnouc\u00edho tat\u00ednka, <strong>proto pro sv\u00e9 rodi\u010de najme hospodyni. Je to ale spr\u00e1vn\u00e9 rozhodnut\u00ed?<\/strong> Kdo je vlastn\u011b ta \u017eena, kter\u00e1 najednou nos\u00ed mat\u010diny \u0161perky? O co j\u00ed jde? A jak daleko je pro to ochotna zaj\u00edt?<\/p>\n<\/div>\n<\/div>\n\n\n\n<p><\/p>\n\n\n\n<div class=\"wp-block-columns is-layout-flex wp-container-core-columns-is-layout-2 wp-block-columns-is-layout-flex\">\n<div class=\"wp-block-column is-vertically-aligned-center is-layout-flow wp-block-column-is-layout-flow\" style=\"flex-basis:66.66%\">\n<p><strong>Travis Baldree \u2013 <a href=\"https:\/\/www.luxor.cz\/v\/1938554\/legendy-a-latecka\" data-type=\"URL\" data-id=\"https:\/\/www.luxor.cz\/v\/1938554\/legendy-a-latecka\" target=\"_blank\" rel=\"noreferrer noopener\">Legendy a lat\u00e9\u010dka<\/a><br><\/strong>P\u0159ipravte se na hork\u00fd \u0161\u00e1lek n\u011b\u017en\u00e9 fantasy s po\u0159\u00e1dnou \u010depic\u00ed na\u0161lehan\u00e9 poetiky! Hit, kter\u00fdm \u017eije TikTok i \u010dten\u00e1\u0159sk\u00e9 Instagramy po cel\u00e9m sv\u011bt\u011b, je p\u0159esn\u011b t\u00edm zpomalen\u00edm, kter\u00e9 jste v\u00a0dne\u0161n\u00edm hektick\u00e9m sv\u011bt\u011b pot\u0159ebovali. <strong>B\u00fdval\u00e1 bojovnice se po letech vandrov\u00e1n\u00ed a v\u00e1l\u010den\u00ed rozhodne zm\u011bnit \u017eivotn\u00ed dr\u00e1hu a otev\u0159\u00edt si kav\u00e1rnu. <\/strong>A p\u0159esto\u017ee ji po cest\u011b potkaj\u00ed v\u0161emo\u017en\u00e9 p\u0159ek\u00e1\u017eky, \u010dek\u00e1 v\u00e1s p\u0159edev\u0161\u00edm jemn\u00fd humor a h\u0159ejiv\u00e9 momenty spousty vznikaj\u00edc\u00edch p\u0159\u00e1telstv\u00ed.<\/p>\n<\/div>\n\n\n\n<div class=\"wp-block-column is-layout-flow wp-block-column-is-layout-flow\" style=\"flex-basis:33.33%\"><div class=\"wp-block-image\">\n<figure class=\"aligncenter size-large\"><a href=\"https:\/\/www.luxor.cz\/v\/1938554\/legendy-a-latecka\" target=\"_blank\" rel=\"noopener\"><img decoding=\"async\" src=\"https:\/\/img.luxor.cz\/detail_big\/1900\/900\/produkty\/9788024289458.webp?cbk=869759\" alt=\"\" title=\"\"><\/a><figcaption class=\"wp-element-caption\"><a href=\"https:\/\/www.luxor.cz\/v\/1938554\/legendy-a-latecka\" target=\"_blank\" rel=\"noreferrer noopener\">Legendy a lat\u00e9\u010dka<\/a><\/figcaption><\/figure><\/div><\/div>\n<\/div>\n\n\n\n<p><\/p>\n\n\n\n<div class=\"wp-block-columns is-layout-flex wp-container-core-columns-is-layout-3 wp-block-columns-is-layout-flex\">\n<div class=\"wp-block-column is-layout-flow wp-block-column-is-layout-flow\" style=\"flex-basis:33.33%\"><div class=\"wp-block-image\">\n<figure class=\"aligncenter size-large\"><a href=\"https:\/\/www.luxor.cz\/v\/1928582\/cerna-lilie\" target=\"_blank\" rel=\"noopener\"><img decoding=\"async\" src=\"https:\/\/img.luxor.cz\/detail_big\/1900\/900\/produkty\/9788027908127.webp?cbk=869759\" alt=\"\" title=\"\"><\/a><figcaption class=\"wp-element-caption\"><a href=\"https:\/\/www.luxor.cz\/v\/1928582\/cerna-lilie\" target=\"_blank\" rel=\"noreferrer noopener\">\u010cern\u00e1 lilie<\/a><\/figcaption><\/figure><\/div><\/div>\n\n\n\n<div class=\"wp-block-column is-vertically-aligned-center is-layout-flow wp-block-column-is-layout-flow\" style=\"flex-basis:66.66%\">\n<p><strong>Vlastimil Vondru\u0161ka \u2013 <a href=\"https:\/\/www.luxor.cz\/v\/1928582\/cerna-lilie\" target=\"_blank\" data-type=\"URL\" data-id=\"https:\/\/www.luxor.cz\/v\/1928582\/cerna-lilie\" rel=\"noreferrer noopener\">\u010cern\u00e1 lilie<\/a><br><\/strong>V&nbsp;neuv\u011b\u0159iteln\u00e9m 31. d\u00edlu s\u00e9rie historick\u00fdch detektivek <a href=\"https:\/\/www.luxor.cz\/serie\/1852\" target=\"_blank\" rel=\"noreferrer noopener\">H\u0159\u00ed\u0161n\u00ed lid\u00e9 Kr\u00e1lovstv\u00ed \u010desk\u00e9ho<\/a> se op\u011bt setk\u00e1te s&nbsp;Old\u0159ichem z&nbsp;Chlumu a jeho pomocn\u00edky pano\u0161em Otou a velitelem Divi\u0161em. Ti \u0159e\u0161\u00ed p\u0159\u00edpad smrti pan\u00ed Sibyly na hrad\u011b Valdeku, kde se pr\u00e1v\u011b kon\u00e1 rodinn\u00e1 slavnost, a tak je podez\u0159el\u00fdch v\u00edc ne\u017e dost. Jak\u00e9 tajemstv\u00ed skr\u00fdv\u00e1 <strong>tapis\u00e9rie zobrazuj\u00edc\u00ed zahradu s n\u00e1dhern\u00fdmi kv\u011bty, mezi nimi\u017e vynikaj\u00ed lilie, ale jen jedna je \u010dern\u00e1?<\/strong><\/p>\n<\/div>\n<\/div>\n\n\n\n<p><\/p>\n\n\n\n<div class=\"wp-block-columns is-layout-flex wp-container-core-columns-is-layout-4 wp-block-columns-is-layout-flex\">\n<div class=\"wp-block-column is-vertically-aligned-center is-layout-flow wp-block-column-is-layout-flow\" style=\"flex-basis:66.66%\">\n<p><strong>Celeste Ng \u2013 <a href=\"https:\/\/www.luxor.cz\/v\/1936443\/nase-ztracena-srdce\" target=\"_blank\" data-type=\"URL\" data-id=\"https:\/\/www.luxor.cz\/v\/1936443\/nase-ztracena-srdce\" rel=\"noreferrer noopener\">Na\u0161e ztracen\u00e1 srdce<br><\/a><\/strong>Mraziv\u011b aktu\u00e1ln\u00ed dystopick\u00fd rom\u00e1n autorky ocen\u011bn\u00fdch bestseller\u016f <a href=\"https:\/\/www.luxor.cz\/v\/1927986\/vse-co-jsme-si-nikdy-nerekli\" target=\"_blank\" rel=\"noreferrer noopener\">V\u0161e, co jsme si nikdy ne\u0159ekli<\/a> a <a href=\"https:\/\/www.luxor.cz\/v\/1875989\/ohnicky-vsude-kolem\" target=\"_blank\" rel=\"noreferrer noopener\">Ohn\u00ed\u010dky v\u0161ude kolem<\/a> je inspirov\u00e1n mnoha skute\u010dn\u00fdmi ud\u00e1lostmi. B\u011bhem ni\u010div\u00e9 ekonomick\u00e9 krize v&nbsp;USA zavl\u00e1dnou proti\u010d\u00ednsk\u00e9 n\u00e1lady, kter\u00e9 vedou k&nbsp;zaveden\u00ed z\u00e1kon\u016f na ochranu americk\u00fdch hodnot.<strong> D\u011bti jsou odeb\u00edr\u00e1ny rodi\u010d\u016fm a knihy, kter\u00e9 nejsou dostate\u010dn\u011b vlasteneck\u00e9, miz\u00ed z&nbsp;polic knihoven. <\/strong>V\u010detn\u011b t\u00e9, kterou napsala matka 12let\u00e9ho hlavn\u00edho hrdiny, kter\u00e1 ho p\u0159ed p\u00e1r lety opustila\u2026<\/p>\n<\/div>\n\n\n\n<div class=\"wp-block-column is-layout-flow wp-block-column-is-layout-flow\" style=\"flex-basis:33.33%\"><div class=\"wp-block-image\">\n<figure class=\"aligncenter size-large\"><a href=\"https:\/\/www.luxor.cz\/v\/1936443\/nase-ztracena-srdce\" target=\"_blank\" rel=\"noopener\"><img decoding=\"async\" src=\"https:\/\/img.luxor.cz\/detail_big\/1900\/900\/produkty\/9788020721686.webp?cbk=869759\" alt=\"\" title=\"\"><\/a><figcaption class=\"wp-element-caption\"><a href=\"https:\/\/www.luxor.cz\/v\/1936443\/nase-ztracena-srdce\" target=\"_blank\" rel=\"noreferrer noopener\">Na\u0161e ztracen\u00e1 srdce<\/a><\/figcaption><\/figure><\/div><\/div>\n<\/div>\n\n\n\n<p><\/p>\n\n\n\n<div class=\"wp-block-columns is-layout-flex wp-container-core-columns-is-layout-5 wp-block-columns-is-layout-flex\">\n<div class=\"wp-block-column is-layout-flow wp-block-column-is-layout-flow\" style=\"flex-basis:33.33%\"><div class=\"wp-block-image\">\n<figure class=\"aligncenter size-large\"><a href=\"https:\/\/www.luxor.cz\/v\/1936241\/reznik-a-strizlik\" target=\"_blank\" rel=\"noopener\"><img decoding=\"async\" src=\"https:\/\/img.luxor.cz\/detail_big\/1900\/900\/produkty\/9788024288635.webp?cbk=869759\" alt=\"\" title=\"\"><\/a><figcaption class=\"wp-element-caption\"><a href=\"https:\/\/www.luxor.cz\/v\/1936241\/reznik-a-strizlik\" target=\"_blank\" rel=\"noreferrer noopener\">\u0158ezn\u00edk a st\u0159\u00edzl\u00edk<\/a><\/figcaption><\/figure><\/div><\/div>\n\n\n\n<div class=\"wp-block-column is-vertically-aligned-center is-layout-flow wp-block-column-is-layout-flow\" style=\"flex-basis:66.66%\">\n<p><strong>Alaina Urquhart \u2013 <a href=\"https:\/\/www.luxor.cz\/v\/1936241\/reznik-a-strizlik\" target=\"_blank\" rel=\"noreferrer noopener\">\u0158ezn\u00edk a st\u0159\u00edzl\u00edk<\/a><br><\/strong>Mraziv\u00e1 prvotina moder\u00e1torky \u00fasp\u011b\u0161n\u00e9ho true crime podcastu a pitevn\u00ed techni\u010dky Alainy Urquhart je \u010dten\u00edm pro siln\u00e9 povahy \u2013 autorka toti\u017e \u010derp\u00e1 ze sv\u00fdch bohat\u00fdch znalost\u00ed z&nbsp;odd\u011blen\u00ed patologie! Doktorka Wren Mullerov\u00e1, excelentn\u00ed soudn\u00ed patolo\u017eka, se je\u0161t\u011b nesetkala s&nbsp;p\u0159\u00edpadem, kter\u00fd by nedok\u00e1zala vy\u0159e\u0161it. A\u017e dosud. <strong>Sna\u017e\u00ed se toti\u017e dopadnout brut\u00e1ln\u00edho vraha se z\u00e1libou v&nbsp;l\u00e9ka\u0159sk\u00fdch experimentech, kter\u00fd je den ode dne troufalej\u0161\u00ed\u2026<\/strong><\/p>\n<\/div>\n<\/div>\n\n\n\n<p><\/p>\n\n\n\n<div class=\"wp-block-columns is-layout-flex wp-container-core-columns-is-layout-6 wp-block-columns-is-layout-flex\">\n<div class=\"wp-block-column is-vertically-aligned-center is-layout-flow wp-block-column-is-layout-flow\" style=\"flex-basis:66.66%\">\n<p><strong>Radka T\u0159e\u0161t\u00edkov\u00e1 \u2013 <a href=\"https:\/\/www.luxor.cz\/v\/1947375\/kde-jsi-kdyz-nejsi\" target=\"_blank\" rel=\"noreferrer noopener\">Kde jsi, kdy\u017e nejsi<\/a><br><\/strong>Rom\u00e1ny Radky T\u0159e\u0161t\u00edkov\u00e9 si \u010dten\u00e1\u0159i zamilovali nejen pro sv\u00e9r\u00e1zn\u00e9 hlavn\u00ed postavy a jejich spletit\u00e9 osudy, ale i pro autor\u010din osobit\u00fd styl psan\u00ed. Jej\u00ed p\u0159\u00edb\u011bhy ukazuj\u00ed, \u017ee <strong>nic nen\u00ed \u010dernob\u00edl\u00e9 a \u017ee mezilidsk\u00e9 vztahy jsou m\u00e1lokdy jednoduch\u00e9.<\/strong> Podle anotace se i u nov\u00e9ho rom\u00e1nu m\u00e1me na co t\u011b\u0161it: <em>\u201eBou\u0159liv\u00e9, syrov\u00e9 a v\u00e1\u0161niv\u00e9 vypr\u00e1v\u011bn\u00ed o rozchodu. Toto je p\u0159\u00edb\u011bh o svobod\u011b, z\u00e1vislosti, zbab\u011blosti a state\u010dnosti. O poslu\u0161nosti, laskavosti i lhostejnosti. O t\u011bch nejlep\u0161\u00edch a nejhor\u0161\u00edch rozhodnut\u00edch.\u201c<\/em><\/p>\n<\/div>\n\n\n\n<div class=\"wp-block-column is-layout-flow wp-block-column-is-layout-flow\" style=\"flex-basis:33.33%\"><div class=\"wp-block-image\">\n<figure class=\"aligncenter size-large\"><a href=\"https:\/\/www.luxor.cz\/v\/1947375\/kde-jsi-kdyz-nejsi\" target=\"_blank\" rel=\"noopener\"><img decoding=\"async\" src=\"https:\/\/img.luxor.cz\/detail_big\/1900\/900\/produkty\/9788026724919.webp?cbk=869759\" alt=\"\" title=\"\"><\/a><figcaption class=\"wp-element-caption\"><a href=\"https:\/\/www.luxor.cz\/v\/1947375\/kde-jsi-kdyz-nejsi\" target=\"_blank\" rel=\"noreferrer noopener\">Kde jsi, kdy\u017e nejsi<\/a><\/figcaption><\/figure><\/div><\/div>\n<\/div>\n\n\n\n<p><\/p>\n\n\n\n<div class=\"wp-block-columns is-layout-flex wp-container-core-columns-is-layout-7 wp-block-columns-is-layout-flex\">\n<div class=\"wp-block-column is-layout-flow wp-block-column-is-layout-flow\" style=\"flex-basis:33.33%\"><div class=\"wp-block-image\">\n<figure class=\"aligncenter size-large\"><a href=\"https:\/\/www.luxor.cz\/v\/1940590\/hory-zpivaji\" target=\"_blank\" rel=\"noopener\"><img decoding=\"async\" src=\"https:\/\/img.luxor.cz\/detail_big\/1900\/900\/produkty\/9788076891869.webp?cbk=869759\" alt=\"\" title=\"\"><\/a><figcaption class=\"wp-element-caption\"><a href=\"https:\/\/www.luxor.cz\/v\/1940590\/hory-zpivaji\" target=\"_blank\" rel=\"noreferrer noopener\">Hory zp\u00edvaj\u00ed<\/a><\/figcaption><\/figure><\/div><\/div>\n\n\n\n<div class=\"wp-block-column is-vertically-aligned-center is-layout-flow wp-block-column-is-layout-flow\" style=\"flex-basis:66.66%\">\n<p><strong>Nguyen Phan Que Mai \u2013 <a href=\"https:\/\/www.luxor.cz\/v\/1940590\/hory-zpivaji\" target=\"_blank\" data-type=\"URL\" data-id=\"https:\/\/www.luxor.cz\/v\/1940590\/hory-zpivaji\" rel=\"noreferrer noopener\">Hory zp\u00edvaj\u00ed<\/a><br><\/strong>Strhuj\u00edc\u00ed rom\u00e1n mapuje p\u0159\u00edb\u011bh t\u0159\u00ed generac\u00ed jedn\u00e9 vietnamsk\u00e9 rodiny. Na jeho pozad\u00ed se odehraje t\u00e9m\u011b\u0159 cel\u00e9 stolet\u00ed vietnamsk\u00fdch d\u011bjin \u2013 od francouzsk\u00e9 koloni\u00e1ln\u00ed nadvl\u00e1dy p\u0159es n\u00e1stup osvobozeneck\u00e9ho levicov\u00e9ho hnut\u00ed Viet Minh, rozd\u011blen\u00ed zem\u011b na severn\u00ed a ji\u017en\u00ed \u010d\u00e1st, v\u00e1lku ve Vietnamu a\u017e po sou\u010dasnost. I p\u0159es to, \u017ee je rom\u00e1n prostoupen\u00fd str\u00e1d\u00e1n\u00edm, hladem, smrt\u00ed i mnohdy bolestnou histori\u00ed, d\u00fdch\u00e1 z&nbsp;n\u011bj tak\u00e9 nad\u011bje, l\u00e1ska a hrdost vietnamsk\u00e9ho lidu na kr\u00e1su rodn\u00e9 zem\u011b i zdej\u0161\u00edch zvyk\u016f.<\/p>\n<\/div>\n<\/div>\n\n\n\n<p><\/p>\n\n\n\n<div class=\"wp-block-columns is-layout-flex wp-container-core-columns-is-layout-8 wp-block-columns-is-layout-flex\">\n<div class=\"wp-block-column is-vertically-aligned-center is-layout-flow wp-block-column-is-layout-flow\" style=\"flex-basis:66.66%\">\n<p><strong>\u010cerven\u00e1 propiska \u2013 <a href=\"https:\/\/www.luxor.cz\/v\/1938445\/100-prehmatu-pronemilovniky-cestiny\" target=\"_blank\" data-type=\"URL\" data-id=\"https:\/\/www.luxor.cz\/v\/1938445\/100-prehmatu-pronemilovniky-cestiny\" rel=\"noreferrer noopener\">100 p\u0159ehmat\u016f pro (ne)milovn\u00edky \u010de\u0161tiny<\/a><br><\/strong>Posledn\u00ed d\u00edl trilogie \u201et\u0159\u00ed P\u201c \u2013 <a href=\"https:\/\/www.luxor.cz\/v\/1599418\/100-perlicek-pronemilovniky-cestiny\" target=\"_blank\" data-type=\"URL\" data-id=\"https:\/\/www.luxor.cz\/v\/1599418\/100-perlicek-pronemilovniky-cestiny\" rel=\"noreferrer noopener\">Perli\u010dky<\/a>, <a href=\"https:\/\/www.luxor.cz\/v\/1546581\/100-preslapu-pronemilovniky-cestiny\" target=\"_blank\" data-type=\"URL\" data-id=\"https:\/\/www.luxor.cz\/v\/1546581\/100-preslapu-pronemilovniky-cestiny\" rel=\"noreferrer noopener\">P\u0159e\u0161lapy<\/a> a <a href=\"https:\/\/www.luxor.cz\/v\/1938445\/100-prehmatu-pronemilovniky-cestiny\" target=\"_blank\" data-type=\"URL\" data-id=\"https:\/\/www.luxor.cz\/v\/1938445\/100-prehmatu-pronemilovniky-cestiny\" rel=\"noreferrer noopener\">P\u0159ehmaty<\/a> \u2013 v\u00e1s op\u011bt jednoduchou a z\u00e1bavnou formou provede stovkou problematick\u00fdch jev\u016f, ve kter\u00fdch \u010ce\u0161i p\u0159i psan\u00ed \u010dasto t\u00e1pou. Popul\u00e1rn\u011b-nau\u010dn\u00e1 p\u0159\u00edru\u010dka od zn\u00e1m\u00e9ho korektorsk\u00e9ho dua v\u00e1m oz\u0159ejm\u00ed pravopis, gramatiku i v\u00fdznamy slov, a&nbsp;<strong>jejich osvojen\u00ed v\u00e1m usnadn\u00ed pom\u016fckami, u\u017eite\u010dn\u00fdmi tipy, p\u0159\u00edklady i obl\u00edben\u00fdmi dikt\u00e1ty.<\/strong> Op\u011bt nechyb\u00ed bonusov\u00e1 kapitola, tentokr\u00e1t na t\u00e9ma v\u00fdslovnosti mno\u017estv\u00ed \u010desk\u00fdch i ciz\u00edch slov.&nbsp;<\/p>\n<\/div>\n\n\n\n<div class=\"wp-block-column is-layout-flow wp-block-column-is-layout-flow\" style=\"flex-basis:33.33%\">\n<figure class=\"wp-block-image size-large\"><img decoding=\"async\" src=\"https:\/\/img.luxor.cz\/detail_big\/1900\/900\/produkty\/9788024289205.webp?cbk=869759\" alt=\"\" title=\"\"><figcaption class=\"wp-element-caption\"><a href=\"https:\/\/www.luxor.cz\/v\/1938445\/100-prehmatu-pronemilovniky-cestiny\" target=\"_blank\" rel=\"noreferrer noopener\">100 p\u0159ehmat\u016f pro (ne)milovn\u00edky \u010de\u0161tiny<\/a><\/figcaption><\/figure>\n<\/div>\n<\/div>\n\n\n\n<p><\/p>\n\n\n\n<div class=\"wp-block-buttons is-horizontal is-content-justification-center is-layout-flex wp-container-core-buttons-is-layout-1 wp-block-buttons-is-layout-flex\">\n<div class=\"wp-block-button\"><a class=\"wp-block-button__link has-white-color has-vivid-cyan-blue-background-color has-text-color has-background wp-element-button\" href=\"https:\/\/www.luxor.cz\/c\/9548\/knihy?ffl=57\" target=\"_blank\" rel=\"noreferrer noopener\">V\u0161echny chystan\u00e9 novinky<\/a><\/div>\n<\/div>\n","protected":false},"excerpt":{"rendered":"<p>Sice u\u017e se vid\u00edte na pl\u00e1\u017eov\u00e9m leh\u00e1tku nebo na vrcholc\u00edch hor, ale do dovolen\u00e9 je\u0161t\u011b n\u011bjak\u00fd ten t\u00fdden zb\u00fdv\u00e1? Zkra\u0165te si nekone\u010dn\u00e9 \u010dek\u00e1n\u00ed skv\u011blou knihou! V \u010dervnu jich vych\u00e1z\u00ed tolik, [&hellip;]<\/p>\n","protected":false},"author":9,"featured_media":20911,"comment_status":"open","ping_status":"open","sticky":false,"template":"","format":"standard","meta":{"_acf_changed":false,"_monsterinsights_skip_tracking":false,"_monsterinsights_sitenote_active":false,"_monsterinsights_sitenote_note":"","_monsterinsights_sitenote_category":0,"_EventAllDay":false,"_EventTimezone":"","_EventStartDate":"","_EventEndDate":"","_EventStartDateUTC":"","_EventEndDateUTC":"","_EventShowMap":false,"_EventShowMapLink":false,"_EventURL":"","_EventCost":"","_EventCostDescription":"","_EventCurrencySymbol":"","_EventCurrencyCode":"","_EventCurrencyPosition":"","_EventDateTimeSeparator":"","_EventTimeRangeSeparator":"","_EventOrganizerID":[],"_EventVenueID":[],"_OrganizerEmail":"","_OrganizerPhone":"","_OrganizerWebsite":"","_VenueAddress":"","_VenueCity":"","_VenueCountry":"","_VenueProvince":"","_VenueState":"","_VenueZip":"","_VenuePhone":"","_VenueURL":"","_VenueStateProvince":"","_VenueLat":"","_VenueLng":"","_VenueShowMap":false,"_VenueShowMapLink":false,"twitterCardType":"","cardImageID":0,"cardImage":"","cardTitle":"","cardDesc":"","cardImageAlt":"","cardPlayer":"","cardPlayerWidth":0,"cardPlayerHeight":0,"cardPlayerStream":"","cardPlayerCodec":"","footnotes":""},"categories":[6],"tags":[18356,20970,21649,60,21650],"class_list":["post-20908","post","type-post","status-publish","format-standard","has-post-thumbnail","hentry","category-knizni-zajimavosti","tag-fantasy","tag-historicky-roman","tag-knizni-novinky","tag-thriller","tag-tipy-na-knihy"],"acf":{"related_products":null},"_links":{"self":[{"href":"https:\/\/www.luxor.cz\/blog\/wp-json\/wp\/v2\/posts\/20908","targetHints":{"allow":["GET"]}}],"collection":[{"href":"https:\/\/www.luxor.cz\/blog\/wp-json\/wp\/v2\/posts"}],"about":[{"href":"https:\/\/www.luxor.cz\/blog\/wp-json\/wp\/v2\/types\/post"}],"author":[{"embeddable":true,"href":"https:\/\/www.luxor.cz\/blog\/wp-json\/wp\/v2\/users\/9"}],"replies":[{"embeddable":true,"href":"https:\/\/www.luxor.cz\/blog\/wp-json\/wp\/v2\/comments?post=20908"}],"version-history":[{"count":0,"href":"https:\/\/www.luxor.cz\/blog\/wp-json\/wp\/v2\/posts\/20908\/revisions"}],"wp:featuredmedia":[{"embeddable":true,"href":"https:\/\/www.luxor.cz\/blog\/wp-json\/wp\/v2\/media\/20911"}],"wp:attachment":[{"href":"https:\/\/www.luxor.cz\/blog\/wp-json\/wp\/v2\/media?parent=20908"}],"wp:term":[{"taxonomy":"category","embeddable":true,"href":"https:\/\/www.luxor.cz\/blog\/wp-json\/wp\/v2\/categories?post=20908"},{"taxonomy":"post_tag","embeddable":true,"href":"https:\/\/www.luxor.cz\/blog\/wp-json\/wp\/v2\/tags?post=20908"}],"curies":[{"name":"wp","href":"https:\/\/api.w.org\/{rel}","templated":true}]}}