{"id":2079,"date":"2012-09-17T10:34:00","date_gmt":"2012-09-17T08:34:00","guid":{"rendered":"https:\/\/www.luxor.cz\/blog\/nezarazene\/jo-nesb-snehulak\/"},"modified":"2023-01-06T16:19:23","modified_gmt":"2023-01-06T15:19:23","slug":"jo-nesb-snehulak-123","status":"publish","type":"post","link":"https:\/\/www.luxor.cz\/blog\/recenze\/jo-nesb-snehulak-123\/","title":{"rendered":"Jo Nesb\u00f8: Sn\u011bhul\u00e1k"},"content":{"rendered":"<p ><a href=\"http:\/\/neoluxor.cz\/predobjednavky\/snehulak--14\/\" target=\"_blank\" rel=\"noopener\">Kniha vych\u00e1z\u00ed 11. \u0159\u00edjna, ale ji\u017e nyn\u00ed si ji m\u016f\u017eete p\u0159edobjednat.<\/a><\/p>\n<p>Mal\u00fd Jonas Becker se probouz\u00ed z nep\u0159\u00edjemn\u00e9ho snu a rozhodne se naj\u00edt ve ztichl\u00e9m dom\u011b m\u00e1mu. Jenom\u017ee je 01:11 a m\u00e1ma nen\u00ed doma, i kdy\u017e tam s n\u00edm p\u0159ece z\u016fst\u00e1vala. A sn\u011bhul\u00e1k p\u0159ed domem (kter\u00e9ho nikdo z nich rozhodn\u011b nepostavil) m\u00e1 kolem krku omotanou jej\u00ed r\u016f\u017eovou \u0161\u00e1lu\u2026<\/p>\n<p>Na oslosk\u00e9m policejn\u00edm \u0159editelstv\u00ed dr\u017e\u00ed vrchn\u00ed komisa\u0159 Harry Hole v ruce dopis, kter\u00fd dostal na za\u010d\u00e1tku z\u00e1\u0159\u00ed: \u201eBrzy napadne prvn\u00ed sn\u00edh. A pak se Sn\u011bhul\u00e1k zase objev\u00ed. A\u017e sn\u00edh zmiz\u00ed, op\u011bt s sebou n\u011bkoho vezme.\u201c<\/p>\n<p>Brilantn\u00ed detektivka Sn\u011bhul\u00e1k m\u00e1 m\u00edsty bl\u00edzko k hororu. Chlad, d\u011bs a panika st\u0159\u00eddan\u00e1 frustrac\u00ed prostupuj\u00ed cel\u00fdm p\u0159\u00edb\u011bhem. Sn\u011bhul\u00e1k (vrah) je nepolapiteln\u00fd a d\u011bl\u00e1 \u0161\u00edlen\u00e9 v\u011bci, kter\u00e9 m\u00e1 p\u0159edem zatracen\u011b dob\u0159e promy\u0161len\u00e9. A jak je Nesb\u00f8ho zvykem, je neuh\u00e1dnuteln\u00fd a\u017e do sam\u00e9ho konce.<\/p>\n<p>O Sn\u011bhul\u00e1kovi (knize) plat\u00ed, \u017ee \u201ecesta je c\u00edl.\u201c Cel\u00fd p\u0159\u00edb\u011bh je spisovatelsk\u00fd koncert a vlastn\u011b v\u016fbec nejde o to, kdo je vrah, ale jak na n\u011bj Harry Hole postupn\u011b p\u0159ich\u00e1z\u00ed.<\/p>\n<\/p>\n<p><a href=\"http:\/\/neoluxor.cz\/predobjednavky\/snehulak--14\/\" target=\"_blank\" rel=\"noopener\">Sn\u011bhul\u00e1k <\/a>je 7. d\u00edl voln\u00e9 s\u00e9rie detektivek s Harry Holem (prvn\u00ed 3 jsou rozebran\u00e9 a p\u0159ipravuje se nov\u00e9 vyd\u00e1n\u00ed, 4. je <a href=\"http:\/\/neoluxor.cz\/beletrie\/nemesis--91379\/\" target=\"_blank\" rel=\"noopener\">Nemesis<\/a>, navazuje <a href=\"http:\/\/neoluxor.cz\/beletrie\/pentagram--92764\/\" target=\"_blank\" rel=\"noopener\">Pentagram <\/a>a <a href=\"http:\/\/neoluxor.cz\/beletrie\/spasitel--168588\/\" target=\"_blank\" rel=\"noopener\">Spasitel<\/a>), znalost p\u0159edchoz\u00edch d\u00edl\u016f ale \u010dten\u00e1\u0159i sch\u00e1zet nebude. Sn\u011bhul\u00e1k funguje velmi samostatn\u011b a jako zat\u00edm jedinou \u010d\u00e1st s\u00e9rie jej brzy \u010dek\u00e1 filmov\u00e9 zpracov\u00e1n\u00ed (v re\u017eii Martina Scorseseho).<\/p>\n<h3>Jo Nesb\u00f8<\/h3>\n<p>Norsk\u00fd spisovatel a hudebn\u00edk <a href=\"http:\/\/neoluxor.cz\/vyhledavani\/?query=nesbo+jo\" target=\"_blank\" rel=\"noopener\">Jo Nesb\u00f8<\/a> d\u0159\u00edve pracoval jako makl\u00e9\u0159 a novin\u00e1\u0159. V sou\u010dasn\u00e9 dob\u011b pat\u0159\u00ed mezi nejobl\u00edben\u011bj\u0161\u00ed autory detektivek v \u010cR, rodn\u00e9m Norsku i ve sv\u011bt\u011b. Jeho knihy vych\u00e1zej\u00ed v 35 jazyc\u00edch ve 140 zem\u00edch a prod\u00e1vaj\u00ed se po milionech.<\/p>\n<p>Liter\u00e1rn\u00ed kari\u00e9ru odstartoval v roce 1997 detektivkou Netop\u00fd\u0159\u00ed mu\u017e, kter\u00e1 z\u00e1rove\u0148 otev\u0159ela s\u00e9rii s Harry Holem. Krom\u011b nich vydal i rom\u00e1n <a href=\"http:\/\/neoluxor.cz\/beletrie\/lovci-hlav--102680\/\" target=\"_blank\" rel=\"noopener\">Lovci hlav<\/a> s nov\u00fdm hlavn\u00edm hrdinou Rogerem Brownem a pracuje na s\u00e9rii d\u011btsk\u00fdch knih s Doktorem Proktorem (<a href=\"http:\/\/neoluxor.cz\/detske\/doktor-proktor-a-prdici-prasek--165607\/\" target=\"_blank\" rel=\"noopener\">Doktor Proktor a prdic\u00ed pr\u00e1\u0161ek<\/a>, <a href=\"http:\/\/neoluxor.cz\/detske\/doktor-proktor-a-vana-casu--178306\/\" target=\"_blank\" rel=\"noopener\">Doktor Proktor a vana \u010dasu<\/a> \u2013 dal\u0161\u00ed se p\u0159ipravuj\u00ed).<br \/>Zaj\u00edmav\u00e1 je i jeho hudebn\u00ed dr\u00e1ha: Vydal 1 s\u00f3lov\u00e9 album (Karusellmusikk, 2001) a celkem 5 alb s kapelou Di Derre, v n\u00ed\u017e p\u016fsob\u00ed jako zp\u011bv\u00e1k a kytarista. Muzika hraje d\u016fle\u017eitou roli i v jeho knih\u00e1ch.<\/p><\/p>\n","protected":false},"excerpt":{"rendered":"<p>Sn\u011bhul\u00e1k m\u00e1 v\u0161echny aspekty dobr\u00e9 detektivky: n\u011bkolik z\u00e1hadn\u00fdch vra\u017ed, vraha se zatracen\u011b dobr\u00fdm d\u016fvodem, zap\u00e1len\u00e9ho detektiva, ne\u010dekanou pointu a chytlavou atmosf\u00e9ru. Dal\u0161\u00ed Nesb\u00f8ho p\u0159\u00edb\u011bh rozhodn\u011b stoj\u00ed za pozornost.<\/p>\n","protected":false},"author":2,"featured_media":0,"comment_status":"open","ping_status":"open","sticky":false,"template":"","format":"standard","meta":{"_acf_changed":false,"_monsterinsights_skip_tracking":false,"_monsterinsights_sitenote_active":false,"_monsterinsights_sitenote_note":"","_monsterinsights_sitenote_category":0,"_EventAllDay":false,"_EventTimezone":"","_EventStartDate":"","_EventEndDate":"","_EventStartDateUTC":"","_EventEndDateUTC":"","_EventShowMap":false,"_EventShowMapLink":false,"_EventURL":"","_EventCost":"","_EventCostDescription":"","_EventCurrencySymbol":"","_EventCurrencyCode":"","_EventCurrencyPosition":"","_EventDateTimeSeparator":"","_EventTimeRangeSeparator":"","_EventOrganizerID":[],"_EventVenueID":[],"_OrganizerEmail":"","_OrganizerPhone":"","_OrganizerWebsite":"","_VenueAddress":"","_VenueCity":"","_VenueCountry":"","_VenueProvince":"","_VenueState":"","_VenueZip":"","_VenuePhone":"","_VenueURL":"","_VenueStateProvince":"","_VenueLat":"","_VenueLng":"","_VenueShowMap":false,"_VenueShowMapLink":false,"twitterCardType":"","cardImageID":0,"cardImage":"","cardTitle":"","cardDesc":"","cardImageAlt":"","cardPlayer":"","cardPlayerWidth":0,"cardPlayerHeight":0,"cardPlayerStream":"","cardPlayerCodec":"","footnotes":""},"categories":[7],"tags":[],"class_list":["post-2079","post","type-post","status-publish","format-standard","hentry","category-recenze"],"acf":{"related_products":null},"_links":{"self":[{"href":"https:\/\/www.luxor.cz\/blog\/wp-json\/wp\/v2\/posts\/2079","targetHints":{"allow":["GET"]}}],"collection":[{"href":"https:\/\/www.luxor.cz\/blog\/wp-json\/wp\/v2\/posts"}],"about":[{"href":"https:\/\/www.luxor.cz\/blog\/wp-json\/wp\/v2\/types\/post"}],"author":[{"embeddable":true,"href":"https:\/\/www.luxor.cz\/blog\/wp-json\/wp\/v2\/users\/2"}],"replies":[{"embeddable":true,"href":"https:\/\/www.luxor.cz\/blog\/wp-json\/wp\/v2\/comments?post=2079"}],"version-history":[{"count":0,"href":"https:\/\/www.luxor.cz\/blog\/wp-json\/wp\/v2\/posts\/2079\/revisions"}],"wp:attachment":[{"href":"https:\/\/www.luxor.cz\/blog\/wp-json\/wp\/v2\/media?parent=2079"}],"wp:term":[{"taxonomy":"category","embeddable":true,"href":"https:\/\/www.luxor.cz\/blog\/wp-json\/wp\/v2\/categories?post=2079"},{"taxonomy":"post_tag","embeddable":true,"href":"https:\/\/www.luxor.cz\/blog\/wp-json\/wp\/v2\/tags?post=2079"}],"curies":[{"name":"wp","href":"https:\/\/api.w.org\/{rel}","templated":true}]}}