{"id":2078,"date":"2012-09-17T07:00:00","date_gmt":"2012-09-17T05:00:00","guid":{"rendered":"https:\/\/www.luxor.cz\/blog\/nezarazene\/chcete-mit-doma-neklidneho-muze-mame-jich-pro-vas-pet\/"},"modified":"2023-01-06T16:19:23","modified_gmt":"2023-01-06T15:19:23","slug":"chcete-mit-doma-neklidneho-muze-mame-jich-pro-vas-pet-122","status":"publish","type":"post","link":"https:\/\/www.luxor.cz\/blog\/souteze\/chcete-mit-doma-neklidneho-muze-mame-jich-pro-vas-pet-122\/","title":{"rendered":"Chcete m\u00edt doma \u201eNeklidn\u00e9ho mu\u017ee\u201c? M\u00e1me jich pro v\u00e1s p\u011bt!"},"content":{"rendered":"<p>Jak jste se ji\u017e mohli do\u010d\u00edst v <a href=\"http:\/\/neoluxor.cz\/blog\/recenze\/henning-mankell-neklidny-muz--120\/\" target=\"_blank\" rel=\"noopener\">na\u0161i recenzi<\/a>, Neklidn\u00fd mu\u017e je kniha, kter\u00e1 m\u00e1 v\u0161e, co m\u00e1 dobr\u00fd thriller m\u00edt. Nap\u011bt\u00ed, tajemstv\u00ed, v\u00fdraznou postavu (v tomto p\u0159\u00edpad\u011b komisa\u0159e Wallandera) a \u010dtiv\u00fd d\u011bj. V\u00edme, \u017ee r\u00e1di sout\u011b\u017e\u00edte a tak si s n\u00e1mi o tuto knihu m\u016f\u017eete zahr\u00e1t.<\/p>\n<p><a href=\"http:\/\/neoluxor.cz\/vyhledavani\/?query=Mankell+Henning\" target=\"_blank\" rel=\"noopener\">Henning Mankell<\/a> je velmi zaj\u00edmav\u00e1 osobnost a d\u00edky na\u0161\u00ed sout\u011b\u017ei se o n\u011bm dozv\u00edte n\u011bco v\u00edc. V\u011bd\u011bli jste o tom, \u017ee zalo\u017eil filmovou spole\u010dnost? Nebo kolik knih s komisa\u0159em Wallanderem napsal? Na toto v\u0161echno se v\u00e1s budeme pt\u00e1t, a spr\u00e1vn\u00e9 odpov\u011bdi v\u00e1s mohou dov\u00e9st k \u00fa\u010dasti na slosov\u00e1n\u00ed.<\/p>\n<p>Posledn\u00edm sout\u011b\u017en\u00edm dnem je <strong>ned\u011ble, 23. \u0159\u00edjna 2012<\/strong>. P\u0159ipravili jsme pro v\u00e1s p\u011bt ot\u00e1zek a do slosov\u00e1n\u00ed bude za\u0159azen ka\u017ed\u00fd, kdo odpov\u00ed na v\u0161echny z nich spr\u00e1vn\u011b. Nejedn\u00e1 se o nic t\u011b\u017ek\u00e9ho, odpov\u011bdi na n\u011bkter\u00e9 z nich najdete i ve zmi\u0148ovan\u00e9 recenzi. V\u00fdherci budou po skon\u010den\u00ed sout\u011b\u017ee obezn\u00e1meni a <strong>pro v\u00fdhry si mohou p\u0159ij\u00edt do Pal\u00e1ci knih Luxor na V\u00e1clavsk\u00e9m n\u00e1m\u011bst\u00ed v Praze.<\/strong><\/p>\n<p>A pozor, nen\u00ed to jedin\u00e1 v\u00fdhra! V knize od n\u00e1s dostanete speci\u00e1ln\u00ed z\u00e1lo\u017eku, kterou jsme p\u0159ipravili k des\u00e1t\u00e9mu v\u00fdro\u010d\u00ed Pal\u00e1ce knih Luxor. Nal\u00e1kat v\u00e1s tak\u00e9 m\u016f\u017ee <a href=\"http:\/\/neoluxor.cz\/beletrie\/cinan--85414\/#ukazka-z-knihy\" target=\"_blank\" rel=\"noopener\">kr\u00e1tk\u00e1 uk\u00e1zka z knihy.<\/a><\/p>\n<p>P\u0159ejeme v\u00e1m hodn\u011b \u0161t\u011bst\u00ed.<\/p>\n","protected":false},"excerpt":{"rendered":"<p>P\u0159ipravili jsme pro v\u00e1s sout\u011b\u017e o novinku \u201eNeklidn\u00fd mu\u017e\u201c \u0161v\u00e9dsk\u00e9ho mistra thrilleru Henninga Mankella.<\/p>\n","protected":false},"author":2,"featured_media":0,"comment_status":"open","ping_status":"open","sticky":false,"template":"","format":"standard","meta":{"_acf_changed":false,"_monsterinsights_skip_tracking":false,"_monsterinsights_sitenote_active":false,"_monsterinsights_sitenote_note":"","_monsterinsights_sitenote_category":0,"_EventAllDay":false,"_EventTimezone":"","_EventStartDate":"","_EventEndDate":"","_EventStartDateUTC":"","_EventEndDateUTC":"","_EventShowMap":false,"_EventShowMapLink":false,"_EventURL":"","_EventCost":"","_EventCostDescription":"","_EventCurrencySymbol":"","_EventCurrencyCode":"","_EventCurrencyPosition":"","_EventDateTimeSeparator":"","_EventTimeRangeSeparator":"","_EventOrganizerID":[],"_EventVenueID":[],"_OrganizerEmail":"","_OrganizerPhone":"","_OrganizerWebsite":"","_VenueAddress":"","_VenueCity":"","_VenueCountry":"","_VenueProvince":"","_VenueState":"","_VenueZip":"","_VenuePhone":"","_VenueURL":"","_VenueStateProvince":"","_VenueLat":"","_VenueLng":"","_VenueShowMap":false,"_VenueShowMapLink":false,"twitterCardType":"","cardImageID":0,"cardImage":"","cardTitle":"","cardDesc":"","cardImageAlt":"","cardPlayer":"","cardPlayerWidth":0,"cardPlayerHeight":0,"cardPlayerStream":"","cardPlayerCodec":"","footnotes":""},"categories":[9],"tags":[],"class_list":["post-2078","post","type-post","status-publish","format-standard","hentry","category-souteze"],"acf":{"related_products":null},"_links":{"self":[{"href":"https:\/\/www.luxor.cz\/blog\/wp-json\/wp\/v2\/posts\/2078","targetHints":{"allow":["GET"]}}],"collection":[{"href":"https:\/\/www.luxor.cz\/blog\/wp-json\/wp\/v2\/posts"}],"about":[{"href":"https:\/\/www.luxor.cz\/blog\/wp-json\/wp\/v2\/types\/post"}],"author":[{"embeddable":true,"href":"https:\/\/www.luxor.cz\/blog\/wp-json\/wp\/v2\/users\/2"}],"replies":[{"embeddable":true,"href":"https:\/\/www.luxor.cz\/blog\/wp-json\/wp\/v2\/comments?post=2078"}],"version-history":[{"count":0,"href":"https:\/\/www.luxor.cz\/blog\/wp-json\/wp\/v2\/posts\/2078\/revisions"}],"wp:attachment":[{"href":"https:\/\/www.luxor.cz\/blog\/wp-json\/wp\/v2\/media?parent=2078"}],"wp:term":[{"taxonomy":"category","embeddable":true,"href":"https:\/\/www.luxor.cz\/blog\/wp-json\/wp\/v2\/categories?post=2078"},{"taxonomy":"post_tag","embeddable":true,"href":"https:\/\/www.luxor.cz\/blog\/wp-json\/wp\/v2\/tags?post=2078"}],"curies":[{"name":"wp","href":"https:\/\/api.w.org\/{rel}","templated":true}]}}