{"id":2076,"date":"2012-09-12T17:31:00","date_gmt":"2012-09-12T15:31:00","guid":{"rendered":"https:\/\/www.luxor.cz\/blog\/nezarazene\/henning-mankell-neklidny-muz\/"},"modified":"2023-01-06T16:19:32","modified_gmt":"2023-01-06T15:19:32","slug":"henning-mankell-neklidny-muz-120","status":"publish","type":"post","link":"https:\/\/www.luxor.cz\/blog\/recenze\/henning-mankell-neklidny-muz-120\/","title":{"rendered":"Henning Mankell: Neklidn\u00fd mu\u017e"},"content":{"rendered":"<\/p>\n<p >Asi byste necht\u011bli b\u00fdt v k\u016f\u017ei komisa\u0159e Wallandera. Bl\u00ed\u017e\u00ed  se k d\u016fchodu, jeho osobn\u00ed \u017eivot nen\u00ed nej\u0161\u0165astn\u011bj\u0161\u00ed, a je\u0161t\u011b ud\u011blal velkou  profesn\u00ed chybu. V hospod\u011b zapomn\u011bl svou pistoli. Rozb\u011bhlo se vy\u0161et\u0159ov\u00e1n\u00ed a  Wallander se odebral na nucenou dovolenou. Souhra ud\u00e1lost\u00ed ho ale vr\u00e1t\u00ed zp\u00e1tky  k jeho pr\u00e1ci: Jednoho dne zmiz\u00ed otec jeho nast\u00e1vaj\u00edc\u00edho \u0161vagra, vyslou\u017eil\u00fd  vysoce postaven\u00fd n\u00e1mo\u0159n\u00ed d\u016fstojn\u00edk.<\/p>\n<p >Wallander se pou\u0161t\u00ed do rozpl\u00e9t\u00e1n\u00ed p\u0159\u00edpadu, vztah\u016f a  hlavn\u011b: minulosti. Odhaluje pozad\u00ed d\u00e1vno polozapomenut\u00fdch ud\u00e1lost\u00ed, z doby  studen\u00e9 v\u00e1lky. T\u011bsn\u011b p\u0159ed zmizen\u00edm se mu Hakan von Enke sv\u011b\u0159il s d\u00e1vn\u00fdm  p\u0159\u00edb\u011bhem, ve kter\u00e9m studen\u00e1 v\u00e1lka uk\u00e1zala svou ne\u010dekanou tv\u00e1\u0159. Do \u0161v\u00e9dsk\u00fdch  kr\u00e1lovsk\u00fdch vod pronikla sov\u011btsk\u00e1 ponorka a z nejvy\u0161\u0161\u00edch m\u00edst p\u0159i\u0161el  nekompromisn\u00ed rozkaz: St\u00e1hnout se a nezasahovat.<\/p>\n<p >V knize Neklidn\u00fd mu\u017e <a href=\"http:\/\/neoluxor.cz\/vyhledavani\/?query=henning+mankell\" target=\"_blank\" rel=\"noopener\">Henning Mankell<\/a> vypr\u00e1v\u00ed p\u0159\u00edb\u011bh  mezin\u00e1rodn\u00ed politiky, ale tak\u00e9 p\u0159\u00edb\u011bh zest\u00e1rl\u00e9ho komisa\u0159e, kter\u00fd je proslaven\u00fd  nejen sv\u00fdmi schopnostmi a \u00fasp\u011bchy, ale tak\u00e9 svou kontroverzn\u00ed minulost\u00ed.  Henning Mankell napsal u\u017e 11 p\u0159\u00edpad\u016f s komisa\u0159em Wallanderem, toto je posledn\u00ed  z nich. Nezn\u00e1me sice p\u0159edchoz\u00ed v\u00fdvoj t\u00e9to postavy, ale Mankell dovedl jeho  osobnost popsat natolik dob\u0159e, \u017ee m\u00e1te pocit, jako byste ho znali n\u011bkolik let.<\/p>\n<p >Neklidn\u00fd mu\u017e m\u00e1 v\u0161echno, co m\u00e1 dobr\u00fd detektivn\u00ed thriller  m\u00edt. Postupn\u011b odhalovan\u00fd p\u0159\u00edb\u011bh, d\u011bjov\u00e9 zvraty, zaj\u00edmav\u00e9 postavy a p\u0159esah. P\u0159ed  naps\u00e1n\u00edm prvn\u00edho p\u0159\u00edb\u011bhu s Kurtem Wallanderem se Henning Mankell zeptal: Co se  to stalo se \u0161v\u00e9dskou spole\u010dnost\u00ed? Sv\u00fdmi knihami se sna\u017e\u00ed hledat odpov\u011b\u010f.  Formou, kter\u00e1 bav\u00ed \u010dten\u00e1\u0159e po cel\u00e9m sv\u011bt\u011b.<\/p>\n<\/p>\n<p>                <a href=\"http:\/\/issuu.com\/hostbrno\/docs\/neklidny_muz_-_ukazka?mode=window&#038;backgroundColor=%23222222\" target=\"_blank\" rel=\"noopener noreferrer\">Open publication<\/a> &#8211; Free <a href=\"http:\/\/issuu.com\" target=\"_blank\" rel=\"noopener noreferrer\">publishing<\/a> &#8211; <a href=\"http:\/\/issuu.com\/search?q=host\" target=\"_blank\" rel=\"noopener noreferrer\">More host<\/a>    <\/p>\n<\/p>\n<h3>O autorovi<\/h3>\n<p >Postavu Kurta Wallandera vytvo\u0159il Mankell na  po\u010d\u00e1tku 90. let slav\u00ed s\u00a0n\u00ed \u00fasp\u011bch nejen ve sv\u00e9m rodn\u00e9m \u0160v\u00e9dsku. Krimin\u00e1ln\u00ed  p\u0159\u00edpady z jeho rom\u00e1n\u016f jsou v\u017edy zpr\u00e1vou o probl\u00e9mech \u0161v\u00e9dsk\u00e9 spole\u010dnosti &#8211;  stoupaj\u00edc\u00ed n\u00e1sil\u00ed, rasismus a dal\u0161\u00ed jevy zn\u00e1m\u00e9 po cel\u00e9m sv\u011bt\u011b.<\/p>\n<p >\n<p >Henning Mankell je tak\u00e9 herec, divadeln\u00ed re\u017eis\u00e9r  a mana\u017eer. V \u010desk\u00e9m p\u0159ekladu vy\u0161ly u\u017e dv\u011b jeho knihy &#8211; \u010c\u00ed\u0148an z roku 2011 a  Mrtv\u00ed ve \u010dlunu z roku 2005. Zalo\u017eil filmovou spole\u010dnost Yellow Bird, kter\u00e1  produkuje filmov\u00e9 adaptace jeho vlastn\u00edch rom\u00e1n\u016f (zat\u00edm dev\u011bt film\u016f  s\u00a0Kurtem Wallanderem) i d\u011bl <a href=\"http:\/\/neoluxor.cz\/vyhledavani\/?query=stieg+larsson\" target=\"_blank\" rel=\"noopener\">Stiega Larssona<\/a> a <a href=\"http:\/\/neoluxor.cz\/vyhledavani\/?query=jo+nesbo\" target=\"_blank\" rel=\"noopener\">Joa Nesb\u00f8ho<\/a>.<\/p>\n<p >\n<p >\n<p >Hodnocen\u00ed: 80%<\/p><\/p>\n","protected":false},"excerpt":{"rendered":"<p>Eso \u0161v\u00e9dsk\u00e9 literatury Henning Mankell je zp\u00e1tky s novou knihou v \u010de\u0161tin\u011b! V knize Neklidn\u00fd mu\u017e se postupn\u011b vyno\u0159uj\u00ed zapomenut\u00e1 tajemstv\u00ed studen\u00e9 v\u00e1lky, v jejich\u017e st\u0159edu se ocitne u\u017e tak dost \u017eivotem poznamenan\u00fd komisa\u0159 Kurt Wallander .<\/p>\n","protected":false},"author":2,"featured_media":0,"comment_status":"open","ping_status":"open","sticky":false,"template":"","format":"standard","meta":{"_acf_changed":false,"_monsterinsights_skip_tracking":false,"_monsterinsights_sitenote_active":false,"_monsterinsights_sitenote_note":"","_monsterinsights_sitenote_category":0,"_EventAllDay":false,"_EventTimezone":"","_EventStartDate":"","_EventEndDate":"","_EventStartDateUTC":"","_EventEndDateUTC":"","_EventShowMap":false,"_EventShowMapLink":false,"_EventURL":"","_EventCost":"","_EventCostDescription":"","_EventCurrencySymbol":"","_EventCurrencyCode":"","_EventCurrencyPosition":"","_EventDateTimeSeparator":"","_EventTimeRangeSeparator":"","_EventOrganizerID":[],"_EventVenueID":[],"_OrganizerEmail":"","_OrganizerPhone":"","_OrganizerWebsite":"","_VenueAddress":"","_VenueCity":"","_VenueCountry":"","_VenueProvince":"","_VenueState":"","_VenueZip":"","_VenuePhone":"","_VenueURL":"","_VenueStateProvince":"","_VenueLat":"","_VenueLng":"","_VenueShowMap":false,"_VenueShowMapLink":false,"twitterCardType":"","cardImageID":0,"cardImage":"","cardTitle":"","cardDesc":"","cardImageAlt":"","cardPlayer":"","cardPlayerWidth":0,"cardPlayerHeight":0,"cardPlayerStream":"","cardPlayerCodec":"","footnotes":""},"categories":[7],"tags":[],"class_list":["post-2076","post","type-post","status-publish","format-standard","hentry","category-recenze"],"acf":{"related_products":null},"_links":{"self":[{"href":"https:\/\/www.luxor.cz\/blog\/wp-json\/wp\/v2\/posts\/2076","targetHints":{"allow":["GET"]}}],"collection":[{"href":"https:\/\/www.luxor.cz\/blog\/wp-json\/wp\/v2\/posts"}],"about":[{"href":"https:\/\/www.luxor.cz\/blog\/wp-json\/wp\/v2\/types\/post"}],"author":[{"embeddable":true,"href":"https:\/\/www.luxor.cz\/blog\/wp-json\/wp\/v2\/users\/2"}],"replies":[{"embeddable":true,"href":"https:\/\/www.luxor.cz\/blog\/wp-json\/wp\/v2\/comments?post=2076"}],"version-history":[{"count":0,"href":"https:\/\/www.luxor.cz\/blog\/wp-json\/wp\/v2\/posts\/2076\/revisions"}],"wp:attachment":[{"href":"https:\/\/www.luxor.cz\/blog\/wp-json\/wp\/v2\/media?parent=2076"}],"wp:term":[{"taxonomy":"category","embeddable":true,"href":"https:\/\/www.luxor.cz\/blog\/wp-json\/wp\/v2\/categories?post=2076"},{"taxonomy":"post_tag","embeddable":true,"href":"https:\/\/www.luxor.cz\/blog\/wp-json\/wp\/v2\/tags?post=2076"}],"curies":[{"name":"wp","href":"https:\/\/api.w.org\/{rel}","templated":true}]}}