{"id":2065,"date":"2012-08-02T09:56:00","date_gmt":"2012-08-02T07:56:00","guid":{"rendered":"https:\/\/www.luxor.cz\/blog\/nezarazene\/jussi-adler-olsen-zabijaci-druha-recenze\/"},"modified":"2023-01-06T16:19:32","modified_gmt":"2023-01-06T15:19:32","slug":"jussi-adler-olsen-zabijaci-druha-recenze-109","status":"publish","type":"post","link":"https:\/\/www.luxor.cz\/blog\/recenze\/jussi-adler-olsen-zabijaci-druha-recenze-109\/","title":{"rendered":"Jussi Adler-Olsen: Zabij\u00e1ci (druh\u00e1 recenze)"},"content":{"rendered":"<p>Druh\u00e1 detektivka Jussiho Adlera-Olsena (mo\u017en\u00e1 u\u017e jste \u010detli jeho <a href=\"http:\/\/neoluxor.cz\/beletrie\/zena-v-kleci--57899\/\" target=\"_blank\" rel=\"noopener\">\u017denu v kleci<\/a>) se vrac\u00ed do policejn\u00edho odd\u011blen\u00ed Q \u2013 odd\u011blen\u00ed d\u00e1vn\u00fdch p\u0159\u00edpad\u016f. Komisa\u0159 Carl M\u00f8rck vy\u0161et\u0159uje 20 let zapomenutou vra\u017edu. Kauza je d\u00e1vno uzav\u0159en\u00e1 a ve v\u011bzen\u00ed sed\u00ed \u010dlov\u011bk, kter\u00fd se k vra\u017ed\u011b p\u0159iznal. N\u011bco tady ale nesed\u00ed.<\/p>\n<p>Slo\u017eka s uzav\u0159en\u00fdm p\u0159\u00edpadem se jednoho dne objev\u00ed na M\u00f8rckov\u011b stole &#8211; n\u011bkomu o\u010dividn\u011b z\u00e1le\u017e\u00ed na tom, aby se n\u011bkdo vr\u00e1til ke dni, kdy byli brut\u00e1ln\u011b zavra\u017ed\u011bni bratr a sestra, studenti elitn\u00ed intern\u00e1tn\u00ed \u0161koly.<br \/>P\u00e1tr\u00e1n\u00ed odd\u011blen\u00ed Q n\u00e1s zav\u00e1d\u00ed k \u0161estici kamar\u00e1d\u016f, b\u00fdval\u00fdch spolu\u017e\u00e1k\u016f ob\u011bt\u00ed. Ukazuje se, \u017ee mezi jejich obl\u00edben\u00e9 kratochv\u00edle pat\u0159ilo a pat\u0159\u00ed bezd\u016fvodn\u00e9 brut\u00e1ln\u00ed n\u00e1sil\u00ed p\u00e1chan\u00e9 na n\u00e1hodn\u011b vytipovan\u00fdch ob\u011btech. Z\u00e1rove\u0148 si v\u0161ak h\u00e1zej\u00ed klacky pod nohy a vz\u00e1jemn\u011b si vy\u0159izuj\u00ed sv\u00e9 pochybn\u00e9 \u00fa\u010dty.<\/p>\n<p>Krom\u011b vy\u0161et\u0159ov\u00e1n\u00ed n\u00e1s autor prov\u00e1d\u00ed slo\u017eit\u00fdm \u017eivotn\u00edm p\u0159\u00edb\u011bhem samotn\u00e9ho Carla M\u00f8rcka. Jednotliv\u00e9 linie propojuje lehce a bez ru\u0161iv\u00fdch moment\u016f. Oproti jin\u00fdm seversk\u00fdm detektivk\u00e1m pak v Zabij\u00e1c\u00edch \u00a0naraz\u00edte i na vylo\u017een\u011b z\u00e1bavn\u00e9 pas\u00e1\u017ee, kter\u00fdm se od srdce zasm\u011bjete.<\/p>\n<h3>Jussi Adler-Olsen<\/h3>\n<\/p>\n<p>Jussi Adler-Olsen je jeden z nej\u00fasp\u011b\u0161n\u011bj\u0161\u00edch sou\u010dasn\u00fdch autor\u016f z D\u00e1nska. Vystudoval politologii a pracoval jako redaktor a nakladatel. V sou\u010dasn\u00e9 dob\u011b se v\u011bnuje probl\u00e9m\u016fm, kter\u00e9 rezonuj\u00ed v d\u00e1nsk\u00e9 spole\u010dnosti. Za sv\u016fj liter\u00e1rn\u00ed vzor pova\u017euje Dicka Francise. Narodil se v roce 1950 a \u017eije v Kodani.<\/p>\n","protected":false},"excerpt":{"rendered":"<p>Podlehli jste mrazen\u00ed seversk\u00fdch detektivek? Pak v\u00e1m doporu\u010dujeme Zabij\u00e1ky. Komisa\u0159 Carl M\u00f8rck rozpl\u00e9t\u00e1 dal\u0161\u00ed d\u00e1vno zapomenut\u00fd p\u0159\u00edpad.<\/p>\n","protected":false},"author":2,"featured_media":0,"comment_status":"open","ping_status":"open","sticky":false,"template":"","format":"standard","meta":{"_acf_changed":false,"_monsterinsights_skip_tracking":false,"_monsterinsights_sitenote_active":false,"_monsterinsights_sitenote_note":"","_monsterinsights_sitenote_category":0,"_EventAllDay":false,"_EventTimezone":"","_EventStartDate":"","_EventEndDate":"","_EventStartDateUTC":"","_EventEndDateUTC":"","_EventShowMap":false,"_EventShowMapLink":false,"_EventURL":"","_EventCost":"","_EventCostDescription":"","_EventCurrencySymbol":"","_EventCurrencyCode":"","_EventCurrencyPosition":"","_EventDateTimeSeparator":"","_EventTimeRangeSeparator":"","_EventOrganizerID":[],"_EventVenueID":[],"_OrganizerEmail":"","_OrganizerPhone":"","_OrganizerWebsite":"","_VenueAddress":"","_VenueCity":"","_VenueCountry":"","_VenueProvince":"","_VenueState":"","_VenueZip":"","_VenuePhone":"","_VenueURL":"","_VenueStateProvince":"","_VenueLat":"","_VenueLng":"","_VenueShowMap":false,"_VenueShowMapLink":false,"twitterCardType":"","cardImageID":0,"cardImage":"","cardTitle":"","cardDesc":"","cardImageAlt":"","cardPlayer":"","cardPlayerWidth":0,"cardPlayerHeight":0,"cardPlayerStream":"","cardPlayerCodec":"","footnotes":""},"categories":[7],"tags":[],"class_list":["post-2065","post","type-post","status-publish","format-standard","hentry","category-recenze"],"acf":{"related_products":null},"_links":{"self":[{"href":"https:\/\/www.luxor.cz\/blog\/wp-json\/wp\/v2\/posts\/2065","targetHints":{"allow":["GET"]}}],"collection":[{"href":"https:\/\/www.luxor.cz\/blog\/wp-json\/wp\/v2\/posts"}],"about":[{"href":"https:\/\/www.luxor.cz\/blog\/wp-json\/wp\/v2\/types\/post"}],"author":[{"embeddable":true,"href":"https:\/\/www.luxor.cz\/blog\/wp-json\/wp\/v2\/users\/2"}],"replies":[{"embeddable":true,"href":"https:\/\/www.luxor.cz\/blog\/wp-json\/wp\/v2\/comments?post=2065"}],"version-history":[{"count":0,"href":"https:\/\/www.luxor.cz\/blog\/wp-json\/wp\/v2\/posts\/2065\/revisions"}],"wp:attachment":[{"href":"https:\/\/www.luxor.cz\/blog\/wp-json\/wp\/v2\/media?parent=2065"}],"wp:term":[{"taxonomy":"category","embeddable":true,"href":"https:\/\/www.luxor.cz\/blog\/wp-json\/wp\/v2\/categories?post=2065"},{"taxonomy":"post_tag","embeddable":true,"href":"https:\/\/www.luxor.cz\/blog\/wp-json\/wp\/v2\/tags?post=2065"}],"curies":[{"name":"wp","href":"https:\/\/api.w.org\/{rel}","templated":true}]}}