{"id":2064,"date":"2012-08-01T09:27:00","date_gmt":"2012-08-01T07:27:00","guid":{"rendered":"https:\/\/www.luxor.cz\/blog\/nezarazene\/oslavte-s-nami-10-let-palace-knih-luxor\/"},"modified":"2023-01-06T16:19:32","modified_gmt":"2023-01-06T15:19:32","slug":"oslavte-s-nami-10-let-palace-knih-luxor-108","status":"publish","type":"post","link":"https:\/\/www.luxor.cz\/blog\/nezarazene\/oslavte-s-nami-10-let-palace-knih-luxor-108\/","title":{"rendered":"Oslavte s n\u00e1mi 10 let Pal\u00e1ce knih Luxor"},"content":{"rendered":"<\/p>\n<h2><\/h2>\n<h2>Steve Berry v\u00a0Luxoru<\/h2>\n<p><strong>30. srpna 2012 od 16 hodin v Caf\u00e9 Luxor.<\/strong><\/p>\n<p >U\u017e 30. srpna nav\u0161t\u00edv\u00ed Pal\u00e1c knih Luxor Steve Berry, slavn\u00fd americk\u00fd spisovatel. Bude jedn\u00edm z\u00a0prvn\u00edch gratulant\u016f a sou\u010dasn\u011b jeden z\u00a0na\u0161ich d\u00e1rk\u016f pro v\u00e1s. 30. 8. od 16 hodin si tak m\u016f\u017eete nechat podepsat knihu Steva Berryho, v\u010detn\u011b jeho novinky Kolumbova z\u00e1hada, kterou p\u0159ijede p\u0159edstavit.<\/p>\n<h2>Kolo \u0161t\u011bst\u00ed<\/h2>\n<p><strong>08:00 \u2013 21:00 v 1. pat\u0159e Pal\u00e1ce knih Luxor<\/strong><\/p>\n<p >P\u0159esto\u017ee m\u00e1me narozeniny, d\u00e1rky rozd\u00e1v\u00e1me my. Sou\u010d\u00e1st\u00ed paragonu Va\u0161eho n\u00e1kupu za minim\u00e1ln\u011b 499 K\u010d bude p\u0159\u00edpis oprav\u0148uj\u00edc\u00ed v\u00e1s k \u00fa\u010dasti v Kole \u0161t\u011bst\u00ed. \u010c\u00edm v\u00edce n\u00e1kup\u016f, t\u00edm v\u00edcekr\u00e1t si m\u016f\u017eete na Kole \u0161t\u011bst\u00ed zato\u010dit. A co vlastn\u011b m\u016f\u017eete vyhr\u00e1t?<\/p>\n<p >\n<p >\n<ul>\n<li>Bal\u00ed\u010dky \u0161koln\u00edch pot\u0159eb od zna\u010dky Pigna<\/li>\n<li>D\u00e1rkovou kazetu od Yves Rocher<\/li>\n<li>D\u00e1rkovou kni\u017en\u00ed pouk\u00e1zku<\/li>\n<li>D\u00e1rkov\u00fd bal\u00ed\u010dek od Manufaktury<\/li>\n<li>DVD od spole\u010dnosti Bontonfilm<\/li>\n<li>Knihu<\/li>\n<li>Kup\u00f3novou kn\u00ed\u017eku do Divadla  Radka Brzobohat\u00e9ho<\/li>\n<li>Lahev v\u00edna Cuv\u00e9e Neoluxor<\/li>\n<li>Mobiln\u00ed telefon Vodafone Smart II od Vodafone<\/li>\n<li>Monitor od zna\u010dky Samsung<\/li>\n<li>Poukaz na mas\u00e1\u017e od Shanti Thai Massage<\/li>\n<li>Poukaz na slevu na z\u00e1jezd od CK Canaria Travel<\/li>\n<li>Relaxa\u010dn\u00ed pobyt Shadiva of India s\u00a0ubytov\u00e1n\u00ed  v\u00a0luxusn\u00edm Lesn\u00edm apartm\u00e1nu pro 2 osoby od Legner hotelu Zv\u00e1novice<\/li>\n<li>Relaxa\u010dn\u00ed ritu\u00e1l v\u00a0Lesn\u00edch L\u00e1zn\u00edch od Legner hotelu  Zv\u00e1novice<\/li>\n<li>Ve\u010de\u0159i v\u00a0legend\u00e1rn\u00edm klubu Hard Rock Caf\u00e9<\/li>\n<li>V\u00edkendov\u00e9 zap\u016fj\u010den\u00ed vozu Peugeot 208 od spole\u010dnosti AV CAR<\/li>\n<li>VIP vstup do Pure JATOMI fitness Galerie Harfa nebo  Palladium<\/li>\n<li>Voucher do Coctail &#038; Music Baru Nebe Praha<\/li>\n<li>Voucher do kr\u00e1sn\u00e9 malostransk\u00e9 restaurace T\u0159i stolet\u00ed<\/li>\n<li>Voucher nebo slevovou kartu od KFC<\/li>\n<li>Vstupenky do divadla<\/li>\n<li>Vstupenky do kina Lucerna Praha<\/li>\n<\/ul>\n<p >\n<p >\n<p >\n<p >\n<p >\n<p >\n<p >\n<p >\n<p >\n<p >\n<p >\n<p >\n<p >\n<p >\n<p >\n<p >\n<p >\n<\/p>\n<p>Vyhr\u00e1v\u00e1 ka\u017ed\u00fd. \u010c\u00edm v\u00edce n\u00e1kup\u016f za 499,\u2013 K\u010d a v\u00edce, t\u00edm v\u00edcekr\u00e1t si na Kole \u0161t\u011bst\u00ed m\u016f\u017eete zato\u010dit.<\/p>\n<\/p>\n<h2>Sklenka v\u00edna ke knize<\/h2>\n<p><strong>08:00 \u2013 21:00 v Caf\u00e9 Luxor<\/strong><\/p>\n<p>Kupte si u n\u00e1s jakoukoliv knihu, a pozveme V\u00e1s na skleni\u010dku v\u00edna Cuv\u00e9e Neoluxor do na\u0161\u00ed kav\u00e1rny v prvn\u00edm pat\u0159e Pal\u00e1ce knih Luxor. Pokud tedy 5. 9. 2012 zakoup\u00edte v Pal\u00e1ci knih alespo\u0148 jednu knihu, a v Caf\u00e9 Luxor p\u0159edlo\u017e\u00edte paragon od tohoto n\u00e1kupu, zveme v\u00e1s na sklenku Cuv\u00e9e Neoluxor. Tato nab\u00eddka plat\u00ed pouze \u00a05. 9. po cel\u00fd den.<\/p>\n<\/p>\n<h2>Pomozte knihou!<\/h2>\n<p><strong>14:30 \u2013 17:30 v p\u0159\u00edzem\u00ed Pal\u00e1ce knih Luxor<\/strong><\/p>\n<p >Nemysl\u00edme jen na v\u00e1s, ale tak\u00e9 na ty, kte\u0159\u00ed se bez pomoci ostatn\u00edch neobejdou. A tak jsme pro v\u00e1s ve spolupr\u00e1ci s\u00a0na\u0161imi partnery p\u0159ipravili n\u00e1sleduj\u00edc\u00ed nab\u00eddku: Kupte si 5. z\u00e1\u0159\u00ed vybran\u00e9 knihy za speci\u00e1ln\u00ed cenu, a cel\u00fd v\u00fdt\u011b\u017eek z\u00a0tohoto prodeje p\u016fjde na dobro\u010dinn\u00e9 \u00fa\u010dely. Cenu knihy ur\u010dujete vy, a sami se tak rozhodnete, jak\u00fd bude v\u00e1s p\u0159\u00edsp\u011bvek. Minim\u00e1ln\u00ed cena knih je 100 K\u010d.\u00a0Ji\u017e nyn\u00ed se m\u016f\u017eete t\u011b\u0161it na prodej TOP titul\u016f z\u00a0rukou here\u010dky, zp\u011bva\u010dky a tak\u00e9 zakladatelky ob\u010dansk\u00e9ho sdru\u017een\u00ed La Sophia <strong>Yvetty Blanarovi\u010dov\u00e9<\/strong>. Za konto Bari\u00e9ry p\u0159ijde knihy prod\u00e1vat <strong>Jan Potm\u011b\u0161il<\/strong> a za Dialog Jesenius, obecn\u011b prosp\u011b\u0161nou spole\u010dnost <strong>Iva Kubelkov\u00e1. <\/strong>Mezi\u00a014:30 a 17:30 bude knihy prod\u00e1vat v\u017edy jeden z t\u011bchto patron\u016f, a v\u00fdt\u011b\u017eek z prodeje p\u016fjde nadaci, kterou zastupuje.\u00a0<strong>Knihy prod\u00e1van\u00e9 z\u00a0rukou patron\u016f Nada\u010dn\u00edch fond\u016f lze  platit pouze v\u00a0hotovosti! Nelze platit platebn\u00ed kartou! <\/strong>Jedn\u00e1 se o knihy s\u00a0auk\u010dn\u00ed vyvol\u00e1vac\u00ed cenou 100,- K\u010d,  kone\u010dn\u00e1 prodejn\u00ed cena ka\u017ed\u00e9 z knih se m\u016f\u017ee b\u011bhem prodeje navy\u0161ovat. Cel\u00fd  v\u00fdt\u011b\u017eek z\u00a0tohoto prodeje poputuje na Nada\u010dn\u00ed fond, kter\u00fd konkr\u00e9tn\u00ed  osobnost zastupuje.<\/p>\n<\/p>\n<\/p>\n<p >\n<h2>P\u0159edstaven\u00ed knihy Portrait Gallery &#8211; 46 \u010cech\u016f<\/h2>\n<p><strong>15:30 &#8211; 16:30<\/strong><\/p>\n<p>5. z\u00e1\u0159\u00ed od 15:30  p\u0159edstav\u00edme v Caf\u00e9 Luxor v\u00a01. pat\u0159e Pal\u00e1ce knih Luxor knihu Portrait  Gallery &#8211; 46 \u010cech\u016f, kter\u00e1 byla vyd\u00e1na neziskovou organizac\u00ed Dialog Jessenius,  o.p.s.\u00a0Sou\u010dasn\u011b s t\u00edmto Iva Kubelkov\u00e1  a Helena T\u0159e\u0161t\u00edkov\u00e1\u00a0zah\u00e1j\u00ed v\u00fdstavu velkoform\u00e1tov\u00fdch portr\u00e9t\u016f z t\u00e9to knihy.<\/p>\n<\/p>\n<h2>Brownies od Hard Rock Caf\u00e9<\/h2>\n<p><strong>13:00 &#8211; 19:00<\/strong><\/p>\n<\/p>\n<p >Legend\u00e1rn\u00ed klub Hard Rock  Caf\u00e9 pro v\u00e1s p\u0159ipravil ochutn\u00e1vku skv\u011bl\u00fdch americk\u00fdch brownies v\u00a0pr\u016fb\u011bhu  dne.<\/p>\n<p >\n<h2>St\u00e1nek Yves Rocher  s\u00a0prodejem kosmetiky a poradenstv\u00edm<\/h2>\n<p><strong>13:00 \u2013 19:00<\/strong><\/p>\n<p>Yves Rocher \u2013 tv\u016frce  rostlinn\u00e9 kosmetiky nab\u00edz\u00ed v\u00fdrobky z\u00a0p\u00e9\u010de o\u00a0obli\u010dej, o\u00a0t\u011blo,  d\u00e1msk\u00e9 i\u00a0p\u00e1nsk\u00e9 parf\u00e9my, l\u00ed\u010den\u00ed a\u00a0ze\u0161t\u00edhlovac\u00ed p\u0159\u00edpravky. V\u00a0den  oslavy na\u0161ich narozenin si m\u016f\u017eete v\u00a0Pal\u00e1ci knih Luxor zakoupit v\u00fdrobky  Yves Rocher za zv\u00fdhodn\u011bnou cenu. Sou\u010d\u00e1st\u00ed st\u00e1nku Yves Rocher bude i poradenstv\u00ed  v\u00a0oblasti kosmetiky a l\u00ed\u010den\u00ed.<\/p>\n<\/p>\n<h2>Hudba p\u0159ed Luxorem<\/h2>\n<p><strong>10:00 &#8211; 18:00<\/strong><\/p>\n<p>Mezi des\u00e1tou a osmn\u00e1ctou hodinou se m\u016f\u017eete p\u0159ed Pal\u00e1cem knih Luxor zastavit a poslechnout si hudbu, kterou pro v\u00e1s bude po celou dobu p\u0159ipravovat DJ.<\/p>\n<\/p>\n<h2>Prodlou\u017een\u00e1 otev\u00edrac\u00ed doba<\/h2>\n<p><strong>08:00 \u2013 21:00<\/strong><\/p>\n<p >5. z\u00e1\u0159\u00ed pro v\u00e1s o hodinu prot\u00e1hneme otev\u00edrac\u00ed dobu Pal\u00e1ce knih Luxor, a nen\u00ed to jen tak! Mezi 20 \u2013 21 hodinou m\u00e1te na cel\u00fd n\u00e1kup automatickou slevu 10%. Plat\u00ed to na v\u0161echny knihy a v\u0161echno zbo\u017e\u00ed, kter\u00e9 si u n\u00e1s koup\u00edte. Mezi osmou a dev\u00e1tou hodinou ve\u010dern\u00ed tak m\u016f\u017eete m\u00edt knihy za internetovou cenu. Slevy nelze s\u010d\u00edtat.<\/p>\n<p >Narozeninov\u00fdm dnem v\u00e1s budou prov\u00e1zet moder\u00e1to\u0159i Hanka Koutn\u00e1 a Honza Musil.<\/p>\n<\/p>\n<\/p>\n<p ><\/p>\n","protected":false},"excerpt":{"rendered":"<p>V l\u00e9t\u011b 2002 jsme navzdory ni\u010div\u00fdm z\u00e1plav\u00e1m, kter\u00e9 postihly i n\u00e1s, otev\u00edrali Pal\u00e1c knih Luxor. Letos si tak p\u0159ipom\u00edn\u00e1me u\u017e deset let, kdy jsme pro v\u00e1s otev\u0159eli nejv\u011bt\u0161\u00ed knihkupectv\u00ed ve st\u0159edn\u00ed Evrop\u011b. P\u0159ipravili jsme pro v\u00e1s bohat\u00fd narozeninov\u00fd program, ve kter\u00e9m si ka\u017ed\u00fd najde to svoje, a kde ka\u017ed\u00fd bude od n\u00e1s odm\u011bn\u011bn. Dnem D, kter\u00fd si poznamenejte do kalend\u00e1\u0159e, je 5. z\u00e1\u0159\u00ed.<\/p>\n","protected":false},"author":2,"featured_media":0,"comment_status":"open","ping_status":"open","sticky":false,"template":"","format":"standard","meta":{"_acf_changed":false,"_monsterinsights_skip_tracking":false,"_monsterinsights_sitenote_active":false,"_monsterinsights_sitenote_note":"","_monsterinsights_sitenote_category":0,"_EventAllDay":false,"_EventTimezone":"","_EventStartDate":"","_EventEndDate":"","_EventStartDateUTC":"","_EventEndDateUTC":"","_EventShowMap":false,"_EventShowMapLink":false,"_EventURL":"","_EventCost":"","_EventCostDescription":"","_EventCurrencySymbol":"","_EventCurrencyCode":"","_EventCurrencyPosition":"","_EventDateTimeSeparator":"","_EventTimeRangeSeparator":"","_EventOrganizerID":[],"_EventVenueID":[],"_OrganizerEmail":"","_OrganizerPhone":"","_OrganizerWebsite":"","_VenueAddress":"","_VenueCity":"","_VenueCountry":"","_VenueProvince":"","_VenueState":"","_VenueZip":"","_VenuePhone":"","_VenueURL":"","_VenueStateProvince":"","_VenueLat":"","_VenueLng":"","_VenueShowMap":false,"_VenueShowMapLink":false,"twitterCardType":"","cardImageID":0,"cardImage":"","cardTitle":"","cardDesc":"","cardImageAlt":"","cardPlayer":"","cardPlayerWidth":0,"cardPlayerHeight":0,"cardPlayerStream":"","cardPlayerCodec":"","footnotes":""},"categories":[1],"tags":[],"class_list":["post-2064","post","type-post","status-publish","format-standard","hentry","category-nezarazene"],"acf":{"related_products":null},"_links":{"self":[{"href":"https:\/\/www.luxor.cz\/blog\/wp-json\/wp\/v2\/posts\/2064","targetHints":{"allow":["GET"]}}],"collection":[{"href":"https:\/\/www.luxor.cz\/blog\/wp-json\/wp\/v2\/posts"}],"about":[{"href":"https:\/\/www.luxor.cz\/blog\/wp-json\/wp\/v2\/types\/post"}],"author":[{"embeddable":true,"href":"https:\/\/www.luxor.cz\/blog\/wp-json\/wp\/v2\/users\/2"}],"replies":[{"embeddable":true,"href":"https:\/\/www.luxor.cz\/blog\/wp-json\/wp\/v2\/comments?post=2064"}],"version-history":[{"count":0,"href":"https:\/\/www.luxor.cz\/blog\/wp-json\/wp\/v2\/posts\/2064\/revisions"}],"wp:attachment":[{"href":"https:\/\/www.luxor.cz\/blog\/wp-json\/wp\/v2\/media?parent=2064"}],"wp:term":[{"taxonomy":"category","embeddable":true,"href":"https:\/\/www.luxor.cz\/blog\/wp-json\/wp\/v2\/categories?post=2064"},{"taxonomy":"post_tag","embeddable":true,"href":"https:\/\/www.luxor.cz\/blog\/wp-json\/wp\/v2\/tags?post=2064"}],"curies":[{"name":"wp","href":"https:\/\/api.w.org\/{rel}","templated":true}]}}