{"id":2063,"date":"2012-07-30T15:55:00","date_gmt":"2012-07-30T13:55:00","guid":{"rendered":"https:\/\/www.luxor.cz\/blog\/nezarazene\/zavedli-jsme-osobni-odbery-v-hradci\/"},"modified":"2023-01-06T16:19:32","modified_gmt":"2023-01-06T15:19:32","slug":"zavedli-jsme-osobni-odbery-v-hradci-107","status":"publish","type":"post","link":"https:\/\/www.luxor.cz\/blog\/nezarazene\/zavedli-jsme-osobni-odbery-v-hradci-107\/","title":{"rendered":"Zavedli jsme osobn\u00ed odb\u011bry v Hradci!"},"content":{"rendered":"<\/p>\n<p >Pokud jste tedy  z\u00a0Hradce Kr\u00e1lov\u00e9 nebo bl\u00edzk\u00e9ho okol\u00ed, nemus\u00edte u\u017e utr\u00e1cet za po\u0161tovn\u00e9.  Zastavte se u n\u00e1s, v\u00a0pobo\u010dce Neoluxor Futurum v\u00a0Hradci Kr\u00e1lov\u00e9, kde  budete m\u00edt knihy ulo\u017eeny.<\/p>\n<p >Pokud si knihu rezervujete do 14:00, n\u00e1sleduj\u00edc\u00ed pracovn\u00ed den  by na v\u00e1s ji\u017e m\u011bla \u010dekat v\u00a0Hradci. <strong>O  \u00fasp\u011b\u0161n\u00e9m vy\u0159\u00edzen\u00ed va\u0161\u00ed rezervace v\u00e1s budeme informovat e-mailem. <\/strong>P\u00e1te\u010dn\u00ed rezervace po 14. hodin\u011b a v\u00edkendov\u00e9 rezervace budou p\u0159ipraveny n\u00e1sleduj\u00edc\u00ed \u00fater\u00fd (druh\u00fd pracovn\u00ed den).<\/p>\n<p >V\u011b\u0159\u00edme, \u017ee v\u00e1s tato novinka pot\u011b\u0161\u00ed. A na z\u00e1v\u011br pro v\u00e1s m\u00e1me  je\u0161t\u011b jednu dobrou zpr\u00e1vu: Ani p\u0159i osobn\u00edch odb\u011brech v\u00a0Hradci Kr\u00e1lov\u00e9 u  n\u00e1s neplat\u00edte \u017e\u00e1dn\u00fd manipula\u010dn\u00ed poplatek nav\u00edc.<\/p><\/p>\n","protected":false},"excerpt":{"rendered":"<p>Kdy\u017e jsme ned\u00e1vno otev\u00edrali na\u0161i pobo\u010dku v Hradci Kr\u00e1lov\u00e9, n\u011bkte\u0159\u00ed z na\u0161ich z\u00e1kazn\u00edk\u016f vyj\u00e1d\u0159ili sv\u00e9 p\u0159\u00e1n\u00ed, aby si mohli do hradeck\u00e9ho Neoluxoru chodit pro sv\u00e9 rezervace z na\u0161eho e-shopu. M\u00e1me pro v\u00e1s dobrou zpr\u00e1vu: Po\u010d\u00ednaje dne\u0161n\u00edm dnem jsme tedy mo\u017enosti osobn\u00edho odb\u011bru roz\u0161\u00ed\u0159ili pr\u00e1v\u011b o tuto na\u0161i pobo\u010dku.<\/p>\n","protected":false},"author":2,"featured_media":0,"comment_status":"open","ping_status":"open","sticky":false,"template":"","format":"standard","meta":{"_acf_changed":false,"_monsterinsights_skip_tracking":false,"_monsterinsights_sitenote_active":false,"_monsterinsights_sitenote_note":"","_monsterinsights_sitenote_category":0,"_EventAllDay":false,"_EventTimezone":"","_EventStartDate":"","_EventEndDate":"","_EventStartDateUTC":"","_EventEndDateUTC":"","_EventShowMap":false,"_EventShowMapLink":false,"_EventURL":"","_EventCost":"","_EventCostDescription":"","_EventCurrencySymbol":"","_EventCurrencyCode":"","_EventCurrencyPosition":"","_EventDateTimeSeparator":"","_EventTimeRangeSeparator":"","_EventOrganizerID":[],"_EventVenueID":[],"_OrganizerEmail":"","_OrganizerPhone":"","_OrganizerWebsite":"","_VenueAddress":"","_VenueCity":"","_VenueCountry":"","_VenueProvince":"","_VenueState":"","_VenueZip":"","_VenuePhone":"","_VenueURL":"","_VenueStateProvince":"","_VenueLat":"","_VenueLng":"","_VenueShowMap":false,"_VenueShowMapLink":false,"twitterCardType":"","cardImageID":0,"cardImage":"","cardTitle":"","cardDesc":"","cardImageAlt":"","cardPlayer":"","cardPlayerWidth":0,"cardPlayerHeight":0,"cardPlayerStream":"","cardPlayerCodec":"","footnotes":""},"categories":[1],"tags":[],"class_list":["post-2063","post","type-post","status-publish","format-standard","hentry","category-nezarazene"],"acf":{"related_products":null},"_links":{"self":[{"href":"https:\/\/www.luxor.cz\/blog\/wp-json\/wp\/v2\/posts\/2063","targetHints":{"allow":["GET"]}}],"collection":[{"href":"https:\/\/www.luxor.cz\/blog\/wp-json\/wp\/v2\/posts"}],"about":[{"href":"https:\/\/www.luxor.cz\/blog\/wp-json\/wp\/v2\/types\/post"}],"author":[{"embeddable":true,"href":"https:\/\/www.luxor.cz\/blog\/wp-json\/wp\/v2\/users\/2"}],"replies":[{"embeddable":true,"href":"https:\/\/www.luxor.cz\/blog\/wp-json\/wp\/v2\/comments?post=2063"}],"version-history":[{"count":0,"href":"https:\/\/www.luxor.cz\/blog\/wp-json\/wp\/v2\/posts\/2063\/revisions"}],"wp:attachment":[{"href":"https:\/\/www.luxor.cz\/blog\/wp-json\/wp\/v2\/media?parent=2063"}],"wp:term":[{"taxonomy":"category","embeddable":true,"href":"https:\/\/www.luxor.cz\/blog\/wp-json\/wp\/v2\/categories?post=2063"},{"taxonomy":"post_tag","embeddable":true,"href":"https:\/\/www.luxor.cz\/blog\/wp-json\/wp\/v2\/tags?post=2063"}],"curies":[{"name":"wp","href":"https:\/\/api.w.org\/{rel}","templated":true}]}}