{"id":20535,"date":"2023-03-29T17:50:03","date_gmt":"2023-03-29T15:50:03","guid":{"rendered":"https:\/\/www.luxor.cz\/blog\/?p=20535"},"modified":"2023-03-29T17:50:05","modified_gmt":"2023-03-29T15:50:05","slug":"miranda-cowley-heller-papirovy-palac-recenze","status":"publish","type":"post","link":"https:\/\/www.luxor.cz\/blog\/recenze\/miranda-cowley-heller-papirovy-palac-recenze\/","title":{"rendered":"D\u00e1t samu sebe na prvn\u00ed m\u00edsto? Recenze knihy Pap\u00edrov\u00fd pal\u00e1c"},"content":{"rendered":"\n<p><strong>Rom\u00e1nu Pap\u00edrov\u00fd pal\u00e1c autorky Mirandy Cowley Heller se po sv\u011bt\u011b se prodalo p\u0159es milion v\u00fdtisk\u016f a do sv\u00e9ho slavn\u00e9ho Book Clubu si ho vybrala i here\u010dka Reese Witherspoon \u2013 a te\u010f je kone\u010dn\u011b na sv\u011bt\u011b \u010desk\u00fd p\u0159eklad! P\u0159\u00edb\u011bh, kter\u00fd mnoz\u00ed p\u0159irovn\u00e1vaj\u00ed k obl\u00edben\u00e9mu rom\u00e1nu Kde zp\u00edvaj\u00ed raci, v\u00e1s chytne za srdce. Sv\u00e9 o tom v\u00ed i \u010dten\u00e1\u0159ka Jana, kter\u00e1 se s n\u00e1mi pod\u011blila o svou recenzi.<\/strong><\/p>\n\n\n\n<p><\/p>\n\n\n\n<div class=\"wp-block-columns is-layout-flex wp-container-core-columns-is-layout-1 wp-block-columns-is-layout-flex\">\n<div class=\"wp-block-column is-layout-flow wp-block-column-is-layout-flow\" style=\"flex-basis:33.33%\">\n<div class=\"wp-block-image\"><figure class=\"aligncenter size-large\"><a href=\"https:\/\/www.luxor.cz\/v\/1931870\/papirovy-palac\" target=\"_blank\" rel=\"noopener\"><img decoding=\"async\" src=\"https:\/\/img.luxor.cz\/detail_big\/1900\/900\/produkty\/9788024950334.webp?cbk=820031\" alt=\"\" title=\"\"><\/a><figcaption><a href=\"https:\/\/www.luxor.cz\/v\/1931870\/papirovy-palac\" target=\"_blank\" data-type=\"URL\" data-id=\"https:\/\/www.luxor.cz\/v\/1931870\/papirovy-palac\" rel=\"noreferrer noopener\">Pap\u00edrov\u00fd pal\u00e1c<\/a><\/figcaption><\/figure><\/div>\n<\/div>\n\n\n\n<div class=\"wp-block-column is-vertically-aligned-center is-layout-flow wp-block-column-is-layout-flow\" style=\"flex-basis:66.66%\">\n<p>\u017divoty n\u00e1s v\u0161ech jsou propleteny navz\u00e1jem. Ka\u017ed\u00fd \u010dlov\u011bk m\u00e1 sv\u016fj vlastn\u00ed p\u0159\u00edb\u011bh, kter\u00fd mu \u017eivot p\u00ed\u0161e od samotn\u00e9ho po\u010d\u00e1tku a\u017e do samotn\u00e9ho konce, a v\u0161echny z\u00a0nich tvo\u0159\u00ed jednu velkou knihovnu. Ka\u017ed\u00fd z\u00a0n\u00e1s m\u00e1 nav\u00edc ve sv\u00e9m p\u0159\u00edb\u011bhu m\u00edsto, kter\u00e9 pro n\u011bj znamen\u00e1 n\u011bco v\u00fdjime\u010dn\u00e9ho. M\u00edsto, jako je Pap\u00edrov\u00fd pal\u00e1c, kter\u00fd pro Elle znamen\u00e1 v\u0161echno.<\/p>\n\n\n\n<p><\/p>\n\n\n\n<div class=\"wp-block-buttons is-content-justification-center is-layout-flex wp-block-buttons-is-layout-flex\">\n<div class=\"wp-block-button\"><a class=\"wp-block-button__link has-white-color has-text-color has-background\" href=\"https:\/\/www.luxor.cz\/v\/1931870\/papirovy-palac\" style=\"background-color:#e35d7f\" target=\"_blank\" rel=\"noreferrer noopener\">P\u0159e\u010d\u00edst Pap\u00edrov\u00fd pal\u00e1c<\/a><\/div>\n<\/div>\n<\/div>\n<\/div>\n\n\n\n<p><\/p>\n\n\n\n<p>M\u00e1 t\u0159i d\u011bti, skv\u011bl\u00e9ho mu\u017ee, je j\u00ed pades\u00e1t a je na dovolen\u00e9 v\u00a0chatce u jezera, kde se m\u016f\u017ee st\u00e1t opravdu cokoli. Elle sem se svou rodinou a matkou jezd\u00ed \u010dasto, proto\u017ee tohle m\u00edsto je pro ni balz\u00e1mem pro du\u0161i. <strong>Pr\u00e1v\u011b sem se chce neust\u00e1le vracet, ka\u017ed\u00e9 l\u00e9to, ka\u017ed\u00fd rok a\u017e do konce sv\u00e9ho \u017eivota. <\/strong>Jen si to p\u0159edstavte \u2013 v\u0161ude okolo se rozprost\u00edr\u00e1 jen hust\u00fd les, luka, voda, po kter\u00e9 klou\u017eou paprsky zapadaj\u00edc\u00edho slunce, vytv\u00e1\u0159ej\u00edc\u00ed z\u00a0vody ten nejkr\u00e1sn\u011bj\u0161\u00ed drahokam. Je tu hlubok\u00e9 ticho, jen sem tam naraz\u00edte na p\u00e1r turist\u016f.<\/p>\n\n\n\n<p>I kdy\u017e to ale m\u016f\u017ee zn\u00edt jako dokonal\u00e9 m\u00edsto pro letn\u00ed dovolenou, p\u0159esn\u011b zde se \u017eivot Elle obr\u00e1t\u00ed vzh\u016fru nohama a bude nucena ud\u011blat \u017eivotn\u00ed volbu, kter\u00e1 j\u00ed byla ur\u010den\u00e1 u\u017e d\u00e1vno. Ot\u00e1zkou ale z\u016fst\u00e1v\u00e1: dok\u00e1\u017ee si Elle vybrat spr\u00e1vn\u011b? Dok\u00e1\u017ee <strong>d\u00e1t p\u0159ednost sama sob\u011b p\u0159ed \u017eivoty ostatn\u00edch, kter\u00e9 tolik miluje?<\/strong><\/p>\n\n\n\n<p><strong>Elle si v \u017eivot\u011b vytrp\u011bla sv\u00e9, spolu se svou miluj\u00edc\u00ed star\u0161\u00ed sestrou Annou a jejich matkou, kter\u00e1 d\u011blala v\u0161e pro to, aby se m\u011bly dob\u0159e. <\/strong>Co\u017e znamenalo p\u0159edev\u0161\u00edm spoustu man\u017eelstv\u00ed a rozvod\u016f. A v\u0161echny ty hezk\u00e9 i nehezk\u00e9 ud\u00e1losti, kter\u00e9 se Elle v\u00a0\u017eivot\u011b odehr\u00e1ly, z\u00a0n\u00ed postupn\u011b stvo\u0159ily \u017eenu, kterou je dnes a p\u0159ed kterou stoj\u00ed \u017eivotn\u00ed volba.<\/p>\n\n\n\n<p>\u017divot do jej\u00edho p\u0159\u00edb\u011bhu vep\u00ed\u0161e kapitolu, kter\u00e1 j\u00ed zkomplikuje cel\u00fd \u017eivot: <strong>str\u00e1v\u00ed noc se sv\u00fdm d\u00e1vn\u00fdm p\u0159\u00edtelem z\u00a0d\u011btstv\u00ed, Jonasem<\/strong> \u2013 mlad\u0161\u00edm kamar\u00e1dem, kter\u00fd tu pro ni v\u017edy byl a kter\u00fd k\u00a0n\u00ed choval city od doby, kdy se prvn\u011b setkali. Jak se tohle ale v\u016fbec mohlo st\u00e1t, nav\u00edc mezit\u00edm, co si v\u00a0dom\u011b Peter, p\u0159\u00edtel Elle, a Jonasova man\u017eelka pov\u00eddali? Nebo je to p\u0159ece jenom spr\u00e1vn\u011b? To je ot\u00e1zka, kterou si Elle mus\u00ed v\u00a0n\u00e1sleduj\u00edc\u00edch hodin\u00e1ch pravdiv\u011b zodpov\u011bd\u011bt.<\/p>\n\n\n\n<p>Po t\u00e9to ud\u00e1losti se j\u00ed v\u00a0hlav\u011b prom\u00edt\u00e1 cel\u00fd jej\u00ed dosavadn\u00ed \u017eivot, v\u0161echno to hezk\u00e9, co za\u017eila se svou matkou a sestrou Annou,<strong> i to stra\u0161n\u00e9, co si pro\u017eila se sv\u00fdm nevlastn\u00edm bratrem Conradem, ne\u017e ne\u0161\u0165astn\u011b zem\u0159el. <\/strong>Pak tu jsou ty nezapomenuteln\u00e9 chvilky pln\u00e9 radosti s\u00a0Jonasem, ale tak\u00e9 kr\u00e1sn\u00e9 okam\u017eiky str\u00e1ven\u00e9 s\u00a0Peterem. V\u0161echny vzestupy a p\u00e1dy, strasti a radosti, jako by j\u00ed tohle m\u00edsto cht\u011blo d\u00e1t co nejv\u00edce n\u00e1pov\u011bd k\u00a0tomu, aby se Elle v\u00a0n\u00e1sleduj\u00edc\u00edch hodin\u00e1ch rozhodla spr\u00e1vn\u011b a \u017eila \u017eivot, kter\u00fd opravdu pat\u0159\u00ed jen a jen j\u00ed samotn\u00e9.<\/p>\n\n\n\n<p>M\u00e1 se Peterovi p\u0159iznat? Jak by ale mohla? Kdy\u017e si vzpomene na jejich setk\u00e1n\u00ed, na jeho n\u00e1klonost a op\u011btovanou l\u00e1sku, <strong>jak by n\u011bkoho takov\u00e9ho mohla sv\u00fdmi \u010diny ranit?<\/strong> A co jej\u00ed t\u0159i rozmazlen\u00e9 d\u011bti, kter\u00e9 tolik miluje? Jedna jedin\u00e1 chyba, jedna jedin\u00e1 ud\u00e1lost a jeden \u00fa\u017easn\u00fd mu\u017e \u2013 a cel\u00fd jej\u00ed \u017eivot je najednou vzh\u016fru nohama.<\/p>\n\n\n\n<p>Pap\u00edrov\u00fd pal\u00e1c je kniha ps\u00e1na jako den\u00edk. \u010cten\u00e1\u0159 se vrac\u00ed do minulosti hlavn\u00ed hrdinky a pro\u017e\u00edv\u00e1 s\u00a0n\u00ed v\u0161echny z\u00e1\u017eitky \u2013 <strong>od samotn\u00e9ho d\u011btstv\u00ed a\u017e po sou\u010dasn\u00e9 dny, <\/strong>kter\u00e9 pro hlavn\u00ed hrdinku nejsou nic jednoduch\u00e9ho. Miranda Cowley Hellerov\u00e1 zvolila zaj\u00edmav\u00fd styl psan\u00ed, kter\u00fd spoust\u011b \u010dten\u00e1\u0159\u016fm ur\u010dit\u011b bude po chuti.<\/p>\n\n\n\n<p>Vzpom\u00ednky z&nbsp;minulosti a d\u011btstv\u00ed, prvn\u00ed l\u00e1ska, osudov\u00e1 setk\u00e1n\u00ed, drama a zvraty. P\u0159\u00edb\u011bhy ze \u017eivota maj\u00ed sv\u00e9 kouzlo a rozhodn\u011b stoj\u00ed za pozornost.<\/p>\n\n\n\n<p><strong>Pap\u00edrov\u00fd pal\u00e1c v\u00a0sob\u011b skute\u010dn\u011b skr\u00fdv\u00e1 v\u0161echno, co by m\u011bla nab\u00eddnout skv\u011bl\u00e1 kniha. Pokud tedy, mil\u00ed \u010dten\u00e1\u0159i, st\u00e1le v\u00e1h\u00e1te s\u00a0v\u00fdb\u011brem knihy pro za\u010d\u00ednaj\u00edc\u00ed jarn\u00ed dny a chcete svou knihovnu obohatit o p\u0159\u00edb\u011bh ze \u017eivota, kter\u00fd stoj\u00ed za p\u0159e\u010dten\u00ed, Pap\u00edrov\u00fd pal\u00e1c je s\u00e1zka na jistotu. A po jeho p\u0159e\u010dten\u00ed si m\u016f\u017eete sami polo\u017eit jistou ot\u00e1zku: co je ten v\u00e1\u0161 Pap\u00edrov\u00fd pal\u00e1c?<\/strong><\/p>\n\n\n\n<p><\/p>\n\n\n\n<div class=\"wp-block-buttons is-content-justification-center is-layout-flex wp-block-buttons-is-layout-flex\">\n<div class=\"wp-block-button\"><a class=\"wp-block-button__link has-white-color has-text-color has-background\" href=\"https:\/\/www.luxor.cz\/v\/1931870\/papirovy-palac\" style=\"background-color:#e35d7f\" target=\"_blank\" rel=\"noreferrer noopener\">P\u0159e\u010d\u00edst Pap\u00edrov\u00fd pal\u00e1c<\/a><\/div>\n<\/div>\n\n\n\n<p><\/p>\n\n\n\n<p><em>Autorkou recenze je Jana Vym\u011btal\u00edkov\u00e1. Redak\u010dn\u011b upraveno.<\/em><\/p>\n","protected":false},"excerpt":{"rendered":"<p>Rom\u00e1nu Pap\u00edrov\u00fd pal\u00e1c autorky Mirandy Cowley Heller se po sv\u011bt\u011b se prodalo p\u0159es milion v\u00fdtisk\u016f a do sv\u00e9ho slavn\u00e9ho Book Clubu si ho vybrala i here\u010dka Reese Witherspoon \u2013 a [&hellip;]<\/p>\n","protected":false},"author":9,"featured_media":20536,"comment_status":"open","ping_status":"open","sticky":false,"template":"","format":"standard","meta":{"_acf_changed":false,"_monsterinsights_skip_tracking":false,"_monsterinsights_sitenote_active":false,"_monsterinsights_sitenote_note":"","_monsterinsights_sitenote_category":0,"_EventAllDay":false,"_EventTimezone":"","_EventStartDate":"","_EventEndDate":"","_EventStartDateUTC":"","_EventEndDateUTC":"","_EventShowMap":false,"_EventShowMapLink":false,"_EventURL":"","_EventCost":"","_EventCostDescription":"","_EventCurrencySymbol":"","_EventCurrencyCode":"","_EventCurrencyPosition":"","_EventDateTimeSeparator":"","_EventTimeRangeSeparator":"","_EventOrganizerID":[],"_EventVenueID":[],"_OrganizerEmail":"","_OrganizerPhone":"","_OrganizerWebsite":"","_VenueAddress":"","_VenueCity":"","_VenueCountry":"","_VenueProvince":"","_VenueState":"","_VenueZip":"","_VenuePhone":"","_VenueURL":"","_VenueStateProvince":"","_VenueLat":"","_VenueLng":"","_VenueShowMap":false,"_VenueShowMapLink":false,"twitterCardType":"","cardImageID":0,"cardImage":"","cardTitle":"","cardDesc":"","cardImageAlt":"","cardPlayer":"","cardPlayerWidth":0,"cardPlayerHeight":0,"cardPlayerStream":"","cardPlayerCodec":"","footnotes":""},"categories":[7],"tags":[21645,52,18341,18361],"class_list":["post-20535","post","type-post","status-publish","format-standard","has-post-thumbnail","hentry","category-recenze","tag-beletrie","tag-kniha","tag-recenze","tag-roman"],"acf":{"related_products":null},"_links":{"self":[{"href":"https:\/\/www.luxor.cz\/blog\/wp-json\/wp\/v2\/posts\/20535","targetHints":{"allow":["GET"]}}],"collection":[{"href":"https:\/\/www.luxor.cz\/blog\/wp-json\/wp\/v2\/posts"}],"about":[{"href":"https:\/\/www.luxor.cz\/blog\/wp-json\/wp\/v2\/types\/post"}],"author":[{"embeddable":true,"href":"https:\/\/www.luxor.cz\/blog\/wp-json\/wp\/v2\/users\/9"}],"replies":[{"embeddable":true,"href":"https:\/\/www.luxor.cz\/blog\/wp-json\/wp\/v2\/comments?post=20535"}],"version-history":[{"count":0,"href":"https:\/\/www.luxor.cz\/blog\/wp-json\/wp\/v2\/posts\/20535\/revisions"}],"wp:featuredmedia":[{"embeddable":true,"href":"https:\/\/www.luxor.cz\/blog\/wp-json\/wp\/v2\/media\/20536"}],"wp:attachment":[{"href":"https:\/\/www.luxor.cz\/blog\/wp-json\/wp\/v2\/media?parent=20535"}],"wp:term":[{"taxonomy":"category","embeddable":true,"href":"https:\/\/www.luxor.cz\/blog\/wp-json\/wp\/v2\/categories?post=20535"},{"taxonomy":"post_tag","embeddable":true,"href":"https:\/\/www.luxor.cz\/blog\/wp-json\/wp\/v2\/tags?post=20535"}],"curies":[{"name":"wp","href":"https:\/\/api.w.org\/{rel}","templated":true}]}}