{"id":20495,"date":"2023-03-24T16:27:58","date_gmt":"2023-03-24T15:27:58","guid":{"rendered":"https:\/\/www.luxor.cz\/blog\/?p=20495"},"modified":"2023-03-24T16:29:05","modified_gmt":"2023-03-24T15:29:05","slug":"8-kniznich-novinek-na-duben","status":"publish","type":"post","link":"https:\/\/www.luxor.cz\/blog\/knizni-zajimavosti\/8-kniznich-novinek-na-duben\/","title":{"rendered":"8 dubnov\u00fdch kni\u017en\u00edch novinek, kter\u00fdch se nem\u016f\u017eeme do\u010dkat"},"content":{"rendered":"\n<p><strong>Pokud existuje spolehliv\u00fd l\u00e9k na jarn\u00ed \u00fanavu, je j\u00edm skv\u011bl\u00e1 kniha, kter\u00e1 v\u00e1s vt\u00e1hne natolik, \u017ee zapomenete na sv\u011bt okolo \u2013 a t\u011bch v&nbsp;dubnu vych\u00e1z\u00ed hned n\u011bkolik. \u010cek\u00e1 v\u00e1s novinka Aleny Morn\u0161tajnov\u00e9, biografie legend\u00e1rn\u00edho buben\u00edka, n\u011bjak\u00e9 to nap\u011bt\u00ed i \u0161petka humoru. Pod\u00edvejte se, kter\u00fdch kni\u017en\u00edch novinek se u\u017e te\u010f nem\u016f\u017eeme do\u010dkat!<\/strong><\/p>\n\n\n\n<div class=\"wp-block-columns is-layout-flex wp-container-core-columns-is-layout-1 wp-block-columns-is-layout-flex\">\n<div class=\"wp-block-column is-layout-flow wp-block-column-is-layout-flow\" style=\"flex-basis:33.33%\">\n<figure class=\"wp-block-image size-large\"><a href=\"https:\/\/www.luxor.cz\/v\/1934316\/les-v-dome\" target=\"_blank\" rel=\"noopener\"><img decoding=\"async\" src=\"https:\/\/img.luxor.cz\/detail_big\/1900\/900\/produkty\/9788027515868.webp?cbk=863152\" alt=\"\" title=\"\"><\/a><figcaption><a href=\"https:\/\/www.luxor.cz\/v\/1934316\/les-v-dome\" target=\"_blank\" data-type=\"URL\" data-id=\"https:\/\/www.luxor.cz\/v\/1934316\/les-v-dome\" rel=\"noreferrer noopener\">Les v dom\u011b<\/a><\/figcaption><\/figure>\n<\/div>\n\n\n\n<div class=\"wp-block-column is-vertically-aligned-center is-layout-flow wp-block-column-is-layout-flow\" style=\"flex-basis:66.66%\">\n<p><strong>Alena Morn\u0161tajnov\u00e1 \u2013 <a href=\"https:\/\/www.luxor.cz\/v\/1934316\/les-v-dome\" target=\"_blank\" data-type=\"URL\" data-id=\"https:\/\/www.luxor.cz\/v\/1934316\/les-v-dome\" rel=\"noreferrer noopener\">Les v dom\u011b<\/a><\/strong><br>Autorce, jej\u00ed\u017e bestsellery jako <a href=\"https:\/\/www.luxor.cz\/v\/1727203\/hana\" target=\"_blank\" data-type=\"URL\" data-id=\"https:\/\/www.luxor.cz\/v\/1727203\/hana\" rel=\"noreferrer noopener\">Hana<\/a> nebo <a href=\"https:\/\/www.luxor.cz\/v\/1884916\/tiche-roky\" target=\"_blank\" data-type=\"URL\" data-id=\"https:\/\/www.luxor.cz\/v\/1884916\/tiche-roky\" rel=\"noreferrer noopener\">Tich\u00e9 roky<\/a> si \u010de\u0161t\u00ed \u010dten\u00e1\u0159i zamilovali pro hlubok\u00fd vhled do \u010desk\u00e9 historie i komplikovan\u00fdch rodinn\u00fdch vztah\u016f, vych\u00e1z\u00ed novinka Les v&nbsp;dom\u011b \u2013 strhuj\u00edc\u00ed p\u0159\u00edb\u011bh o tom, \u017ee nic v \u017eivot\u011b nen\u00ed takov\u00e9, jak to na prvn\u00ed pohled vypad\u00e1, a \u017ee <strong>\u017e\u00e1dn\u00e9 tajemstv\u00ed nen\u00ed nikdy poh\u0159beno tak hluboko, aby se nedalo vykopat.<\/strong> A my u\u017e netrp\u011bliv\u011b odpo\u010d\u00edt\u00e1v\u00e1me dny do vyd\u00e1n\u00ed!<\/p>\n<\/div>\n<\/div>\n\n\n\n<p><\/p>\n\n\n\n<div class=\"wp-block-columns is-layout-flex wp-container-core-columns-is-layout-2 wp-block-columns-is-layout-flex\">\n<div class=\"wp-block-column is-vertically-aligned-center is-layout-flow wp-block-column-is-layout-flow\" style=\"flex-basis:66.66%\">\n<p><strong>Paul Sexton \u2013 <a href=\"https:\/\/www.luxor.cz\/v\/1940526\/charlie-byl-vzdy-v-pohode-zivot-doba-a-rolling-stones-autorizovany-zivotopis-paula-sex\" target=\"_blank\" data-type=\"URL\" data-id=\"https:\/\/www.luxor.cz\/v\/1940526\/charlie-byl-vzdy-v-pohode-zivot-doba-a-rolling-stones-autorizovany-zivotopis-paula-sex\" rel=\"noreferrer noopener\">Charlie byl v\u017edy v pohod\u011b<\/a><br><\/strong>Pokud byste hledali nejnepravd\u011bpodobn\u011bj\u0161\u00ed rokenrolovou hv\u011bzdu, nejsp\u00ed\u0161 by byl hork\u00fdm adeptem Charlie Watts, legend\u00e1rn\u00ed buben\u00edk The Rolling Stones. <strong>Ve spole\u010dnosti sv\u00fdch divok\u00fdch spoluhr\u00e1\u010d\u016f Keitha Richardse a Micka Jaggera, o jejich\u017e eskap\u00e1d\u00e1ch bylo sly\u0161et po cel\u00e9m sv\u011bt\u011b, platil za toho spo\u0159\u00e1dan\u00e9ho<\/strong> \u2013 neprov\u00e1zely ho \u017e\u00e1dn\u00e9 skand\u00e1ly a chr\u00e1nil si soukrom\u00ed. Poznejte jeho p\u0159\u00edb\u011bh v&nbsp;nov\u00e9 biografii!<\/p>\n<\/div>\n\n\n\n<div class=\"wp-block-column is-layout-flow wp-block-column-is-layout-flow\" style=\"flex-basis:33.33%\">\n<figure class=\"wp-block-image size-large\"><a href=\"https:\/\/www.luxor.cz\/v\/1940526\/charlie-byl-vzdy-v-pohode-zivot-doba-a-rolling-stones-autorizovany-zivotopis-paula-sex\" target=\"_blank\" rel=\"noopener\"><img decoding=\"async\" src=\"https:\/\/img.luxor.cz\/detail_big\/1900\/900\/produkty\/9788327690111.webp?cbk=863152\" alt=\"\" title=\"\"><\/a><figcaption><a href=\"https:\/\/www.luxor.cz\/v\/1940526\/charlie-byl-vzdy-v-pohode-zivot-doba-a-rolling-stones-autorizovany-zivotopis-paula-sex\" target=\"_blank\" data-type=\"URL\" data-id=\"https:\/\/www.luxor.cz\/v\/1940526\/charlie-byl-vzdy-v-pohode-zivot-doba-a-rolling-stones-autorizovany-zivotopis-paula-sex\" rel=\"noreferrer noopener\">Charlie byl v\u017edy v pohod\u011b<\/a><\/figcaption><\/figure>\n<\/div>\n<\/div>\n\n\n\n<p><\/p>\n\n\n\n<div class=\"wp-block-columns is-layout-flex wp-container-core-columns-is-layout-3 wp-block-columns-is-layout-flex\">\n<div class=\"wp-block-column is-layout-flow wp-block-column-is-layout-flow\" style=\"flex-basis:33.33%\">\n<figure class=\"wp-block-image size-large\"><a href=\"https:\/\/www.luxor.cz\/v\/1932772\/kazdy-z-me-rodiny-nekoho-zabil\" target=\"_blank\" rel=\"noopener\"><img decoding=\"async\" src=\"https:\/\/img.luxor.cz\/detail_big\/1900\/900\/produkty\/9788024288000.webp?cbk=863152\" alt=\"\" title=\"\"><\/a><figcaption><a href=\"https:\/\/www.luxor.cz\/v\/1932772\/kazdy-z-me-rodiny-nekoho-zabil\" target=\"_blank\" data-type=\"URL\" data-id=\"https:\/\/www.luxor.cz\/v\/1932772\/kazdy-z-me-rodiny-nekoho-zabil\" rel=\"noreferrer noopener\">Ka\u017ed\u00fd z m\u00e9 rodiny n\u011bkoho zabil<\/a><\/figcaption><\/figure>\n<\/div>\n\n\n\n<div class=\"wp-block-column is-vertically-aligned-center is-layout-flow wp-block-column-is-layout-flow\" style=\"flex-basis:66.66%\">\n<p><strong>Benjamin Stevenson \u2013&nbsp;<a href=\"https:\/\/www.luxor.cz\/v\/1932772\/kazdy-z-me-rodiny-nekoho-zabil\" target=\"_blank\" data-type=\"URL\" data-id=\"https:\/\/www.luxor.cz\/v\/1932772\/kazdy-z-me-rodiny-nekoho-zabil\" rel=\"noreferrer noopener\">Ka\u017ed\u00fd z&nbsp;m\u00e9 rodiny n\u011bkoho zabil<\/a><br><\/strong>Rodinn\u00e1 se\u0161lost v zasn\u011b\u017een\u00e9m resortu, n\u00e1siln\u00e1 vra\u017eda a v\u00edce ne\u017e dost podez\u0159el\u00fdch. Vy\u0161et\u0159ov\u00e1n\u00ed v uzav\u0159en\u00e9m kruhu lid\u00ed p\u0159ipom\u00edn\u00e1 klasick\u00e9 detektivky s okouzluj\u00edc\u00edm Herculem Poirotem,&nbsp;nechyb\u00ed ale taky d\u00e1vka humoru. <strong>Vyprav\u011b\u010d se obrac\u00ed p\u0159\u00edmo na \u010dten\u00e1\u0159e, a tak v\u00e1s vt\u00e1hne do d\u011bje \u2013 a\u0165 u\u017e tedy chcete, nebo ne, stanete se jeho komplicem<\/strong>.<\/p>\n<\/div>\n<\/div>\n\n\n\n<p><\/p>\n\n\n\n<blockquote class=\"wp-block-quote is-layout-flow wp-block-quote-is-layout-flow\"><p><em>\u201e\u0158\u00edkejte mi Ern nebo Ernie. P\u0159\u00e1l bych si, abych zabil toho, kdo rozhodl, \u017ee na\u0161e rodinn\u00e9 setk\u00e1n\u00ed by se m\u011blo konat v ly\u017ea\u0159sk\u00e9m st\u0159edisku, ale je to trochu slo\u017eit\u011bj\u0161\u00ed. Zabil jsem n\u011bkoho? Ano. Ano, zabil. Kdo to byl? Tak za\u010dneme: M\u016fj bratr. Moje nevlastn\u00ed sestra. Moje \u017eena. M\u016fj otec. Moje matka. Moje \u0161vagrov\u00e1. M\u016fj str\u00fdc. M\u016fj nevlastn\u00ed otec. Moje teta. J\u00e1.\u201c<\/em><\/p><cite>\u2013 a<em>notace&nbsp;knihy Ka\u017ed\u00fd z&nbsp;m\u00e9 rodiny n\u011bkoho zabil<\/em><\/cite><\/blockquote>\n\n\n\n<p><\/p>\n\n\n\n<div class=\"wp-block-columns is-layout-flex wp-container-core-columns-is-layout-4 wp-block-columns-is-layout-flex\">\n<div class=\"wp-block-column is-vertically-aligned-center is-layout-flow wp-block-column-is-layout-flow\" style=\"flex-basis:66.66%\">\n<p><strong>Lucy Kissick \u2013 <a href=\"https:\/\/www.luxor.cz\/v\/1911468\/plutoshine\" target=\"_blank\" data-type=\"URL\" data-id=\"https:\/\/www.luxor.cz\/v\/1911468\/plutoshine\" rel=\"noreferrer noopener\">Plutoshine<\/a><\/strong><br>Bavil v\u00e1s Mar\u0165an nebo <a href=\"https:\/\/www.luxor.cz\/v\/1765718\/spasitel\" target=\"_blank\" data-type=\"URL\" data-id=\"https:\/\/www.luxor.cz\/v\/1765718\/spasitel\" rel=\"noreferrer noopener\">Spasitel<\/a> Andyho Weira? Potom se se v\u00e1m tref\u00ed do noty sci-fi rom\u00e1n Plutoshine! Jeho autorka m\u00e1 doktor\u00e1t z planet\u00e1rn\u00ed astronomie,<strong> t\u011b\u0161it se tedy m\u016f\u017eete na \u010dtiv\u00fd mix beletrie a v\u011bdeck\u00fdch fakt\u016f. <\/strong>P\u0159em\u011bna Pluta v \u017eivou d\u00fdchaj\u00edc\u00ed planetu je zat\u00edm nejambici\u00f3zn\u011bj\u0161\u00edm v\u011bdeck\u00fdm projektem lidstva, dojde v\u0161ak k jeho sabot\u00e1\u017ei. <strong>Jedinou sv\u011bdkyn\u00ed tragick\u00fdch ud\u00e1lost\u00ed je dev\u00edtilet\u00e1 Nou. Jen\u017ee ta pod vlivem traumatu on\u011bm\u011bla\u2026<\/strong><\/p>\n<\/div>\n\n\n\n<div class=\"wp-block-column is-layout-flow wp-block-column-is-layout-flow\" style=\"flex-basis:33.33%\">\n<figure class=\"wp-block-image size-large\"><a href=\"https:\/\/www.luxor.cz\/v\/1911468\/plutoshine\" target=\"_blank\" rel=\"noopener\"><img decoding=\"async\" src=\"https:\/\/img.luxor.cz\/detail_big\/1900\/900\/produkty\/9788024284361.webp?cbk=863152\" alt=\"\" title=\"\"><\/a><figcaption><a href=\"https:\/\/www.luxor.cz\/v\/1911468\/plutoshine\" target=\"_blank\" data-type=\"URL\" data-id=\"https:\/\/www.luxor.cz\/v\/1911468\/plutoshine\" rel=\"noreferrer noopener\">Plutoshine<\/a><\/figcaption><\/figure>\n<\/div>\n<\/div>\n\n\n\n<p><\/p>\n\n\n\n<div class=\"wp-block-columns is-layout-flex wp-container-core-columns-is-layout-5 wp-block-columns-is-layout-flex\">\n<div class=\"wp-block-column is-layout-flow wp-block-column-is-layout-flow\" style=\"flex-basis:33.33%\">\n<figure class=\"wp-block-image size-large\"><a href=\"https:\/\/www.luxor.cz\/v\/1932767\/smrt-ciha-na-jarmarku\" target=\"_blank\" rel=\"noopener\"><img decoding=\"async\" src=\"https:\/\/img.luxor.cz\/detail_big\/1900\/900\/produkty\/9788024287942.webp?cbk=863152\" alt=\"\" title=\"\"><\/a><figcaption><a href=\"https:\/\/www.luxor.cz\/v\/1932767\/smrt-ciha-na-jarmarku\" target=\"_blank\" data-type=\"URL\" data-id=\"https:\/\/www.luxor.cz\/v\/1932767\/smrt-ciha-na-jarmarku\" rel=\"noreferrer noopener\">Smrt \u010d\u00edh\u00e1 na jarmarku<\/a><\/figcaption><\/figure>\n<\/div>\n\n\n\n<div class=\"wp-block-column is-vertically-aligned-center is-layout-flow wp-block-column-is-layout-flow\" style=\"flex-basis:66.66%\">\n<p><strong>Anders de la Motte, Mans Nilsson \u2013 <a href=\"https:\/\/www.luxor.cz\/v\/1932767\/smrt-ciha-na-jarmarku\" target=\"_blank\" data-type=\"URL\" data-id=\"https:\/\/www.luxor.cz\/v\/1932767\/smrt-ciha-na-jarmarku\" rel=\"noreferrer noopener\">Smrt \u010d\u00edh\u00e1 na jarmarku<\/a><br><\/strong>Co vznikne, kdy\u017e spoj\u00ed s\u00edly humorista s autorem seversk\u00e9 krimi? U\u017e druh\u00fd d\u00edl s\u00e9rie Vra\u017edy v \u00d6sterlenu \u2013 odleh\u010den\u00e9ho detektivn\u00edho \u010dten\u00ed, kter\u00e9 p\u0159ipom\u00edn\u00e1 komorn\u00ed p\u0159\u00edpady z pera Agathy Christie! Realitn\u00ed agentka je nalezena mrtv\u00e1 v jednom z p\u0159edv\u00e1d\u011bn\u00fdch dom\u016f. <strong>Tu v\u0161ak mohl m\u00edt d\u016fvod zab\u00edt t\u00e9m\u011b\u0159 ka\u017ed\u00fd, kdo s n\u00ed \u010di s vilou m\u011bl co do \u010din\u011bn\u00ed.<\/strong> N\u011bkter\u00e1 z idylick\u00fdch zahrad, rozkvetl\u00fdch luk \u010di p\u00edse\u010dn\u00fdch z\u00e1tok skr\u00fdv\u00e1 vraha.<\/p>\n<\/div>\n<\/div>\n\n\n\n<p><\/p>\n\n\n\n<div class=\"wp-block-columns is-layout-flex wp-container-core-columns-is-layout-6 wp-block-columns-is-layout-flex\">\n<div class=\"wp-block-column is-vertically-aligned-center is-layout-flow wp-block-column-is-layout-flow\" style=\"flex-basis:66.66%\">\n<p><strong>Jan Hocek \u2013 <a href=\"https:\/\/www.luxor.cz\/v\/1931601\/centralni-stezka-napric-ceskem\" target=\"_blank\" data-type=\"URL\" data-id=\"https:\/\/www.luxor.cz\/v\/1931601\/centralni-stezka-napric-ceskem\" rel=\"noreferrer noopener\">Centr\u00e1ln\u00ed stezka<\/a><\/strong><\/p>\n\n\n\n<p>Cestovatel a fotograf Jan Hocek v\u00e1s na cestu mezi nejv\u00fdchodn\u011bj\u0161\u00edm a nejz\u00e1padn\u011bj\u0161\u00edm bodem \u010ceska bere u\u017e pot\u0159et\u00ed \u2013 po cest\u011b <a href=\"https:\/\/www.luxor.cz\/v\/1816761\/severni-stezka-ceskem-od-zapadu-k-vychodu\" target=\"_blank\" data-type=\"URL\" data-id=\"https:\/\/www.luxor.cz\/v\/1816761\/severni-stezka-ceskem-od-zapadu-k-vychodu\" rel=\"noreferrer noopener\">Severn\u00ed stezkou<\/a> a <a href=\"https:\/\/www.luxor.cz\/v\/1546577\/jizni-stezka-ceskem-od-vychodu-k-zapadu\" target=\"_blank\" data-type=\"URL\" data-id=\"https:\/\/www.luxor.cz\/v\/1546577\/jizni-stezka-ceskem-od-vychodu-k-zapadu\" rel=\"noreferrer noopener\">Ji\u017en\u00ed stezkou<\/a> Via Czechia to v\u0161ak te\u010f vezmeme tou centr\u00e1ln\u00ed. <strong>Obrazov\u00e1 publikace je tu pro ost\u0159\u00edlen\u00e9 chodce i ty, kte\u0159\u00ed teprve hledaj\u00ed odvahu<\/strong> \u2013 uj\u00edt s&nbsp;n\u00ed m\u016f\u017eete celou 1000 km dlouhou pou\u0165, poznat jen n\u011bkterou z&nbsp;etap nebo se inspirovat tipy na kr\u00e1sn\u00e1 m\u00edsta k&nbsp;nav\u0161t\u00edven\u00ed.<\/p>\n<\/div>\n\n\n\n<div class=\"wp-block-column is-layout-flow wp-block-column-is-layout-flow\" style=\"flex-basis:33.33%\">\n<div class=\"wp-block-image\"><figure class=\"aligncenter size-large\"><a href=\"https:\/\/www.luxor.cz\/v\/1931601\/centralni-stezka-napric-ceskem\" target=\"_blank\" rel=\"noopener\"><img decoding=\"async\" src=\"https:\/\/img.luxor.cz\/detail_big\/1900\/900\/produkty\/9788024287331.webp?cbk=863152\" alt=\"\" title=\"\"><\/a><figcaption><a href=\"https:\/\/www.luxor.cz\/v\/1931601\/centralni-stezka-napric-ceskem\" target=\"_blank\" data-type=\"URL\" data-id=\"https:\/\/www.luxor.cz\/v\/1931601\/centralni-stezka-napric-ceskem\" rel=\"noreferrer noopener\">Centr\u00e1ln\u00ed stezka<\/a><\/figcaption><\/figure><\/div>\n<\/div>\n<\/div>\n\n\n\n<p><\/p>\n\n\n\n<div class=\"wp-block-columns is-layout-flex wp-container-core-columns-is-layout-7 wp-block-columns-is-layout-flex\">\n<div class=\"wp-block-column is-layout-flow wp-block-column-is-layout-flow\" style=\"flex-basis:33.33%\">\n<figure class=\"wp-block-image size-large\"><a href=\"https:\/\/www.luxor.cz\/v\/1933626\/stiny-nad-pecan-hollow\" target=\"_blank\" rel=\"noopener\"><img decoding=\"async\" src=\"https:\/\/img.luxor.cz\/detail_big\/1900\/900\/produkty\/9788076891470.webp?cbk=863152\" alt=\"\" title=\"\"><\/a><figcaption><a href=\"https:\/\/www.luxor.cz\/v\/1933626\/stiny-nad-pecan-hollow\" target=\"_blank\" rel=\"noreferrer noopener\">St\u00edny nad Pecan Hollow<\/a><\/figcaption><\/figure>\n<\/div>\n\n\n\n<div class=\"wp-block-column is-vertically-aligned-center is-layout-flow wp-block-column-is-layout-flow\" style=\"flex-basis:66.66%\">\n<p><strong>Caroline Frostov\u00e1 \u2013 <a href=\"https:\/\/www.luxor.cz\/v\/1933626\/stiny-nad-pecan-hollow\" target=\"_blank\" rel=\"noreferrer noopener\">St\u00edny nad Pecan Hollow<br><\/a><\/strong>Drsn\u00fd, pronikav\u00fd a z\u00e1rove\u0148 ne\u010dekan\u011b n\u011b\u017en\u00fd rom\u00e1n St\u00edny nad Pecan Hollow je znepokojiv\u011b intimn\u00edm debutem o slo\u017eitosti l\u00e1sky \u2013 romantick\u00e9 i mate\u0159sk\u00e9 \u2013 a o poutech, je\u017e n\u00e1s utv\u00e1\u0159ej\u00ed. T\u0159in\u00e1ctiletou Kim unesl zlod\u011bj\u00ed\u010dek Manny. <strong>Kim, tou\u017e\u00edc\u00ed po rodin\u011b a bezpe\u010d\u00ed, kter\u00e9 nikdy nem\u011bla, se j\u00edm nech\u00e1v\u00e1 rozmazlovat a postupn\u011b zl\u00e1kat ke zlo\u010dineck\u00e9 dr\u00e1ze.<\/strong> Po letech od n\u011bj odejde a za\u010dne nov\u00fd \u017eivot \u2013 a potom se Manny, \u010derstv\u011b propu\u0161t\u011bn\u00fd z&nbsp;v\u011bzen\u00ed, objev\u00ed u jej\u00edch dve\u0159\u00ed.<\/p>\n<\/div>\n<\/div>\n\n\n\n<p><\/p>\n\n\n\n<p>Tyto i dal\u0161\u00ed p\u0159ipravovan\u00e9 novinky m\u016f\u017eete u\u017e te\u010f po\u0159\u00eddit v p\u0159edprodeji &#8211; pod\u00edvejte se, co v\u0161echno se pro v\u00e1s chyst\u00e1! <\/p>\n\n\n\n<p><\/p>\n\n\n\n<div class=\"wp-block-buttons is-content-justification-center is-layout-flex wp-block-buttons-is-layout-flex\">\n<div class=\"wp-block-button\"><a class=\"wp-block-button__link has-white-color has-vivid-cyan-blue-background-color has-text-color has-background\" href=\"https:\/\/www.luxor.cz\/c\/9548\/knihy?ffl=57\" target=\"_blank\" rel=\"noreferrer noopener\">Knihy v p\u0159edprodeji<\/a><\/div>\n<\/div>\n","protected":false},"excerpt":{"rendered":"<p>Pokud existuje spolehliv\u00fd l\u00e9k na jarn\u00ed \u00fanavu, je j\u00edm skv\u011bl\u00e1 kniha, kter\u00e1 v\u00e1s vt\u00e1hne natolik, \u017ee zapomenete na sv\u011bt okolo \u2013 a t\u011bch v&nbsp;dubnu vych\u00e1z\u00ed hned n\u011bkolik. \u010cek\u00e1 v\u00e1s novinka [&hellip;]<\/p>\n","protected":false},"author":9,"featured_media":20497,"comment_status":"open","ping_status":"open","sticky":false,"template":"","format":"standard","meta":{"_acf_changed":false,"_monsterinsights_skip_tracking":false,"_monsterinsights_sitenote_active":false,"_monsterinsights_sitenote_note":"","_monsterinsights_sitenote_category":0,"_EventAllDay":false,"_EventTimezone":"","_EventStartDate":"","_EventEndDate":"","_EventStartDateUTC":"","_EventEndDateUTC":"","_EventShowMap":false,"_EventShowMapLink":false,"_EventURL":"","_EventCost":"","_EventCostDescription":"","_EventCurrencySymbol":"","_EventCurrencyCode":"","_EventCurrencyPosition":"","_EventDateTimeSeparator":"","_EventTimeRangeSeparator":"","_EventOrganizerID":[],"_EventVenueID":[],"_OrganizerEmail":"","_OrganizerPhone":"","_OrganizerWebsite":"","_VenueAddress":"","_VenueCity":"","_VenueCountry":"","_VenueProvince":"","_VenueState":"","_VenueZip":"","_VenuePhone":"","_VenueURL":"","_VenueStateProvince":"","_VenueLat":"","_VenueLng":"","_VenueShowMap":false,"_VenueShowMapLink":false,"twitterCardType":"","cardImageID":0,"cardImage":"","cardTitle":"","cardDesc":"","cardImageAlt":"","cardPlayer":"","cardPlayerWidth":0,"cardPlayerHeight":0,"cardPlayerStream":"","cardPlayerCodec":"","footnotes":""},"categories":[6],"tags":[20787,21186,21649,20731,21098],"class_list":["post-20495","post","type-post","status-publish","format-standard","has-post-thumbnail","hentry","category-knizni-zajimavosti","tag-ceska-literatura","tag-cestovani","tag-knizni-novinky","tag-napeti","tag-zivotopis"],"acf":{"related_products":null},"_links":{"self":[{"href":"https:\/\/www.luxor.cz\/blog\/wp-json\/wp\/v2\/posts\/20495","targetHints":{"allow":["GET"]}}],"collection":[{"href":"https:\/\/www.luxor.cz\/blog\/wp-json\/wp\/v2\/posts"}],"about":[{"href":"https:\/\/www.luxor.cz\/blog\/wp-json\/wp\/v2\/types\/post"}],"author":[{"embeddable":true,"href":"https:\/\/www.luxor.cz\/blog\/wp-json\/wp\/v2\/users\/9"}],"replies":[{"embeddable":true,"href":"https:\/\/www.luxor.cz\/blog\/wp-json\/wp\/v2\/comments?post=20495"}],"version-history":[{"count":0,"href":"https:\/\/www.luxor.cz\/blog\/wp-json\/wp\/v2\/posts\/20495\/revisions"}],"wp:featuredmedia":[{"embeddable":true,"href":"https:\/\/www.luxor.cz\/blog\/wp-json\/wp\/v2\/media\/20497"}],"wp:attachment":[{"href":"https:\/\/www.luxor.cz\/blog\/wp-json\/wp\/v2\/media?parent=20495"}],"wp:term":[{"taxonomy":"category","embeddable":true,"href":"https:\/\/www.luxor.cz\/blog\/wp-json\/wp\/v2\/categories?post=20495"},{"taxonomy":"post_tag","embeddable":true,"href":"https:\/\/www.luxor.cz\/blog\/wp-json\/wp\/v2\/tags?post=20495"}],"curies":[{"name":"wp","href":"https:\/\/api.w.org\/{rel}","templated":true}]}}