{"id":2044,"date":"2012-05-14T12:04:00","date_gmt":"2012-05-14T10:04:00","guid":{"rendered":"https:\/\/www.luxor.cz\/blog\/nezarazene\/ohlednuti-za-navstevou-christophera-paoliniho\/"},"modified":"2023-01-06T16:19:40","modified_gmt":"2023-01-06T15:19:40","slug":"ohlednuti-za-navstevou-christophera-paoliniho-86","status":"publish","type":"post","link":"https:\/\/www.luxor.cz\/blog\/nezarazene\/ohlednuti-za-navstevou-christophera-paoliniho-86\/","title":{"rendered":"Ohl\u00e9dnut\u00ed za n\u00e1v\u0161t\u011bvou Christophera Paoliniho"},"content":{"rendered":"<\/p>\n<h3>Christopher Paolini ve Studiu 6<\/h3>\n<p>Den p\u0159ed autogrami\u00e1dou byl Christopher Paolini hostem Studia 6 na \u010cT1. Rozpov\u00eddal se o tom, jak a pro\u010d p\u00ed\u0161e, co ho v d\u011btstv\u00ed p\u0159ivedlo ke psan\u00ed, o sv\u00e9m vztahu k fanou\u0161k\u016fm a o pl\u00e1nech do budoucna. Pus\u0165te si <a href=\"http:\/\/www.ceskatelevize.cz\/porady\/1096902795-studio-6\/212411010100504\/video\/\" target=\"_blank\" rel=\"noopener\">z\u00e1znam z vys\u00edl\u00e1n\u00ed<\/a> (doporu\u010dujeme pod videem ozna\u010dit \u010d\u00e1st \u201cDra\u010d\u00ed s\u00e1ga je u konce\u201d).<\/p>\n<\/p>\n<h3>Videa z akce<\/h3>\n<\/p>\n<p>Na autogrami\u00e1d\u011b v Pal\u00e1ci knih Luxor jsme nato\u010dili <a href=\"http:\/\/youtu.be\/eAy2TG6T7Eo\" target=\"_blank\" rel=\"noopener\">kr\u00e1tk\u00e9 video pro zachycen\u00ed atmosf\u00e9ry<\/a>.<\/p>\n<\/p>\n<p>Na YouTube jsme na\u0161li tak\u00e9\u00a0<a href=\"http:\/\/youtu.be\/FlyosPRHFVk\" target=\"_blank\" rel=\"noopener\">video z fronty p\u0159ed vchodem<\/a><\/p>\n<\/p>\n<p>a iDnes publikoval\u00a0<a href=\"http:\/\/kultura.idnes.cz\/na-paoliniho-autogramiade-stala-fronta-pres-pul-vaclavaku-p3s-\/literatura.aspx?c=A120505_185530_literatura_brm\" target=\"_blank\" rel=\"noopener\">videorozhovory<\/a> s \u010dekaj\u00edc\u00edmi fanou\u0161ky dra\u010d\u00ed s\u00e1gy.<\/p>\n<p>N\u011bkolik z v\u00e1s sepsalo sv\u00e9 pocity a dojmy ze sobotn\u00edho odpoledne &#8211; zde jsou:<\/p>\n<\/p>\n<h3>Sayury: \u201cChristopher Paolini na\u017eivo\u201d<\/h3>\n<p>\u201cA\u0165 u\u017e jsem si setk\u00e1n\u00ed s autorem knih o Dra\u010d\u00edch Jezdc\u00edch p\u0159edstavovala jakkoliv, ani v nejdivo\u010dej\u0161\u00edch snech by m\u011b nenapadlo, \u017ee s n\u00edm v\u016fbec budu mluvit,\u201d za\u010d\u00edn\u00e1 svou <a href=\"http:\/\/sayury.blog.cz\/1205\/christopher-paolini-nazivo\" target=\"_blank\" rel=\"noopener\">report\u00e1\u017e<\/a> blogerka Sayury. Vypr\u00e1v\u00ed o dlouh\u00e9m a \u00famorn\u00e9m \u010dek\u00e1n\u00ed a o tom, jak si ho kr\u00e1tila do\u010dten\u00edm knihy, a p\u0159id\u00e1v\u00e1 z\u00e1znam sv\u00e9ho osobn\u00edho rozhovoru s Christopherem.<\/p>\n<p><a href=\"http:\/\/sayury.blog.cz\/1205\/christopher-paolini-nazivo\" target=\"_blank\" rel=\"noopener\">P\u0159e\u010d\u00edst<\/a><\/p>\n<h3>Nora: \u201c5.5.2012 \u2013 Paoliniho n\u00e1v\u0161t\u011bva Prahy!\u201d<\/h3>\n<p>Origin\u00e1ln\u011b pojat\u00fd\u00a0<a href=\"http:\/\/noras-livres.blogspot.com\/2012\/05\/552012-paoliniho-navsteva-prahy.html\" target=\"_blank\" rel=\"noopener\">\u010dl\u00e1nek<\/a> m\u00e1 formu \u010dasov\u00e9 osy:<\/p>\n<p>Velitelsk\u00fd \u010das: \u00a0n\u011bco mezi p\u016fl a celou<br \/>Okolo n\u00e1s se neust\u00e1le oz\u00fdv\u00e1 ,,Pro\u010d tu stoj\u00edte?\u201c ,,Na co \u010dek\u00e1te?\u201c ,,Co je ta fronta?\u201c<br \/>My p\u0159eru\u0161ujeme n\u00e1\u0161 nerv\u00f3zn\u00ed zp\u011bv zn\u011blky New Girl (Who\u2019s that girl \u2026 who\u2019s that girl! Who\u2019s that girl\u2026 Who\u2019s that girl\u2026 It\u2019s Jess!) a \u0159\u00edk\u00e1me: ,, No v\u00edte, n\u00e1s stra\u0161n\u011b bav\u00ed st\u00e1t fronty a vyhled\u00e1v\u00e1me je po cel\u00e9m sv\u011bt\u011b a v\u017edycky kdy\u017e u\u017e jsme skoro na za\u010d\u00e1tku, tak odejdeme\u201c hysterick\u00fd sm\u00edch<br \/><a href=\"http:\/\/noras-livres.blogspot.com\/2012\/05\/552012-paoliniho-navsteva-prahy.html\" target=\"_blank\" rel=\"noopener\">P\u0159e\u010d\u00edst<\/a><br \/><strong><\/strong><\/p>\n<h3>Freckles: \u201cAutogrami\u00e1da Christophera Paoliniho v Praze\u201d<\/h3>\n<p>Blog Freckles\u2019s Books p\u0159in\u00e1\u0161\u00ed\u00a0<a href=\"http:\/\/freckles-books.blogspot.com\/2012\/05\/autogramiada-christophera-paoliniho-v.html\" target=\"_blank\" rel=\"noopener\">podrobnou report\u00e1\u017e<\/a> v\u010detn\u011b fotek. Autorka ji napsala chv\u00edli po akci a z jej\u00edho \u010dl\u00e1nku \u010di\u0161\u00ed spousta nad\u0161en\u00ed.<\/p>\n<p>5:26 a 30 sekund<br \/>Vystupuji po schodech. A spadne mi \u010delist. Ta obrovsk\u00e1 fronta, kter\u00e1 je a\u017e skoro ke vchodu do metra, p\u0159ece nem\u016f\u017ee b\u00fdt na autogrami\u00e1du! (Pokud jste n\u011bkdy byli na V\u00e1clav\u00e1ku, jist\u011b si dovedete p\u0159edstavit, jak moc dlouh\u00e1 fronta to je, kdy\u017e je p\u0159es p\u016flku n\u00e1m\u011bst\u00ed). Vyd\u00e1v\u00e1m se tedy dol\u016f na m\u00edsto srazu s kamar\u00e1dkou.<\/p>\n<p><a href=\"http:\/\/freckles-books.blogspot.com\/2012\/05\/autogramiada-christophera-paoliniho-v.html\" target=\"_blank\" rel=\"noopener\">P\u0159e\u010d\u00edst<\/a><\/p>\n<h3>Willinda: \u201cJak se mi zastavilo srdce&#8230;aneb Paolini se na m\u011b usm\u00e1l!\u201d<\/h3>\n<p>Nad\u0161en\u00ed i \u00fanavu z \u010dek\u00e1n\u00ed popisuje tak\u00e9 blog <a href=\"http:\/\/willinda-books.blogspot.com\/2012\/05\/jak-se-mi-zastavilo-srdceaneb-paolini.html\" target=\"_blank\" rel=\"noopener\">Willinda Books<\/a>.<br \/>\u201cBylo to zkr\u00e1tka skv\u011ble str\u00e1ven\u00e9 odpoledne, vlastn\u011b skoro cel\u00fd den, na kter\u00fd jen tak nezapomenu. Bylo to sice \u00famorn\u00e9, nohy m\u011b bolely z toho n\u011bkolika hodinov\u00e9ho post\u00e1v\u00e1n\u00ed na jednom m\u00edst\u011b, m\u00e1lem jsem nedo\u0161la dom\u016f, ale st\u00e1lo mi to za to! <br \/>Chris byl stra\u0161n\u011b sympatick\u00fd, rozesm\u00e1t\u00fd a nakazil t\u00edm v\u0161echny, kte\u0159\u00ed kolem n\u011bj jen pro\u0161li.<br \/>Zkr\u00e1tka sympa\u0165\u00e1k!\u201d<br \/><a href=\"http:\/\/willinda-books.blogspot.com\/2012\/05\/jak-se-mi-zastavilo-srdceaneb-paolini.html\" target=\"_blank\" rel=\"noopener\">P\u0159e\u010d\u00edst<\/a><\/p>\n<h3>Jakub Holman: \u201cPodpis Christophera Paoliniho\u201d<\/h3>\n<p>Zat\u00edm se zd\u00e1, \u017ee Christopher Paolini m\u011bl v Praze p\u0159edev\u0161\u00edm fanynky, ale i mu\u017e\u0161t\u00ed fandov\u00e9 si p\u0159i\u0161li podepsat jeho knihy &#8211;\u00a0<a href=\"http:\/\/jakubholman.blog.idnes.cz\/c\/263524\/Podpis-Christophera-Paoliniho.html\" target=\"_blank\" rel=\"noopener\">p\u011bkn\u00fd \u010dl\u00e1nek o autogrami\u00e1d\u011b<\/a> napsal i Jakub Holman.<\/p>\n<p>P\u00ed\u0161e nap\u0159\u00edklad: \u201cZa\u010dal jsem b\u00fdt v\u0161ak lehce nerv\u00f3zn\u00ed a st\u00e1le \u010dast\u011bji tahal ven mobil, abych se pod\u00edval kolik je hodin. Posledn\u00ed vlak mi odj\u00ed\u017ed\u011bl v devaten\u00e1ct hodin. Za\u010dal jsem vym\u00fd\u0161let r\u016fzn\u00e9 sc\u00e9n\u00e1\u0159e, co d\u011blat, pokud by mi do\u0161el \u010das. Co bude v\u011bt\u0161\u00ed bl\u00e1znovstv\u00ed? Oto\u010dit se p\u0159ed Paoliniho stolem a j\u00edt dom\u016f bez podpisu? Anebo si nechat ujet posledn\u00ed spoj a n\u00e9st v\u0161echny z toho plynouc\u00ed n\u00e1sledky? Samoz\u0159ejm\u011b, mohl jsem za\u010d\u00edt p\u0159emlouvat lidi p\u0159ede mnou, aby mne pustili. Ale sta\u010dilo by, aby se jeden z nich zasekl a byl by konec.\u201d<br \/><a href=\"http:\/\/jakubholman.blog.idnes.cz\/c\/263524\/Podpis-Christophera-Paoliniho.html\" target=\"_blank\" rel=\"noopener\"><\/a><\/p>\n<p><a href=\"http:\/\/jakubholman.blog.idnes.cz\/c\/263524\/Podpis-Christophera-Paoliniho.html\" target=\"_blank\" rel=\"noopener\">P\u0159e\u010d\u00edst<\/a><\/p>\n<h3>Autogrami\u00e1da Christophera Paoliniho aneb &#8222;I&#8217;m going to Alaga\u00ebsia&#8220;<\/h3>\n<p>Martina M\u00e1tlov\u00e1 byla jednou z nej\u0161\u0165astn\u011bj\u0161\u00edch fanynek na sobotn\u00ed autogrami\u00e1d\u011b. Nejen, \u017ee se j\u00ed Christopher Paolini podepsal do knihy, ale p\u0159\u00e1l se s n\u00ed i vyfotit. Pro\u010d? Martina toti\u017e p\u0159i\u0161la v tri\u010dku s n\u00e1pisem \u201cI&#8217;m going to Alaga\u00ebsia\u201d a vzhledem k tomu, \u017ee Alaga\u00ebsia je sv\u011bt, kter\u00fd vznikl v Christopherov\u011b fantazii, triko ho zaujalo. Nejen o tom je\u00a0<a href=\"http:\/\/simply-city.blog.cz\/1205\/autogramiada-christophera-paoliniho-aneb-i-m-going-to-alagaesia\" target=\"_blank\" rel=\"noopener\">tento jej\u00ed \u010dl\u00e1nek<\/a>.<\/p>\n<h3>Topzine: \u201cChristopher Paolini nav\u0161t\u00edvil Prahu, podpisy rozd\u00e1val 6 hodin\u201d<\/h3>\n<p>\u201cKv\u011btnov\u00fd vzduch houstne nad \u010deskou metropol\u00ed, mraky se zvolna p\u0159evaluj\u00ed nad m\u011bstem a prvn\u00ed kapky pomalu sm\u00e1\u010dej\u00ed chodn\u00edky. P\u0159ed knihkupectv\u00edm Neoluxor i nad\u00e1le z\u016fst\u00e1v\u00e1 nekone\u010dn\u00e1 fronta, kter\u00e1 se zvolna klikat\u00ed a\u017e ke svat\u00e9mu V\u00e1clavovi. Ne, Neoluxor ned\u00e1v\u00e1 nic zdarma, to Christopher Paolini p\u0159isl\u00edbil sv\u016fj podpis ka\u017ed\u00e9mu, kdo se dostav\u00ed.\u201d Tak za\u010d\u00edn\u00e1 <a href=\"http:\/\/fanzine.topzine.cz\/foto-christopher-paolini-navstivil-prahu-podpisy-rozdaval-6-hodin\" target=\"_blank\" rel=\"noopener\">\u010dl\u00e1nek na serveru Topzine<\/a>, kter\u00fd krom\u011b zaj\u00edmav\u00e9 report\u00e1\u017ee p\u0159in\u00e1\u0161\u00ed i fotky.<strong><\/strong><\/p>\n<p><a href=\"http:\/\/fanzine.topzine.cz\/foto-christopher-paolini-navstivil-prahu-podpisy-rozdaval-6-hodin\" target=\"_blank\" rel=\"noopener\">P\u0159e\u010d\u00edst<\/a><\/p>\n<h3>Fantasyplanet: \u201cChristopher Paolini v Praze &#8211; jak\u00fd byl?\u201d<\/h3>\n<p>A je\u0161t\u011b jeden\u00a0<a href=\"http:\/\/www.fantasyplanet.cz\/clanek\/christopher-paolini-v-praze-jaky-byl\" target=\"_blank\" rel=\"noopener\">\u010dl\u00e1nek<\/a>. Ten se krom\u011b autogrami\u00e1dy v\u011bnuje i tiskov\u00e9 konferenci Christophera Paoliniho.<\/p>\n<p>\u201cCesta na\u0161\u00ed skupinky se na\u0161t\u011bst\u00ed pomalu, ale jist\u011b ch\u00fdlila ke konci a p\u0159ed sedmou hodinou jsme ji\u017e nastoupili na eskal\u00e1tor, kter\u00fd n\u00e1s vyvezl kamsi na vrchol na\u0161eho byt\u00ed, kde n\u00e1s za stolem o\u010dek\u00e1val s\u00e1m velk\u00fd CH. St\u00e1le se stejn\u00fdm p\u0159\u00edjemn\u00fdm \u00fasm\u011bvem ve tv\u00e1\u0159i, st\u00e1le p\u0159ipraven s ka\u017ed\u00fdm prohodit slovo b\u011bhem podpisov\u00e1n\u00ed, a\u010dkoliv jeho ruka s tu\u017ekou ji\u017e l\u00e9tala po pap\u00ed\u0159e \u010f\u00e1belskou rychlost\u00ed.\u201d <br \/><a href=\"http:\/\/www.fantasyplanet.cz\/clanek\/christopher-paolini-v-praze-jaky-byl\" target=\"_blank\" rel=\"noopener\">P\u0159e\u010d\u00edst<\/a><\/p>\n<\/p>\n<h3>Z nakladatelstv\u00ed Fragment, kter\u00e9 s n\u00e1mi autogrami\u00e1du po\u0159\u00e1dali, jsme dostali toto pod\u011bkov\u00e1n\u00ed v\u00e1m, fanou\u0161k\u016fm:<\/h3>\n<\/p>\n<p>\u201cNa jeho n\u00e1v\u0161t\u011bvu jsme se p\u0159ipravovali pe\u010dliv\u011b po dobu dvou m\u011bs\u00edc\u016f a v\u00fdsledkem byly skv\u011bl\u00e9 t\u0159i dny zakon\u010den\u00e9 autogrami\u00e1dou, kter\u00e1 p\u0159ekonala snad v\u0161echna o\u010dek\u00e1v\u00e1n\u00ed. Za to pat\u0159\u00ed d\u00edk v\u0161em z\u00fa\u010dastn\u011bn\u00fdm, kte\u0159\u00ed se do Luxoru vypravili s \u00fasm\u011bvem a nad\u0161en\u00edm.\u201d<\/p>\n<h3>A vzkaz m\u00e1 pro v\u00e1s i Christopher:<\/h3>\n<p>S\u00e1m Christopher Paolini byl z pra\u017esk\u00e9 autogrami\u00e1dy up\u0159\u00edmn\u011b nad\u0161en\u00fd. \u201eWow, tohle byla zat\u00edm nejv\u011bt\u0161\u00ed akce z cel\u00e9ho turn\u00e9!\u201c vyk\u0159ikl spokojen\u011b pot\u00e9, co kone\u010dn\u011b podepsal posledn\u00ed knihu. Dokonce ani autogrami\u00e1dy v USA podle n\u011bj v\u011bt\u0161inou nedosahuj\u00ed takov\u00fdch rozm\u011br\u016f. \u201eM\u00e1m hroznou radost, \u017ee je v \u010cesk\u00e9 republice tolik nad\u0161en\u00fdch \u010dten\u00e1\u0159\u016f Odkazu Dra\u010d\u00edch jezdc\u016f! V\u0161em bych jim moc r\u00e1d pod\u011bkoval za tento \u00fa\u017easn\u00fd z\u00e1\u017eitek. Do Prahy jsem se moc t\u011b\u0161il, ale tohle p\u0159ed\u010dilo ve\u0161ker\u00e1 moje o\u010dek\u00e1v\u00e1n\u00ed!\u201c dodal Christopher cestou zp\u011bt do hotelu.<\/p>\n<p>O dal\u0161\u00ed knize zat\u00edm nic p\u0159esn\u011bj\u0161\u00edho nev\u00edme. Christopher n\u00e1m jen prozradil, \u017ee t\u00e9mat pro dal\u0161\u00ed knihy m\u00e1 hned n\u011bkolik.<br \/>Christopher Paolini si, jak je z \u010dl\u00e1nk\u016f poznat, autogrami\u00e1du u\u017eil. Jeho sestra pozd\u011bji na Twitteru napsala: \u201cIt was epic\u2014the largest event so far in Europe\u201d. V\u011btu \u201cIt was epic\u201d si ten den nejsp\u00ed\u0161 \u0159eklo mnoho set lid\u00ed, a my s nimi.<\/p><\/p>\n","protected":false},"excerpt":{"rendered":"<p>Po \u00fa\u017easn\u00e9 sobotn\u00ed autogrami\u00e1d\u011b Christophera Paoliniho jsme od v\u00e1s dostali odkazy na nad\u0161en\u00e9 fanou\u0161kovsk\u00e9 report\u00e1\u017ee a n\u011bkolik vide\u00ed.<\/p>\n","protected":false},"author":2,"featured_media":0,"comment_status":"open","ping_status":"open","sticky":false,"template":"","format":"standard","meta":{"_acf_changed":false,"_monsterinsights_skip_tracking":false,"_monsterinsights_sitenote_active":false,"_monsterinsights_sitenote_note":"","_monsterinsights_sitenote_category":0,"_EventAllDay":false,"_EventTimezone":"","_EventStartDate":"","_EventEndDate":"","_EventStartDateUTC":"","_EventEndDateUTC":"","_EventShowMap":false,"_EventShowMapLink":false,"_EventURL":"","_EventCost":"","_EventCostDescription":"","_EventCurrencySymbol":"","_EventCurrencyCode":"","_EventCurrencyPosition":"","_EventDateTimeSeparator":"","_EventTimeRangeSeparator":"","_EventOrganizerID":[],"_EventVenueID":[],"_OrganizerEmail":"","_OrganizerPhone":"","_OrganizerWebsite":"","_VenueAddress":"","_VenueCity":"","_VenueCountry":"","_VenueProvince":"","_VenueState":"","_VenueZip":"","_VenuePhone":"","_VenueURL":"","_VenueStateProvince":"","_VenueLat":"","_VenueLng":"","_VenueShowMap":false,"_VenueShowMapLink":false,"twitterCardType":"","cardImageID":0,"cardImage":"","cardTitle":"","cardDesc":"","cardImageAlt":"","cardPlayer":"","cardPlayerWidth":0,"cardPlayerHeight":0,"cardPlayerStream":"","cardPlayerCodec":"","footnotes":""},"categories":[1],"tags":[],"class_list":["post-2044","post","type-post","status-publish","format-standard","hentry","category-nezarazene"],"acf":{"related_products":null},"_links":{"self":[{"href":"https:\/\/www.luxor.cz\/blog\/wp-json\/wp\/v2\/posts\/2044","targetHints":{"allow":["GET"]}}],"collection":[{"href":"https:\/\/www.luxor.cz\/blog\/wp-json\/wp\/v2\/posts"}],"about":[{"href":"https:\/\/www.luxor.cz\/blog\/wp-json\/wp\/v2\/types\/post"}],"author":[{"embeddable":true,"href":"https:\/\/www.luxor.cz\/blog\/wp-json\/wp\/v2\/users\/2"}],"replies":[{"embeddable":true,"href":"https:\/\/www.luxor.cz\/blog\/wp-json\/wp\/v2\/comments?post=2044"}],"version-history":[{"count":0,"href":"https:\/\/www.luxor.cz\/blog\/wp-json\/wp\/v2\/posts\/2044\/revisions"}],"wp:attachment":[{"href":"https:\/\/www.luxor.cz\/blog\/wp-json\/wp\/v2\/media?parent=2044"}],"wp:term":[{"taxonomy":"category","embeddable":true,"href":"https:\/\/www.luxor.cz\/blog\/wp-json\/wp\/v2\/categories?post=2044"},{"taxonomy":"post_tag","embeddable":true,"href":"https:\/\/www.luxor.cz\/blog\/wp-json\/wp\/v2\/tags?post=2044"}],"curies":[{"name":"wp","href":"https:\/\/api.w.org\/{rel}","templated":true}]}}