{"id":2037,"date":"2012-04-19T15:17:00","date_gmt":"2012-04-19T13:17:00","guid":{"rendered":"https:\/\/www.luxor.cz\/blog\/nezarazene\/knihomanie-zacina\/"},"modified":"2023-01-06T16:19:52","modified_gmt":"2023-01-06T15:19:52","slug":"knihomanie-zacina-79-2","status":"publish","type":"post","link":"https:\/\/www.luxor.cz\/blog\/nezarazene\/knihomanie-zacina-79-2\/","title":{"rendered":"Knihom\u00e1nie za\u010d\u00edn\u00e1!"},"content":{"rendered":"<\/p>\n<p >Na my\u0161lence po\u017eitku ze \u010dten\u00ed stav\u00ed projekt Knihom\u00e1nie \u2013  oslavuje knihy jako ned\u00edln\u00e9 sou\u010d\u00e1sti na\u0161ich \u017eivot\u016f a p\u0159in\u00e1\u0161\u00ed n\u011bkolik t\u00fddn\u016f  trvaj\u00edc\u00ed z\u00e1plavu novinek a akc\u00ed, kter\u00e9 nenechaj\u00ed \u010dten\u00e1\u0159sk\u00e9 srdce na pokoji.<\/p>\n<p >Po celou dobu trv\u00e1n\u00ed Knihom\u00e1nie budou toti\u017e vych\u00e1zet knihy,  na kter\u00e9 dlouho \u010dek\u00e1me. Tak t\u0159eba hned 21. dubna to bude druh\u00fd d\u00edl \u201ekucha\u0159ky\u201c <strong>J\u00eddlo jako \u017eivotn\u00ed styl<\/strong> \u0161\u00e9fredaktorky  \u010dasopisu Dieta Petry Lamschov\u00e9 a v\u00fd\u017eivov\u00e9ho poradce Petra Havl\u00ed\u010dka. Dozv\u00edte se,  jak zhubnout a v\u00e1hu udr\u017eet a jak zm\u011bnit \u017eivotn\u00ed styl spr\u00e1vn\u00fdm sm\u011brem. Nebo  rom\u00e1n <strong>Box 21<\/strong> \u2013 kter\u00fd krom\u011b  zamotan\u00e9ho krimin\u00e1ln\u00edho p\u0159\u00edb\u011bhu vypr\u00e1v\u00ed o obchodu s\u00a0b\u00edl\u00fdm masem a auto\u0159i Anders  Roslund a B\u00f6rge Hellstr\u00f6m jsou pova\u017eov\u00e1ni za vych\u00e1zej\u00edc\u00ed hv\u011bzdy \u0161v\u00e9dsk\u00e9  literatury.<\/p>\n<p >Ur\u010dit\u011b v\u00e1s zaujme i nov\u00fd rom\u00e1n Chucka Palahniuka <strong>Proklet\u00ed<\/strong>, pro autora tolik typick\u00e1  bizarn\u00ed pod\u00edvan\u00e1 o tom, za co v\u0161echno se m\u016f\u017eete dostat do pekla. Ostatn\u011b,  v\u00a0pekle se kniha odehr\u00e1v\u00e1.<\/p>\n<p >Posledn\u00ed\u00a0 dubnov\u00fd  t\u00fdden pak vyjdou vzpom\u00ednky politick\u00e9 v\u011bzenkyn\u011b<strong> Jak\u00e1 je cena \u010dlov\u011bka.<\/strong> Jevfrosinija Kersnovskaja si pro\u0161la  sov\u011btsk\u00fdm gulagem a v\u00a0knize popisuje pom\u011bry v\u00a0sov\u011btsk\u00e9m l\u00e1gru. Intenzita  jej\u00edch vzpom\u00ednek je umocn\u011bna ilustracemi, kter\u00e9 pan\u00ed Kersnovskaja nakreslila a  knihu doprov\u00e1zej\u00ed.<\/p>\n<p >Velk\u00fdm hitem minul\u00e9ho roku se stala kniha <strong>Doba jedov\u00e1<\/strong>, ve kter\u00e9 jsme se mohli  do\u010d\u00edst o \u0161kodliv\u00fdch l\u00e1tk\u00e1ch v potravin\u00e1ch, n\u00e1poj\u00edch a \u017eivotn\u00edm prost\u0159ed\u00ed v\u016fbec.  Te\u010f vych\u00e1z\u00ed druh\u00fd d\u00edl a auto\u0159i Anna Struneck\u00e1 a Ji\u0159\u00ed Pato\u010dka op\u011bt \u010dten\u00e1\u0159\u016fm  rad\u00ed, jak se br\u00e1nit p\u0159ed zdravotn\u00edmi riziky.<\/p>\n<p >Velkou pozornost bud\u00ed druh\u00fd do \u010de\u0161tiny p\u0159elo\u017een\u00fd rom\u00e1n Jusi  Adlera-Olsena <strong>Zabij\u00e1ci<\/strong>. Po skv\u011bl\u00e9  \u017den\u011b v\u00a0kleci, kter\u00e1 vy\u0161la v\u00a0polovin\u011b minul\u00e9ho roku, tu m\u00e1me dal\u0161\u00ed  nap\u00ednav\u00fd p\u0159\u00edpad komisa\u0159e Carla M\u00f8rcka a jeho odd\u011blen\u00ed Q.<\/p>\n<p >Ke ka\u017ed\u00e9 z\u00a0dvaceti novinek, kter\u00e9 v\u00a0r\u00e1mci  Knihom\u00e1nie vych\u00e1zej\u00ed, nav\u00edc dostanete <strong>d\u00e1rek  \u2013 knihu pov\u00eddek Petra \u0160abacha Kr\u00e1lovstv\u00ed za story<\/strong>. A m\u016f\u017eete tak\u00e9 sout\u011b\u017eit! <strong>Ve dnech 21. dubna a\u017e 13. kv\u011btna dostanete  ke ka\u017ed\u00e9 knize z\u00a0nab\u00eddky Knihom\u00e1nie sout\u011b\u017en\u00ed kupon<\/strong>. Kdy\u017e jej vypln\u00edte,  m\u00e1te \u0161anci vyhr\u00e1t jeden z\u00a029 bal\u00ed\u010dk\u016f dvaceti atraktivn\u00edch knih (v celkov\u00e9  hodnot\u011b 6\u00a0485 K\u010d), a nebo m\u016f\u017eete vyhr\u00e1t hlavn\u00ed cenu: <strong>l<\/strong><strong>uxusn\u00ed vyd\u00e1n\u00ed Dal\u00edho Bible<\/strong> (<a href=\"http:\/\/neoluxor.cz\/beletrie\/bible-dali--165336\/\" target=\"_blank\" rel=\"noopener\">v\u00edce informac\u00ed o Dal\u00edho Bibli najdete  na na\u0161em webu<\/a>).<\/p>\n<p >Knihom\u00e1nie toho nab\u00edz\u00ed mnohem v\u00edc, ne\u017e je mo\u017en\u00e9  v\u00a0prostoru tohoto \u010dl\u00e1nku obs\u00e1hnout: nap\u0159\u00edklad, vyberete-li si jak\u00e9koliv  dva thrillery od Jeffreyho Deavera, dostanete k\u00a0nim zdarma jeho knihu  P\u0159\u00ed\u0161t\u00ed ob\u011bti . Podobn\u00fdch nab\u00eddek je v\u00edc a kompletn\u00ed informace naleznete na webu  <a href=\"http:\/\/www.knihomanie.cz\/\" target=\"_blank\" rel=\"noopener\">www.knihomanie.cz<\/a> a tak\u00e9  v\u00a0bro\u017eurce, kterou v\u00e1m r\u00e1di d\u00e1me v\u00a0na\u0161ich knihkupectv\u00edch.<\/p>\n<p ><\/p>\n","protected":false},"excerpt":{"rendered":"<p>23. duben je v\u00fdznamn\u00e9 datum pro sv\u011btovou literaturu. Tento ten zem\u0159eli dva velik\u00e1ni spisovatelsk\u00e9ho \u0159emesla. William Shakespear a Miguel de Cervantes y Savendra . UNESCO na tento den vyhl\u00e1silo Sv\u011btov\u00fd den knihy a autorsk\u00fdch pr\u00e1v, kter\u00fd p\u0159ipom\u00edn\u00e1, \u017ee \u010dten\u00ed m\u00e1 z\u016fst\u00e1vat velk\u00fdm z\u00e1\u017eitkem a \u017ee knihy maj\u00ed v prvn\u00ed \u0159ad\u011b p\u0159in\u00e1\u0161et radost.<\/p>\n","protected":false},"author":2,"featured_media":0,"comment_status":"open","ping_status":"open","sticky":false,"template":"","format":"standard","meta":{"_acf_changed":false,"_monsterinsights_skip_tracking":false,"_monsterinsights_sitenote_active":false,"_monsterinsights_sitenote_note":"","_monsterinsights_sitenote_category":0,"_EventAllDay":false,"_EventTimezone":"","_EventStartDate":"","_EventEndDate":"","_EventStartDateUTC":"","_EventEndDateUTC":"","_EventShowMap":false,"_EventShowMapLink":false,"_EventURL":"","_EventCost":"","_EventCostDescription":"","_EventCurrencySymbol":"","_EventCurrencyCode":"","_EventCurrencyPosition":"","_EventDateTimeSeparator":"","_EventTimeRangeSeparator":"","_EventOrganizerID":[],"_EventVenueID":[],"_OrganizerEmail":"","_OrganizerPhone":"","_OrganizerWebsite":"","_VenueAddress":"","_VenueCity":"","_VenueCountry":"","_VenueProvince":"","_VenueState":"","_VenueZip":"","_VenuePhone":"","_VenueURL":"","_VenueStateProvince":"","_VenueLat":"","_VenueLng":"","_VenueShowMap":false,"_VenueShowMapLink":false,"twitterCardType":"","cardImageID":0,"cardImage":"","cardTitle":"","cardDesc":"","cardImageAlt":"","cardPlayer":"","cardPlayerWidth":0,"cardPlayerHeight":0,"cardPlayerStream":"","cardPlayerCodec":"","footnotes":""},"categories":[1],"tags":[],"class_list":["post-2037","post","type-post","status-publish","format-standard","hentry","category-nezarazene"],"acf":{"related_products":null},"_links":{"self":[{"href":"https:\/\/www.luxor.cz\/blog\/wp-json\/wp\/v2\/posts\/2037","targetHints":{"allow":["GET"]}}],"collection":[{"href":"https:\/\/www.luxor.cz\/blog\/wp-json\/wp\/v2\/posts"}],"about":[{"href":"https:\/\/www.luxor.cz\/blog\/wp-json\/wp\/v2\/types\/post"}],"author":[{"embeddable":true,"href":"https:\/\/www.luxor.cz\/blog\/wp-json\/wp\/v2\/users\/2"}],"replies":[{"embeddable":true,"href":"https:\/\/www.luxor.cz\/blog\/wp-json\/wp\/v2\/comments?post=2037"}],"version-history":[{"count":0,"href":"https:\/\/www.luxor.cz\/blog\/wp-json\/wp\/v2\/posts\/2037\/revisions"}],"wp:attachment":[{"href":"https:\/\/www.luxor.cz\/blog\/wp-json\/wp\/v2\/media?parent=2037"}],"wp:term":[{"taxonomy":"category","embeddable":true,"href":"https:\/\/www.luxor.cz\/blog\/wp-json\/wp\/v2\/categories?post=2037"},{"taxonomy":"post_tag","embeddable":true,"href":"https:\/\/www.luxor.cz\/blog\/wp-json\/wp\/v2\/tags?post=2037"}],"curies":[{"name":"wp","href":"https:\/\/api.w.org\/{rel}","templated":true}]}}