{"id":2025,"date":"2012-03-14T10:36:00","date_gmt":"2012-03-14T09:36:00","guid":{"rendered":"https:\/\/www.luxor.cz\/blog\/nezarazene\/deset-let-s-vaclavem-havlem\/"},"modified":"2023-01-06T16:19:52","modified_gmt":"2023-01-06T15:19:52","slug":"deset-let-s-vaclavem-havlem-67","status":"publish","type":"post","link":"https:\/\/www.luxor.cz\/blog\/recenze\/deset-let-s-vaclavem-havlem-67\/","title":{"rendered":"Deset let s V\u00e1clavem Havlem"},"content":{"rendered":"<\/p>\n<p >Pam\u011bti bl\u00edzk\u00fdch spolupracovn\u00edk\u016f politick\u00fdch osobnost\u00ed b\u00fdvaj\u00ed  o\u010dek\u00e1v\u00e1ny s\u00a0nap\u011bt\u00edm. \u010cek\u00e1 se, \u017ee ten \u010di onen na sv\u00e9ho b\u00fdval\u00e9ho \u0161\u00e9fa n\u011bco  \u201epr\u00e1skne\u201c \u2013 n\u011bjakou pikanterii, kter\u00e1 za \u010dasu aktivn\u00ed slu\u017eby doty\u010dn\u00e9ho politika  z\u016fstala skryta o\u010d\u00edm ve\u0159ejnosti. Jak ale Ladislav \u0160pa\u010dek n\u011bkolikr\u00e1t zopakoval:  Nen\u00ed pr\u00e1ska\u010d. Necht\u011bl ps\u00e1t senza\u010dn\u00ed knihu, ze kter\u00e9 by pak n\u011bkolik t\u00fddn\u016f citovala  bulv\u00e1rn\u00ed m\u00e9dia. Ale zase necht\u011bl, jak \u0159\u00edk\u00e1, napsat such\u00e9 spisky, kter\u00e9 nikoho  nebudou zaj\u00edmat. Vznikla tak kol\u00e1\u017e historek, ve kter\u00fdch je \u00facta a hlavn\u011b humor.<\/p>\n<p >A t\u00edm Ladislav \u0160pa\u010dek ne\u0161et\u0159\u00ed. Ne, \u017ee by to byla sb\u00edrka  prezidentsk\u00fdch anekdot, ale \u0160pa\u010dek vzpom\u00edn\u00e1 na m\u00e9n\u011b \u010di v\u00edce vesel\u00e9 historky,  kter\u00e9 tvo\u0159ily ned\u00edlnou sou\u010d\u00e1st dn\u00ed prezidentov\u00e1n\u00ed V\u00e1clava Havla. Vzpom\u00edn\u00e1 na  jeho pedantstv\u00ed, kdy\u017e \u017eidle u stolu musely b\u00fdt na p\u0159esn\u011b ur\u010den\u00fdch m\u00edstech a  prezident republiky nev\u00e1hal padnout na kolena, aby je srovnal podle \u010dar na  koberci. Nebo vzpom\u00edn\u00e1 na p\u0159iv\u00edtac\u00ed ritu\u00e1l jak\u00e9hosi exotick\u00e9ho kmene, kdy  prezident nedodr\u017eel p\u0159esn\u00fd postup ceremonie, a hrozilo, \u017ee padne za vlast.  Podobn\u00fdch p\u0159\u00edhod najdeme v\u00a0knize des\u00edtky, ale p\u0159esto netvo\u0159\u00ed jej\u00ed p\u00e1te\u0159.<\/p>\n<p >Tou je toti\u017e n\u011bco jin\u00e9ho. Humor pouze ilustruje jin\u00e9 velk\u00e9  t\u00e9ma. Ladislav \u0160pa\u010dek zachytil V\u00e1clava Havla nejen jako st\u00e1tn\u00edka a n\u00e1rodn\u00ed  autoritu, ale jako \u010dlov\u011bka z\u00a0masa a kost\u00ed. Pro hodn\u011b \u010cech\u016f byl Havel nedotknutelnou  autoritou, ke kter\u00e9 se vzhledem k\u00a0jeho p\u0159\u00edb\u011bhu a nelehk\u00e9mu osudu vzhl\u00ed\u017eelo  t\u00e9m\u011b\u0159 n\u00e1bo\u017en\u011b. \u0160pa\u010dek ukazuje, \u017ee ve funkci prezidenta \u010cesk\u00e9 republiky byl  v\u00a0prvn\u00ed \u0159ad\u011b \u010dlov\u011bk, \u010dlov\u011bk nikoliv bez chyb, ale \u010dlov\u011bk s\u00a0jasnou  p\u0159edstavou o sv\u011bt\u011b a spole\u010dnosti. Ukazuje prezidenta ne jako byrokrata, ale jako  filosofa hledaj\u00edc\u00ed pro na\u0161i zemi m\u00edsto ve sv\u011bt\u011b.<\/p>\n<p >Memo\u00e1r\u016f o V\u00e1clavu Havlovi jist\u011b vyjde je\u0161t\u011b n\u011bkolik. Mysl\u00edm  ale, \u017ee u\u017e nevyjde kniha, jako je tato. Po D\u00e1lkov\u00e9m v\u00fdslechu a Pros\u00edm stru\u010dn\u011b \u2013  tedy knih\u00e1ch, kter\u00e9 byly na zp\u016fsob Hovor\u016f s\u00a0TGM p\u0159edstaven\u00edm pohledu  V\u00e1clava Havla na sv\u011bt a spole\u010dnost, tu m\u00e1me knihu, kter\u00e1 n\u00e1s nech\u00e1v\u00e1 nahl\u00ed\u017eet  za oponu. Za oponu fantastick\u00e9ho divadeln\u00edho p\u0159edstaven\u00ed, kter\u00e9 se u\u017e nikdy  opakovat nebude.<\/p><\/p>\n","protected":false},"excerpt":{"rendered":"<p>Pan Ladislav \u0160pa\u010dek str\u00e1vil deset let po boku prezidenta V\u00e1clava Havla. Str\u00e1vil s n\u00edm dobu, kdy stoupala i klesala jeho obliba, kdy jeho soukrom\u00fd \u017eivot zas\u00e1hlo n\u011bkolik tvrd\u00fdch ran. Ladislav \u0160pa\u010dek byl celou dobu jeden z jeho nejbli\u017e\u0161\u00edch spolupracovn\u00edk\u016f a stal se jak\u00fdmsi sv\u011bdkem jeho \u017eivota. Te\u010f vydal knihu, kde o tom \u017eivot\u011b pod\u00e1v\u00e1 zpr\u00e1vu.<\/p>\n","protected":false},"author":2,"featured_media":0,"comment_status":"open","ping_status":"open","sticky":false,"template":"","format":"standard","meta":{"_acf_changed":false,"_monsterinsights_skip_tracking":false,"_monsterinsights_sitenote_active":false,"_monsterinsights_sitenote_note":"","_monsterinsights_sitenote_category":0,"_EventAllDay":false,"_EventTimezone":"","_EventStartDate":"","_EventEndDate":"","_EventStartDateUTC":"","_EventEndDateUTC":"","_EventShowMap":false,"_EventShowMapLink":false,"_EventURL":"","_EventCost":"","_EventCostDescription":"","_EventCurrencySymbol":"","_EventCurrencyCode":"","_EventCurrencyPosition":"","_EventDateTimeSeparator":"","_EventTimeRangeSeparator":"","_EventOrganizerID":[],"_EventVenueID":[],"_OrganizerEmail":"","_OrganizerPhone":"","_OrganizerWebsite":"","_VenueAddress":"","_VenueCity":"","_VenueCountry":"","_VenueProvince":"","_VenueState":"","_VenueZip":"","_VenuePhone":"","_VenueURL":"","_VenueStateProvince":"","_VenueLat":"","_VenueLng":"","_VenueShowMap":false,"_VenueShowMapLink":false,"twitterCardType":"","cardImageID":0,"cardImage":"","cardTitle":"","cardDesc":"","cardImageAlt":"","cardPlayer":"","cardPlayerWidth":0,"cardPlayerHeight":0,"cardPlayerStream":"","cardPlayerCodec":"","footnotes":""},"categories":[7],"tags":[],"class_list":["post-2025","post","type-post","status-publish","format-standard","hentry","category-recenze"],"acf":{"related_products":null},"_links":{"self":[{"href":"https:\/\/www.luxor.cz\/blog\/wp-json\/wp\/v2\/posts\/2025","targetHints":{"allow":["GET"]}}],"collection":[{"href":"https:\/\/www.luxor.cz\/blog\/wp-json\/wp\/v2\/posts"}],"about":[{"href":"https:\/\/www.luxor.cz\/blog\/wp-json\/wp\/v2\/types\/post"}],"author":[{"embeddable":true,"href":"https:\/\/www.luxor.cz\/blog\/wp-json\/wp\/v2\/users\/2"}],"replies":[{"embeddable":true,"href":"https:\/\/www.luxor.cz\/blog\/wp-json\/wp\/v2\/comments?post=2025"}],"version-history":[{"count":0,"href":"https:\/\/www.luxor.cz\/blog\/wp-json\/wp\/v2\/posts\/2025\/revisions"}],"wp:attachment":[{"href":"https:\/\/www.luxor.cz\/blog\/wp-json\/wp\/v2\/media?parent=2025"}],"wp:term":[{"taxonomy":"category","embeddable":true,"href":"https:\/\/www.luxor.cz\/blog\/wp-json\/wp\/v2\/categories?post=2025"},{"taxonomy":"post_tag","embeddable":true,"href":"https:\/\/www.luxor.cz\/blog\/wp-json\/wp\/v2\/tags?post=2025"}],"curies":[{"name":"wp","href":"https:\/\/api.w.org\/{rel}","templated":true}]}}