{"id":2001,"date":"2012-01-06T17:34:00","date_gmt":"2012-01-06T16:34:00","guid":{"rendered":"https:\/\/www.luxor.cz\/blog\/nezarazene\/pred-vanocemi-se-nejvice-prodaval-sverak-eco-a-jobs\/"},"modified":"2023-01-06T16:20:02","modified_gmt":"2023-01-06T15:20:02","slug":"pred-vanocemi-se-nejvice-prodaval-sverak-eco-a-jobs-40","status":"publish","type":"post","link":"https:\/\/www.luxor.cz\/blog\/nezarazene\/pred-vanocemi-se-nejvice-prodaval-sverak-eco-a-jobs-40\/","title":{"rendered":"P\u0159ed V\u00e1nocemi se nejv\u00edce prod\u00e1val Sv\u011br\u00e1k, Eco a Jobs"},"content":{"rendered":"<\/p>\n<p >Nej\u00fasp\u011b\u0161n\u011bj\u0161\u00ed  byli z\u00e1stupci \u010desk\u00e9 beletrie \u2013 p\u0159edev\u0161\u00edm <strong>Zden\u011bk  Sv\u011br\u00e1k se sv\u00fdmi Nov\u00fdmi pov\u00eddkami<\/strong>, <strong>Michal  Viewegh s\u00a0Mafi\u00ed v\u00a0Praze, Marie Poled\u0148\u00e1kov\u00e1<\/strong> s\u00a0horkou novinkou  <strong>L\u00edb\u00e1\u0161 jako \u010f\u00e1bel<\/strong> nebo <strong>Halina Pawlowsk\u00e1 <\/strong>s\u00a0knihou<strong> Velk\u00e1 \u017eena z\u00a0v\u00fdchodu<\/strong>.<\/p>\n<p >Sv\u011btov\u00e9  literatu\u0159e pak kraloval <strong>Umberto<\/strong> <strong>Eco s\u00a0Pra\u017esk\u00fdm h\u0159bitovem<\/strong>, <strong>\u017eivotopis Steva Jobse od Waltera Isaacsona<\/strong>,  <strong>Jo Nesbo s\u00a0Lovci hlav<\/strong> a kniha <strong>Alef Paola Coelha<\/strong>.<\/p>\n<p >Z\u00a0kucha\u0159ek  to bylo <strong>Slavnostn\u00ed pe\u010den\u00ed s\u00a0Ivetou<\/strong>,  novinka <strong>Jamie Olivera 30 minut  v\u00a0kuchyni<\/strong> nebo druh\u00fd d\u00edl recept\u016f ze zn\u00e1m\u00e9ho televizn\u00edho po\u0159adu <strong>Prost\u0159eno!<\/strong><\/p>\n<p >Prod\u00e1valy se  i d\u011btsk\u00e9 knihy, nejv\u00edce <strong>p\u00e1t\u00fd d\u00edl Den\u00edk\u016f  mal\u00e9ho poseroutky Jeffa Kinneyho O\u0161kliv\u00e1 pravda<\/strong>.\u00a0 Z\u00a0\u010desk\u00fdch d\u011btsk\u00fdch knih to pak byly  st\u00e1lice kni\u017en\u00edho trhu \u2013 <strong>Licho\u017erouti  Pavla \u0160ruta <\/strong>a<strong> Straka v\u00a0\u0159\u00ed\u0161i  Entropie Mark\u00e9ty Ba\u0148kov\u00e9. <\/strong><\/p>\n<p >Do  p\u0159edv\u00e1no\u010dn\u00edho \u010dasu zas\u00e1hla i smrt b\u00fdval\u00e9ho prezidenta V\u00e1clava Havla a  samoz\u0159ejm\u011b se to odrazilo i na z\u00e1jmu o knihy spojen\u00e9 s\u00a0jeho osobou.\u00a0 Pomysln\u00e9 prvenstv\u00ed si p\u0159ipsala kniha <strong>Petra \u010cerm\u00e1ka \u010clov\u011bk Havel<\/strong>. Zv\u00fd\u0161en\u00fd  z\u00e1jem byl <strong>o kni\u017en\u00ed rozhovor V\u00e1clava  Havla s\u00a0Karlem Hv\u00ed\u017e\u010falou s\u00a0n\u00e1zvem Pros\u00edm, stru\u010dn\u011b<\/strong> nebo o <strong>Sebran\u00e9 spisy V\u00e1clava Havla.<\/strong><\/p>\n<p >Neoluxor  zaznamenal oproti p\u0159edchoz\u00edmu roku m\u00edrn\u00e9 zlep\u0161en\u00ed prodeje. Je pot\u011b\u0161uj\u00edc\u00ed, \u017ee  navzdory obav\u00e1m se knihy prod\u00e1vaj\u00ed st\u00e1le dob\u0159e.<\/p><\/p>\n","protected":false},"excerpt":{"rendered":"<p>Praha, 6. ledna 2012 &#8211; P\u0159ed V\u00e1nocemi se i letos projevil zv\u00fd\u0161en\u00fd z\u00e1jem o knihy. V s\u00edti knihkupectv\u00ed Neoluxor se nejl\u00e9pe prod\u00e1vala \u010desk\u00e1 a sv\u011btov\u00e1 beletrie a kucha\u0159ky.<\/p>\n","protected":false},"author":2,"featured_media":0,"comment_status":"open","ping_status":"open","sticky":false,"template":"","format":"standard","meta":{"_acf_changed":false,"_monsterinsights_skip_tracking":false,"_monsterinsights_sitenote_active":false,"_monsterinsights_sitenote_note":"","_monsterinsights_sitenote_category":0,"_EventAllDay":false,"_EventTimezone":"","_EventStartDate":"","_EventEndDate":"","_EventStartDateUTC":"","_EventEndDateUTC":"","_EventShowMap":false,"_EventShowMapLink":false,"_EventURL":"","_EventCost":"","_EventCostDescription":"","_EventCurrencySymbol":"","_EventCurrencyCode":"","_EventCurrencyPosition":"","_EventDateTimeSeparator":"","_EventTimeRangeSeparator":"","_EventOrganizerID":[],"_EventVenueID":[],"_OrganizerEmail":"","_OrganizerPhone":"","_OrganizerWebsite":"","_VenueAddress":"","_VenueCity":"","_VenueCountry":"","_VenueProvince":"","_VenueState":"","_VenueZip":"","_VenuePhone":"","_VenueURL":"","_VenueStateProvince":"","_VenueLat":"","_VenueLng":"","_VenueShowMap":false,"_VenueShowMapLink":false,"twitterCardType":"","cardImageID":0,"cardImage":"","cardTitle":"","cardDesc":"","cardImageAlt":"","cardPlayer":"","cardPlayerWidth":0,"cardPlayerHeight":0,"cardPlayerStream":"","cardPlayerCodec":"","footnotes":""},"categories":[1],"tags":[],"class_list":["post-2001","post","type-post","status-publish","format-standard","hentry","category-nezarazene"],"acf":{"related_products":null},"_links":{"self":[{"href":"https:\/\/www.luxor.cz\/blog\/wp-json\/wp\/v2\/posts\/2001","targetHints":{"allow":["GET"]}}],"collection":[{"href":"https:\/\/www.luxor.cz\/blog\/wp-json\/wp\/v2\/posts"}],"about":[{"href":"https:\/\/www.luxor.cz\/blog\/wp-json\/wp\/v2\/types\/post"}],"author":[{"embeddable":true,"href":"https:\/\/www.luxor.cz\/blog\/wp-json\/wp\/v2\/users\/2"}],"replies":[{"embeddable":true,"href":"https:\/\/www.luxor.cz\/blog\/wp-json\/wp\/v2\/comments?post=2001"}],"version-history":[{"count":0,"href":"https:\/\/www.luxor.cz\/blog\/wp-json\/wp\/v2\/posts\/2001\/revisions"}],"wp:attachment":[{"href":"https:\/\/www.luxor.cz\/blog\/wp-json\/wp\/v2\/media?parent=2001"}],"wp:term":[{"taxonomy":"category","embeddable":true,"href":"https:\/\/www.luxor.cz\/blog\/wp-json\/wp\/v2\/categories?post=2001"},{"taxonomy":"post_tag","embeddable":true,"href":"https:\/\/www.luxor.cz\/blog\/wp-json\/wp\/v2\/tags?post=2001"}],"curies":[{"name":"wp","href":"https:\/\/api.w.org\/{rel}","templated":true}]}}