{"id":1997,"date":"2011-12-08T14:31:00","date_gmt":"2011-12-08T13:31:00","guid":{"rendered":"https:\/\/www.luxor.cz\/blog\/nezarazene\/racionalni-pohled-na-palcive-otazky-a-problemy-soucasne-ekonomie\/"},"modified":"2023-01-06T16:20:13","modified_gmt":"2023-01-06T15:20:13","slug":"racionalni-pohled-na-palcive-otazky-a-problemy-soucasne-ekonomie-36","status":"publish","type":"post","link":"https:\/\/www.luxor.cz\/blog\/nezarazene\/racionalni-pohled-na-palcive-otazky-a-problemy-soucasne-ekonomie-36\/","title":{"rendered":"Racion\u00e1ln\u00ed pohled na pal\u010div\u00e9 ot\u00e1zky a probl\u00e9my sou\u010dasn\u00e9 ekonomie"},"content":{"rendered":"<p><p >Kniha Ekonomie a zdrav\u00fd  rozum je pohledem ekonoma na \u010dasto nep\u0159\u00edli\u0161 racion\u00e1ln\u00ed debatu nejen o hospod\u00e1\u0159sk\u00fdch  t\u00e9matech, ale tak\u00e9 o sou\u010dasn\u00e9 spole\u010dnosti. V\u00a0p\u011bti ekonomick\u00fdch studi\u00edch se  zam\u011b\u0159uje zejm\u00e9na na aktu\u00e1ln\u00ed ekonomick\u00e1 t\u00e9mata a p\u0159in\u00e1\u0161\u00ed vyj\u00e1d\u0159en\u00ed a odpov\u011bdi na  ot\u00e1zky a probl\u00e9my dne\u0161n\u00ed ekonomie jako spole\u010densk\u00e9 v\u011bdy.<\/p>\n<p >\n<p >Autor klade d\u016fraz  na pot\u0159ebu navr\u00e1tit se k\u00a0tr\u017en\u00edm princip\u016fm a\u00a0z\u00e1rove\u0148 se zam\u00fd\u0161l\u00ed nad  sou\u010dasnou ekonomickou kriz\u00ed. S\u00a0ohledem na nov\u00e9 trendy popisuje a objas\u0148uje  \u0159adu nov\u00fdch ekonomick\u00fdch jev\u016f a zmi\u0148uje tak\u00e9 ekonomick\u00e1 fakta \u010desk\u00e9 energetiky  a p\u0159\u00edrodn\u00edch zdroj\u016f.<\/p>\n<p >\n<p >Autorem p\u0159edmluvy  je prezident \u010cesk\u00e9 republiky prof. Ing. V\u00e1clav Klaus, CSc.<\/p>\n<\/p>\n<p >\n<p >\n<p ><strong>O autorovi:<\/strong><\/p>\n<p >Vladim\u00edr Tom\u0161\u00edk  (*12. 6. 1974, \u010celadn\u00e1)<\/p>\n<p >Vystudoval Fakultu  n\u00e1rodohospod\u00e1\u0159skou a Fakultu financ\u00ed a \u00fa\u010detnictv\u00ed na Vysok\u00e9 \u0161kole ekonomick\u00e9 v  Praze a Fakultu soci\u00e1ln\u00edch v\u011bd na Univerzit\u011b Karlov\u011b v Praze. Doktor\u00e1t z\u00edskal v\u00a0oboru  hospod\u00e1\u0159sk\u00e1 politika (V\u0160E Praha) a v oboru ekonomie (Univerzita Karlova v  Praze). V\u00a0roce 2009 byl na n\u00e1vrh V\u011bdeck\u00e9 rady Vysok\u00e9 \u0161koly ekonomick\u00e9 v  Praze jmenov\u00e1n profesorem pro obor finance.<\/p>\n<p >Od roku 1997  p\u0159edn\u00e1\u0161\u00ed kurzy zam\u011b\u0159en\u00e9 na m\u011bnovou politiku, hospod\u00e1\u0159skou politiku a  makroekonomickou anal\u00fdzu a progn\u00f3zu na Vysok\u00e9 \u0161kole ekonomick\u00e9 v Praze a na Newton  College. K problematice makroekonomie, financ\u00ed, m\u011bnov\u00e9 politiky a hospod\u00e1\u0159sk\u00e9  politiky pravideln\u011b vystupuje a publikuje doma i v zahrani\u010d\u00ed.<\/p>\n<p >Od 1. prosince 2006  byl Vladim\u00edr Tom\u0161\u00edk jmenov\u00e1n \u010dlenem bankovn\u00ed rady \u010cesk\u00e9 n\u00e1rodn\u00ed banky. S\u00a0platnost\u00ed  od 1. \u010dervence 2010 jej prezident republiky jmenoval viceguvern\u00e9rem \u010cNB.<\/p><\/p>\n","protected":false},"excerpt":{"rendered":"<p>Za\u010d\u00e1tkem prosince se na pultech knihkupc\u016f objevil titul Ekonomie a zdrav\u00fd rozum, jeho\u017e autorem je uzn\u00e1van\u00fd \u010desk\u00fd ekonom a pedagog prof. Ing. PhDr. Ing. Vladim\u00edr Tom\u0161\u00edk, Ph.D., Ph.D, viceguvern\u00e9r \u010cesk\u00e9 n\u00e1rodn\u00ed banky. Obsahem knihy je celkem p\u011bt studi\u00ed, ve kter\u00fdch se autor zaob\u00edr\u00e1 aktu\u00e1ln\u00edmi ekonomick\u00fdmi t\u00e9maty a p\u0159edstavuje mo\u017en\u00e1 \u0159e\u0161en\u00ed. Titul vych\u00e1z\u00ed v Nakladatelstv\u00ed Fragment.<\/p>\n","protected":false},"author":2,"featured_media":0,"comment_status":"open","ping_status":"open","sticky":false,"template":"","format":"standard","meta":{"_acf_changed":false,"_monsterinsights_skip_tracking":false,"_monsterinsights_sitenote_active":false,"_monsterinsights_sitenote_note":"","_monsterinsights_sitenote_category":0,"_EventAllDay":false,"_EventTimezone":"","_EventStartDate":"","_EventEndDate":"","_EventStartDateUTC":"","_EventEndDateUTC":"","_EventShowMap":false,"_EventShowMapLink":false,"_EventURL":"","_EventCost":"","_EventCostDescription":"","_EventCurrencySymbol":"","_EventCurrencyCode":"","_EventCurrencyPosition":"","_EventDateTimeSeparator":"","_EventTimeRangeSeparator":"","_EventOrganizerID":[],"_EventVenueID":[],"_OrganizerEmail":"","_OrganizerPhone":"","_OrganizerWebsite":"","_VenueAddress":"","_VenueCity":"","_VenueCountry":"","_VenueProvince":"","_VenueState":"","_VenueZip":"","_VenuePhone":"","_VenueURL":"","_VenueStateProvince":"","_VenueLat":"","_VenueLng":"","_VenueShowMap":false,"_VenueShowMapLink":false,"twitterCardType":"","cardImageID":0,"cardImage":"","cardTitle":"","cardDesc":"","cardImageAlt":"","cardPlayer":"","cardPlayerWidth":0,"cardPlayerHeight":0,"cardPlayerStream":"","cardPlayerCodec":"","footnotes":""},"categories":[1],"tags":[],"class_list":["post-1997","post","type-post","status-publish","format-standard","hentry","category-nezarazene"],"acf":{"related_products":null},"_links":{"self":[{"href":"https:\/\/www.luxor.cz\/blog\/wp-json\/wp\/v2\/posts\/1997","targetHints":{"allow":["GET"]}}],"collection":[{"href":"https:\/\/www.luxor.cz\/blog\/wp-json\/wp\/v2\/posts"}],"about":[{"href":"https:\/\/www.luxor.cz\/blog\/wp-json\/wp\/v2\/types\/post"}],"author":[{"embeddable":true,"href":"https:\/\/www.luxor.cz\/blog\/wp-json\/wp\/v2\/users\/2"}],"replies":[{"embeddable":true,"href":"https:\/\/www.luxor.cz\/blog\/wp-json\/wp\/v2\/comments?post=1997"}],"version-history":[{"count":0,"href":"https:\/\/www.luxor.cz\/blog\/wp-json\/wp\/v2\/posts\/1997\/revisions"}],"wp:attachment":[{"href":"https:\/\/www.luxor.cz\/blog\/wp-json\/wp\/v2\/media?parent=1997"}],"wp:term":[{"taxonomy":"category","embeddable":true,"href":"https:\/\/www.luxor.cz\/blog\/wp-json\/wp\/v2\/categories?post=1997"},{"taxonomy":"post_tag","embeddable":true,"href":"https:\/\/www.luxor.cz\/blog\/wp-json\/wp\/v2\/tags?post=1997"}],"curies":[{"name":"wp","href":"https:\/\/api.w.org\/{rel}","templated":true}]}}