{"id":1995,"date":"2011-11-21T11:31:00","date_gmt":"2011-11-21T10:31:00","guid":{"rendered":"https:\/\/www.luxor.cz\/blog\/nezarazene\/steve-jobs-od-waltera-isaacsona\/"},"modified":"2023-01-06T16:20:13","modified_gmt":"2023-01-06T15:20:13","slug":"steve-jobs-od-waltera-isaacsona-34","status":"publish","type":"post","link":"https:\/\/www.luxor.cz\/blog\/nezarazene\/steve-jobs-od-waltera-isaacsona-34\/","title":{"rendered":"Steve Jobs od Waltera Isaacsona"},"content":{"rendered":"<\/p>\n<p >Jedn\u00e1 se o ofici\u00e1ln\u00ed \u017eivotopis, na  kter\u00e9m Steve Jobs s\u00a0autorem spolupracoval. Z\u00e1rove\u0148 mu ponechal absolutn\u00ed  volnost a v\u00fdslednou podobu nekorigoval. Co je ale podstatn\u00e9: toto nen\u00ed \u017e\u00e1dn\u00fd  hyenismus. Je to naopak pomn\u00edk, pocta a \u00fa\u017easn\u00fd portr\u00e9t geni\u00e1ln\u00edho \u010dlov\u011bka,  kter\u00fd zp\u016fsobil revoluci v\u00a0odv\u011btv\u00ed osobn\u00edch po\u010d\u00edta\u010d\u016f, telefon\u016f, tablet\u016f,  hudebn\u00edch p\u0159ehr\u00e1va\u010d\u016f, filmov\u00e9 animace a dal\u0161\u00edch. S\u00e1m Jobs \u0159\u00edkal, \u017ee souhlasil  s\u00a0naps\u00e1n\u00edm t\u00e9to knihy proto, aby ho poznaly jeho d\u011bti.<\/p>\n<p >\n<p >Isaacson  sb\u00edral materi\u00e1l pro tento \u017eivotopis dva roky. Absolvoval nes\u010detn\u011b rozhovor\u016f jak  se samotn\u00fdm Jobsem, tak s\u00a0jeho spolupracovn\u00edky, p\u0159\u00e1teli i konkurenty. Je  to velk\u00fd p\u0159\u00edb\u011bh, velk\u00e1 poh\u00e1dka t\u00e9to doby s\u00a0t\u00edm smutn\u00fdm koncem, \u017ee Jobs se  vyd\u00e1n\u00ed sv\u00e9ho \u017eivotopisu nedo\u010dkal. Sv\u016fj state\u010dn\u00fd boj s\u00a0t\u011b\u017ekou nemoc\u00ed, kter\u00fd  je v\u00a0knize rovn\u011b\u017e zachycen, za\u010d\u00e1tkem \u0159\u00edjna prohr\u00e1l.<\/p>\n<p >\n<p >Pozoruhodnou  sou\u010d\u00e1st\u00ed knihy jsou tak\u00e9 fotografie. V\u011bt\u0161inu z\u00a0nich jsme dosud nikdy  nem\u011bli mo\u017enost vid\u011bt. Ty z\u00a0fotografick\u00e9 p\u0159\u00edlohy na k\u0159\u00eddov\u00e9m pap\u00edru  poch\u00e1zej\u00ed z\u00a0kolekce Diany Walkerov\u00e9, kter\u00e1 t\u00e9m\u011b\u0159 t\u0159icet let m\u011bla zvl\u00e1\u0161tn\u00ed  dovolen\u00ed fotografovat sv\u00e9ho p\u0159\u00edtele Steva Jobse. Dal\u0161\u00ed fotografie poch\u00e1zej\u00ed  nap\u0159\u00edklad z\u00a0archivu Jobsovy rodiny.<\/p>\n<p >\n<p>\u010cesk\u00e9  vyd\u00e1n\u00ed vznikalo v\u00a0rekordn\u00edm tempu a v\u00a0maxim\u00e1ln\u00edm utajen\u00ed. \u017d\u00e1dn\u00e1 \u010d\u00e1st  knihy nesm\u011bla uniknout p\u0159ed sv\u011btovou premi\u00e9rou. Proto text k\u00a0p\u0159ekladu  nebyl ze zahrani\u010d\u00ed zas\u00edl\u00e1n elektronicky, ale ti\u0161t\u011bn\u00fd kur\u00fdrn\u00ed slu\u017ebou. \u010cesk\u00fd  vydavatel musel podepsat prohl\u00e1\u0161en\u00ed ml\u010denlivosti. Vzhled \u010desk\u00e9ho vyd\u00e1n\u00ed  kop\u00edruje podobu sv\u011btov\u00e9 verze, li\u0161\u00ed se jen m\u00edrn\u011b ve form\u00e1tu a rozsahu. Kniha m\u00e1  \u00factyhodn\u00fdch 680 stran a 16 stran fotografick\u00e9 p\u0159\u00edlohy. Vych\u00e1z\u00ed v\u00e1zan\u00e1  s\u00a0p\u0159ebalem.<\/p><\/p>\n","protected":false},"excerpt":{"rendered":"<p>Dlouho o\u010dek\u00e1van\u00fd ofici\u00e1ln\u00ed \u017eivotopis Steva Jobse vy\u0161el 15. 11. \u010desky. Sv\u011btovou premi\u00e9ru m\u011bla kniha 24. 10. v anglicky mluv\u00edc\u00edch zem\u00edch, p\u0159i\u010dem\u017e u\u017e v p\u0159edobjedn\u00e1vk\u00e1ch na Amazonu se jednalo o nejprod\u00e1van\u011bj\u0161\u00ed titul v\u0161ech dob.<\/p>\n","protected":false},"author":2,"featured_media":0,"comment_status":"open","ping_status":"open","sticky":false,"template":"","format":"standard","meta":{"_acf_changed":false,"_monsterinsights_skip_tracking":false,"_monsterinsights_sitenote_active":false,"_monsterinsights_sitenote_note":"","_monsterinsights_sitenote_category":0,"_EventAllDay":false,"_EventTimezone":"","_EventStartDate":"","_EventEndDate":"","_EventStartDateUTC":"","_EventEndDateUTC":"","_EventShowMap":false,"_EventShowMapLink":false,"_EventURL":"","_EventCost":"","_EventCostDescription":"","_EventCurrencySymbol":"","_EventCurrencyCode":"","_EventCurrencyPosition":"","_EventDateTimeSeparator":"","_EventTimeRangeSeparator":"","_EventOrganizerID":[],"_EventVenueID":[],"_OrganizerEmail":"","_OrganizerPhone":"","_OrganizerWebsite":"","_VenueAddress":"","_VenueCity":"","_VenueCountry":"","_VenueProvince":"","_VenueState":"","_VenueZip":"","_VenuePhone":"","_VenueURL":"","_VenueStateProvince":"","_VenueLat":"","_VenueLng":"","_VenueShowMap":false,"_VenueShowMapLink":false,"twitterCardType":"","cardImageID":0,"cardImage":"","cardTitle":"","cardDesc":"","cardImageAlt":"","cardPlayer":"","cardPlayerWidth":0,"cardPlayerHeight":0,"cardPlayerStream":"","cardPlayerCodec":"","footnotes":""},"categories":[1],"tags":[],"class_list":["post-1995","post","type-post","status-publish","format-standard","hentry","category-nezarazene"],"acf":{"related_products":null},"_links":{"self":[{"href":"https:\/\/www.luxor.cz\/blog\/wp-json\/wp\/v2\/posts\/1995","targetHints":{"allow":["GET"]}}],"collection":[{"href":"https:\/\/www.luxor.cz\/blog\/wp-json\/wp\/v2\/posts"}],"about":[{"href":"https:\/\/www.luxor.cz\/blog\/wp-json\/wp\/v2\/types\/post"}],"author":[{"embeddable":true,"href":"https:\/\/www.luxor.cz\/blog\/wp-json\/wp\/v2\/users\/2"}],"replies":[{"embeddable":true,"href":"https:\/\/www.luxor.cz\/blog\/wp-json\/wp\/v2\/comments?post=1995"}],"version-history":[{"count":0,"href":"https:\/\/www.luxor.cz\/blog\/wp-json\/wp\/v2\/posts\/1995\/revisions"}],"wp:attachment":[{"href":"https:\/\/www.luxor.cz\/blog\/wp-json\/wp\/v2\/media?parent=1995"}],"wp:term":[{"taxonomy":"category","embeddable":true,"href":"https:\/\/www.luxor.cz\/blog\/wp-json\/wp\/v2\/categories?post=1995"},{"taxonomy":"post_tag","embeddable":true,"href":"https:\/\/www.luxor.cz\/blog\/wp-json\/wp\/v2\/tags?post=1995"}],"curies":[{"name":"wp","href":"https:\/\/api.w.org\/{rel}","templated":true}]}}