{"id":1992,"date":"2011-11-11T12:44:00","date_gmt":"2011-11-11T11:44:00","guid":{"rendered":"https:\/\/www.luxor.cz\/blog\/nezarazene\/lovci-hlav-miri-soucasne-do-kin-i-na-knizni-pulty\/"},"modified":"2023-01-06T16:20:13","modified_gmt":"2023-01-06T15:20:13","slug":"lovci-hlav-miri-soucasne-do-kin-i-na-knizni-pulty-27","status":"publish","type":"post","link":"https:\/\/www.luxor.cz\/blog\/nezarazene\/lovci-hlav-miri-soucasne-do-kin-i-na-knizni-pulty-27\/","title":{"rendered":"Lovci Hlav m\u00ed\u0159\u00ed do kin i na kni\u017en\u00ed pulty"},"content":{"rendered":"<\/p>\n<p>Jo  Nesb\u00f8 je zat\u00edm druh\u00fd neanglicky p\u00ed\u0161\u00edc\u00ed autor rom\u00e1n\u016f, jeho\u017e  pr\u00e1ce se okam\u017eit\u011b vy\u0161vihla na vrchol \u017eeb\u0159\u00ed\u010dku prodejnosti  knih ve Velk\u00e9 Brit\u00e1nii. Ve sv\u011bt\u011b velmi \u00fasp\u011b\u0161n\u00e1 kni\u017en\u00ed  p\u0159edloha filmu d\u00e1v\u00e1 tu\u0161it, \u017ee sn\u00edmek Lovci hlav bude p\u0159esn\u011b  t\u00edm, \u010d\u00edm m\u00e1 dobr\u00e1 krimin\u00e1lka b\u00fdt. Film slibuje strhuj\u00edc\u00ed  pod\u00edvanou, stejn\u011b jakou p\u0159in\u00e1\u0161\u00ed liter\u00e1rn\u00ed p\u0159edloha. V  produkci spole\u010dnosti YellowBird, kter\u00e1 stoj\u00ed mimo jin\u00e9 za  trilogi\u00ed Millenium, vznikl dal\u0161\u00ed sn\u00edmek, kter\u00fd potvrzuje  naprostou nadvl\u00e1du Skandin\u00e1vie na poli krimin\u00e1ln\u00edho filmu.<\/p>\n<p>Ve  filmu se v hlavn\u00edch rol\u00edch objev\u00ed charismatick\u00fd Nikolaj  Coster-Waldau, kter\u00fd si ji\u017e zahr\u00e1l nap\u0159\u00edklad ve filmech \u010cern\u00fd  jest\u0159\u00e1b sest\u0159elen (Ridley Scott), Firewall  (Richard Loncraine) \u010di Kr\u00e1lovstv\u00ed nebesk\u00e9  (Ridley Scott). V posledn\u00ed dob\u011b se  proslavil svou rol\u00ed v nesm\u00edrn\u011b popul\u00e1rn\u00edm seri\u00e1lu Hra  o tr\u016fny (Game of Thrones). Dal\u0161\u00ed hv\u011bzdou  filmu je pak Aksel Hennie, kter\u00e9ho div\u00e1ci mo\u017en\u00e1 znaj\u00ed ze sn\u00edmk\u016f  Bezva chlap \u010di Max  Manus,  jednoho z nejdra\u017e\u0161\u00edch projekt\u016f v  cel\u00e9 historii norsk\u00e9 kinematografie.<\/p>\n<h2>Film  pln\u00fd nap\u011bt\u00ed<\/h2>\n<p>\u201eP\u0159\u00e1l  bych si, aby film Lovci hlav byl nejen z\u00e1bavn\u00fd, ale aby dok\u00e1zal  tak\u00e9 dojmout a p\u0159inutit k zamy\u0161len\u00ed. Je to film, kter\u00fd v sob\u011b  nese velik\u00fd p\u0159\u00edb\u011bh, ale z\u00e1rove\u0148 se neboj\u00ed v\u00e1s rozesm\u00e1t anebo  v\u00e1s p\u0159inutit lapat po dechu nap\u011bt\u00edm. Jde o \u017e\u00e1nrov\u00fd film,  kter\u00e9mu jde o v\u00edc, ne\u017e aby se na n\u011bj zapomn\u011blo hned, jak div\u00e1k  zhltne posledn\u00ed kousek popcornu a odejde z kina,\u201c  \u0159\u00edk\u00e1 o filmu jeho re\u017eis\u00e9r Morten Tyldum.<\/p>\n<h2>Lovci  hlav u\u010d\u00ed d\u011bt\u00ed \u010d\u00edst<\/h2>\n<p>V  r\u00e1mci celosv\u011btov\u00e9 distribuce filmu Lovci hlav se Jo Nesb\u00f8 rozhodl  k zaj\u00edmav\u00e9mu kroku. Ve\u0161ker\u00fd p\u0159\u00edjem ze sv\u00fdch autorsk\u00fdch pr\u00e1v  (jak z filmu tak z prodeje knih) v\u011bnoval charitativn\u00ed Nadaci  Harryho Hola (Harry Hole Foundation), kter\u00e1 podporuje vzd\u011bl\u00e1n\u00ed  d\u011bt\u00ed z rozvojov\u00fdch zem\u00ed.<\/p>\n<h2>Jo  Nesb\u00f8 a modern\u00ed detektivn\u00ed rom\u00e1n<\/h2>\n<p>Autor  p\u0159edlohy filmu Jo Nesb\u00f8 skl\u00edz\u00ed obrovsk\u00e9 mezin\u00e1rodn\u00ed \u00fasp\u011bchy  se sv\u00fdmi detektivn\u00edmi rom\u00e1ny o policejn\u00edm inspektorovi Harrym  Holeovi , a to nejen u \u010dten\u00e1\u0159\u016f a prodejc\u016f, ale i u odborn\u00e9  kritiky. Za sv\u00e9 knihy z\u00edskal mnoho ocen\u011bn\u00ed, ony knihy byly  p\u0159elo\u017eeny do 35 jazyk\u016f, vyd\u00e1ny ve 140 zem\u00edch a po cel\u00e9m sv\u011bt\u011b  se prodalo p\u0159es 8,5 mili\u00f3nu jejich kopi\u00ed (jen v Norsku se jich  prodaly 2 mili\u00f3ny). Kritika po cel\u00e9m sv\u011bt\u011b Nesb\u00f8a vychvaluje za  to, \u017ee roz\u0161\u00ed\u0159il \u017e\u00e1nr modern\u00edho detektivn\u00edho rom\u00e1nu a v r\u00e1mci  tohoto \u017e\u00e1nru je dnes pova\u017eov\u00e1n za jednoho z p\u0159edn\u00edch evropsk\u00fdch  spisovatel\u016f.<\/p>\n<p>Jo  Nesb\u00f8 se \u010dasto ozna\u010duje jako \u201edal\u0161\u00ed Stieg Larsson\u201c, kter\u00fd  stoj\u00ed za \u00fasp\u011b\u0161nou trilogi\u00ed Millenium. Co\u017e mo\u017en\u00e1 je, mo\u017en\u00e1  nen\u00ed pravda. Filmov\u00fd kritik na filmov\u00e9m festivalu v Torontu Al  Kratina se o tomto srovn\u00e1n\u00ed vyj\u00e1d\u0159il takto:  \u201eNen\u00ed to zcela p\u0159esn\u00e9. Za prv\u00e9 Nesb\u00f8 p\u00ed\u0161e mnohem d\u00e9le ne\u017e  Larsson, ale hlavn\u011b za druh\u00e9:  Nesb\u00f8 p\u00ed\u0161e detektivn\u00ed rom\u00e1ny,  ne rozvl\u00e1\u010dn\u00e9 nesourod\u00e9 manifesta prolo\u017een\u00e9 pas\u00e1\u017eemi vyp\u016fj\u010den\u00e9  z hodn\u011b star\u00fdch magaz\u00edn\u016f Wired.\u201c<\/p>\n<p><strong>Film  Lovci hlav vstupuje do \u010desk\u00e9 distribuce 10. listopadu 2011.  Stejnojmenn\u00e1 kniha nakladatelstv\u00ed Kniha Zl\u00edn vyjde ve stejn\u00e9  datum.<\/strong><\/p>\n<h2>O  filmu Lovci hlav<\/h2>\n<p>Zd\u00e1 se, \u017ee Roger Brown m\u00e1 v\u0161echno, co si \u010dlov\u011bk m\u016f\u017ee p\u0159\u00e1t. Je  nej\u00fasp\u011b\u0161n\u011bj\u0161\u00edm lovcem hlav (vyhled\u00e1va\u010dem pracovn\u00edk\u016f na  pozice vy\u0161\u0161\u00edho managementu) v Norsku, za man\u017eelku m\u00e1 p\u0159ekr\u00e1snou  galeristku a vlastn\u00ed \u00fachvatn\u00fd d\u016fm. Z\u00e1rove\u0148 si ale \u017eije nad sv\u00e9  pom\u011bry. Potaj\u00ed proto krade um\u011bleck\u00e1 d\u00edla. Na slavnostn\u00edm  otev\u0159en\u00ed galerie mu \u017eena p\u0159edstav\u00ed mu\u017ee jm\u00e9nem Clas Greve.  Nejen \u017ee je Greve ide\u00e1ln\u00edm kandid\u00e1tem na pozici, o kterou Roger  usiluje, je i majitelem Rubensova Lovu na kance, jednoho z  nej\u017e\u00e1dan\u011bj\u0161\u00edch obraz\u016f v historii modern\u00edho um\u011bn\u00ed. Roger  vyc\u00edt\u00ed p\u0159\u00edle\u017eitost st\u00e1t se finan\u010dn\u011b nez\u00e1visl\u00fdm a za\u010dne  pl\u00e1novat svou v\u016fbec nejv\u011bt\u0161\u00ed kr\u00e1de\u017e. Brzy ov\u0161em naraz\u00ed na  probl\u00e9m a tentokr\u00e1t to nejsou pen\u00edze, kter\u00e9 by ho mohly poslat ke  dnu\u2026<\/p>\n<\/p>\n<h2>Re\u017eis\u00e9r Morten  Tyldum<\/h2>\n<p>Morten  Tyldum vystudoval \u0160kolu vizu\u00e1ln\u00edch um\u011bn\u00ed v New Yorku a n\u011bkolik  let pracoval v Norskou televizi (NRK), kde spolu s dal\u0161\u00edmi mlad\u00fdmi  televizn\u00edmi re\u017eis\u00e9ry pomohl vytv\u00e1\u0159et nov\u00fd vizu\u00e1ln\u00ed jazyk  televize na za\u010d\u00e1tku 90.let. Jeho debutem byl kr\u00e1tk\u00fd film Fast  Forward (2000) v hlavn\u00edch rol\u00edch \u00fa\u010dinkovali Aksel Hennie a  Nicolai Cleve Broch, ale poprv\u00e9 na sebe jako re\u017eis\u00e9r skute\u010dn\u011b  upozornil a\u017e filmem Buddy (K\u00e1mo\u0161) v roce 2003. Jen v Norsku na n\u011bj  p\u0159i\u0161lo do kin \u00factyhodn\u00fdch 280 tis\u00edc div\u00e1k\u016f. Buddy (K\u00e1mo\u0161)  p\u0159edstavil mlad\u00e9mu publiku novou generaci herc\u016f a stal se mezn\u00edkem  v sou\u010dasn\u00e9 norsk\u00e9 kinematografii. Morten\u016fv druh\u00fd film Fallen  Angels (Padl\u00ed and\u011bl\u00e9) m\u011bl b\u00fdt posledn\u00ed kapitolou detektivn\u00ed  filmov\u00e9 s\u00e9rie Varg Veum. Fallen Angels (Padl\u00ed and\u011bl\u00e9) byl roku  2008 nominov\u00e1n na 5 cen Amanda a d\u00edky impozantn\u00ed n\u00e1v\u0161t\u011bvnosti \u2013  13 tis\u00edc div\u00e1k\u016f \u2013 m\u011bl v tomto sm\u011bru v\u011bt\u0161\u00ed \u00fasp\u011bch ne\u017e  v\u016fbec prvn\u00ed film t\u00e9to s\u00e9rie. Morten pat\u0159\u00ed mezi vyhled\u00e1van\u00e9  reklamn\u00ed re\u017eis\u00e9ry a je spolumajitelem a re\u017eis\u00e9rem produk\u010dn\u00ed  spole\u010dnosti Einar film og fortellinger (v\u00fdb\u011br jeho film\u016f  naleznete na einarfilm.no ). D\u00edky sv\u00e9mu sebev\u011bdom\u00e9mu stylu a  smyslu pro akci a humor z\u00edsk\u00e1v\u00e1 zak\u00e1zky na nejv\u011bt\u0161\u00ed reklamy,  jak\u00e9 v Norsku vznikaj\u00ed.<\/p>\n","protected":false},"excerpt":{"rendered":"<p>Bylo jen ot\u00e1zkou \u010dasu, kdy bude zfilmovan\u00e1 n\u011bkter\u00e1 z knih celosv\u011btov\u011b \u00fasp\u011b\u0161n\u00e9ho norsk\u00e9ho spisovatele Joa Nesb\u00f8ho. Filmov\u00e9 adaptace se do\u010dkala jedna z jeho posledn\u00edch knih Lovci hlav (Headhunters). Stejnojmenn\u00fd film vstupuje do \u010desk\u00fdch kin 10. listopadu 2011. Ve stejn\u00fd den, kdy se objev\u00ed na kni\u017en\u00edch pultech jeho kni\u017en\u00ed p\u0159edloha.<\/p>\n","protected":false},"author":2,"featured_media":0,"comment_status":"open","ping_status":"open","sticky":false,"template":"","format":"standard","meta":{"_acf_changed":false,"_monsterinsights_skip_tracking":false,"_monsterinsights_sitenote_active":false,"_monsterinsights_sitenote_note":"","_monsterinsights_sitenote_category":0,"_EventAllDay":false,"_EventTimezone":"","_EventStartDate":"","_EventEndDate":"","_EventStartDateUTC":"","_EventEndDateUTC":"","_EventShowMap":false,"_EventShowMapLink":false,"_EventURL":"","_EventCost":"","_EventCostDescription":"","_EventCurrencySymbol":"","_EventCurrencyCode":"","_EventCurrencyPosition":"","_EventDateTimeSeparator":"","_EventTimeRangeSeparator":"","_EventOrganizerID":[],"_EventVenueID":[],"_OrganizerEmail":"","_OrganizerPhone":"","_OrganizerWebsite":"","_VenueAddress":"","_VenueCity":"","_VenueCountry":"","_VenueProvince":"","_VenueState":"","_VenueZip":"","_VenuePhone":"","_VenueURL":"","_VenueStateProvince":"","_VenueLat":"","_VenueLng":"","_VenueShowMap":false,"_VenueShowMapLink":false,"twitterCardType":"","cardImageID":0,"cardImage":"","cardTitle":"","cardDesc":"","cardImageAlt":"","cardPlayer":"","cardPlayerWidth":0,"cardPlayerHeight":0,"cardPlayerStream":"","cardPlayerCodec":"","footnotes":""},"categories":[1],"tags":[],"class_list":["post-1992","post","type-post","status-publish","format-standard","hentry","category-nezarazene"],"acf":{"related_products":null},"_links":{"self":[{"href":"https:\/\/www.luxor.cz\/blog\/wp-json\/wp\/v2\/posts\/1992","targetHints":{"allow":["GET"]}}],"collection":[{"href":"https:\/\/www.luxor.cz\/blog\/wp-json\/wp\/v2\/posts"}],"about":[{"href":"https:\/\/www.luxor.cz\/blog\/wp-json\/wp\/v2\/types\/post"}],"author":[{"embeddable":true,"href":"https:\/\/www.luxor.cz\/blog\/wp-json\/wp\/v2\/users\/2"}],"replies":[{"embeddable":true,"href":"https:\/\/www.luxor.cz\/blog\/wp-json\/wp\/v2\/comments?post=1992"}],"version-history":[{"count":0,"href":"https:\/\/www.luxor.cz\/blog\/wp-json\/wp\/v2\/posts\/1992\/revisions"}],"wp:attachment":[{"href":"https:\/\/www.luxor.cz\/blog\/wp-json\/wp\/v2\/media?parent=1992"}],"wp:term":[{"taxonomy":"category","embeddable":true,"href":"https:\/\/www.luxor.cz\/blog\/wp-json\/wp\/v2\/categories?post=1992"},{"taxonomy":"post_tag","embeddable":true,"href":"https:\/\/www.luxor.cz\/blog\/wp-json\/wp\/v2\/tags?post=1992"}],"curies":[{"name":"wp","href":"https:\/\/api.w.org\/{rel}","templated":true}]}}