{"id":19886,"date":"2023-01-10T09:18:29","date_gmt":"2023-01-10T08:18:29","guid":{"rendered":"https:\/\/www.luxor.cz\/blog\/?p=19886"},"modified":"2024-01-09T13:15:56","modified_gmt":"2024-01-09T12:15:56","slug":"7-kniznich-novinek-na-leden","status":"publish","type":"post","link":"https:\/\/www.luxor.cz\/blog\/knizni-zajimavosti\/7-kniznich-novinek-na-leden\/","title":{"rendered":"7 lednov\u00fdch novinek, kter\u00e9 se \u010dtou (skoro) samy"},"content":{"rendered":"\n<p><strong>P\u0159edsevzali jste si do nov\u00e9ho roku, \u017ee budete tr\u00e1vit m\u00e9n\u011b \u010dasu u televize nebo telefonu, a naopak v\u00edce \u010d\u00edst? V&nbsp;tom p\u0159\u00edpad\u011b v\u00e1m tuto snahu chystan\u00e9 kni\u017en\u00ed novinky dost usnadn\u00ed \u2013 za\u010d\u00e1tek roku se toti\u017e nese ve znamen\u00ed p\u0159\u00edb\u011bh\u016f tak \u010dtiv\u00fdch, \u017ee je jen t\u011b\u017eko dok\u00e1\u017eete odlo\u017eit.<\/strong><\/p>\n\n\n\n<p><\/p>\n\n\n\n<div class=\"wp-block-columns is-layout-flex wp-container-core-columns-is-layout-1 wp-block-columns-is-layout-flex\">\n<div class=\"wp-block-column is-layout-flow wp-block-column-is-layout-flow\">\n<div class=\"wp-block-media-text alignwide is-stacked-on-mobile\" style=\"grid-template-columns:18% auto\"><figure class=\"wp-block-media-text__media\"><a href=\"https:\/\/www.luxor.cz\/v\/1925185\/zivot-jedna-basen\" target=\"_blank\" rel=\"noopener\"><img fetchpriority=\"high\" decoding=\"async\" width=\"653\" height=\"1024\" src=\"https:\/\/www.luxor.cz\/blog\/wp-content\/uploads\/zivor-jedna-basen-1-653x1024.jpg\" alt=\"\" class=\"wp-image-19889 size-full\" title=\"\" srcset=\"https:\/\/www.luxor.cz\/blog\/wp-content\/uploads\/zivor-jedna-basen-1-653x1024.jpg 653w, https:\/\/www.luxor.cz\/blog\/wp-content\/uploads\/zivor-jedna-basen-1-600x941.jpg 600w, https:\/\/www.luxor.cz\/blog\/wp-content\/uploads\/zivor-jedna-basen-1-191x300.jpg 191w, https:\/\/www.luxor.cz\/blog\/wp-content\/uploads\/zivor-jedna-basen-1-768x1205.jpg 768w, https:\/\/www.luxor.cz\/blog\/wp-content\/uploads\/zivor-jedna-basen-1-331x520.jpg 331w, https:\/\/www.luxor.cz\/blog\/wp-content\/uploads\/zivor-jedna-basen-1.jpg 800w\" sizes=\"(max-width: 653px) 100vw, 653px\" \/><\/a><\/figure><div class=\"wp-block-media-text__content\">\n<p><strong><a href=\"https:\/\/www.luxor.cz\/v\/1925185\/zivot-jedna-basen\" target=\"_blank\" rel=\"noreferrer noopener\">Colleen Hooverov\u00e1 \u2013 \u017divot jedna b\u00e1se\u0148<\/a><\/strong><br>Dlouho nesehnateln\u00e1 prvotina <a href=\"https:\/\/www.luxor.cz\/autor\/4840\" target=\"_blank\" rel=\"noreferrer noopener\">Colleen Hooverov\u00e9<\/a>, autorky senzace <a href=\"https:\/\/www.luxor.cz\/v\/1910736\/nami-to-konci\" target=\"_blank\" rel=\"noreferrer noopener\">N\u00e1mi to kon\u010d\u00ed<\/a>, <strong>v\u00e1s stokr\u00e1t rozesm\u011bje a minim\u00e1ln\u011b p\u011btkr\u00e1t rozpl\u00e1\u010de.<\/strong> Strhuj\u00edc\u00ed p\u0159\u00edb\u011bh mlad\u00e9 dvojice je pln\u00fd l\u00e1sky \u2013 i kdy\u017e ne v\u017edycky takov\u00e9, jakou byste \u010dekali. Rom\u00e1n, ve kter\u00e9m svou v\u00fdznamnou roli hraj\u00ed i ver\u0161e slam poetry, chytne za srdce n\u00e1ctilet\u00e9 i dosp\u011bl\u00e9 \u010dten\u00e1\u0159e.<\/p>\n<\/div><\/div>\n<\/div>\n<\/div>\n\n\n\n<p><\/p>\n\n\n\n<div class=\"wp-block-media-text alignwide has-media-on-the-right is-stacked-on-mobile\" style=\"grid-template-columns:auto 18%\"><div class=\"wp-block-media-text__content\">\n<p><strong><a href=\"https:\/\/www.luxor.cz\/v\/1925235\/ready-player-two\" target=\"_blank\" rel=\"noreferrer noopener\">Ernest Cline \u2013 Ready Player Two: Nov\u00e1 hra za\u010d\u00edn\u00e1<\/a><\/strong><br>Stejn\u011b jako prvn\u00ed d\u00edl <a href=\"https:\/\/www.luxor.cz\/v\/1907820\/ready-player-one\" target=\"_blank\" rel=\"noreferrer noopener\">Ready Player One<\/a>, i pokra\u010dov\u00e1n\u00ed strhuj\u00edc\u00edho thrilleru ze sv\u011bta virtu\u00e1ln\u00ed reality a po\u010d\u00edta\u010dov\u00fdch her v\u00e1s p\u0159enese do sv\u011bta, kde se pomalu st\u00edr\u00e1 hranice mezi skute\u010dnost\u00ed a simulac\u00ed. A nechyb\u00ed nic z\u00a0toho, \u010d\u00edm si prvn\u00ed kniha z\u00edskala \u010dten\u00e1\u0159e po cel\u00e9m sv\u011bt\u011b \u2013 nap\u011bt\u00ed, hlubok\u00e9 lidsk\u00e9 p\u0159\u00edb\u011bhy, \u0159ada popkulturn\u00edch odkaz\u016f i ot\u00e1zka, <strong>jak\u00e1 nebezpe\u010d\u00ed s\u00a0sebou m\u016f\u017ee p\u0159in\u00e1\u0161et technologick\u00fd pokrok.<\/strong><\/p>\n<\/div><figure class=\"wp-block-media-text__media\"><a href=\"https:\/\/www.luxor.cz\/v\/1925235\/ready-player-two\" target=\"_blank\" rel=\"noopener\"><img decoding=\"async\" width=\"657\" height=\"1024\" src=\"https:\/\/www.luxor.cz\/blog\/wp-content\/uploads\/ready-player-two-657x1024.jpg\" alt=\"\" class=\"wp-image-19890 size-full\" title=\"\" srcset=\"https:\/\/www.luxor.cz\/blog\/wp-content\/uploads\/ready-player-two-657x1024.jpg 657w, https:\/\/www.luxor.cz\/blog\/wp-content\/uploads\/ready-player-two-600x935.jpg 600w, https:\/\/www.luxor.cz\/blog\/wp-content\/uploads\/ready-player-two-193x300.jpg 193w, https:\/\/www.luxor.cz\/blog\/wp-content\/uploads\/ready-player-two-768x1196.jpg 768w, https:\/\/www.luxor.cz\/blog\/wp-content\/uploads\/ready-player-two-334x520.jpg 334w, https:\/\/www.luxor.cz\/blog\/wp-content\/uploads\/ready-player-two.jpg 800w\" sizes=\"(max-width: 657px) 100vw, 657px\" \/><\/a><\/figure><\/div>\n\n\n\n<p><\/p>\n\n\n\n<div class=\"wp-block-media-text alignwide is-stacked-on-mobile\" style=\"grid-template-columns:18% auto\"><figure class=\"wp-block-media-text__media\"><a href=\"https:\/\/www.luxor.cz\/v\/1923484\/podezreni\" target=\"_blank\" rel=\"noopener\"><img decoding=\"async\" width=\"657\" height=\"1024\" src=\"https:\/\/www.luxor.cz\/blog\/wp-content\/uploads\/podezreni-brianna-labuskes-657x1024.jpg\" alt=\"\" class=\"wp-image-19892 size-full\" title=\"\" srcset=\"https:\/\/www.luxor.cz\/blog\/wp-content\/uploads\/podezreni-brianna-labuskes-657x1024.jpg 657w, https:\/\/www.luxor.cz\/blog\/wp-content\/uploads\/podezreni-brianna-labuskes-600x935.jpg 600w, https:\/\/www.luxor.cz\/blog\/wp-content\/uploads\/podezreni-brianna-labuskes-193x300.jpg 193w, https:\/\/www.luxor.cz\/blog\/wp-content\/uploads\/podezreni-brianna-labuskes-768x1196.jpg 768w, https:\/\/www.luxor.cz\/blog\/wp-content\/uploads\/podezreni-brianna-labuskes-334x520.jpg 334w, https:\/\/www.luxor.cz\/blog\/wp-content\/uploads\/podezreni-brianna-labuskes.jpg 800w\" sizes=\"(max-width: 657px) 100vw, 657px\" \/><\/a><\/figure><div class=\"wp-block-media-text__content\">\n<p><strong><a href=\"https:\/\/www.luxor.cz\/v\/1923484\/podezreni\" target=\"_blank\" rel=\"noreferrer noopener\">Brianna Labuskes \u2013 Podez\u0159en\u00ed<\/a><\/strong><br>Kdy\u017e je doktorka Gretchen White povol\u00e1na k\u00a0p\u0159\u00edpadu vra\u017edy \u017eeny, kter\u00e1 byla podle v\u0161eho ubod\u00e1na svou t\u0159in\u00e1ctiletou dcerou Violou, zd\u00e1 se, \u017ee na p\u0159\u00edpadu nen\u00ed co \u0159e\u0161it. Gretchen, kter\u00e1 je sama sociopatka, nav\u00edc rychle pozn\u00e1, \u017ee m\u00e1 co do \u010din\u011bn\u00ed s psychopatick\u00fdm\u00a0chov\u00e1n\u00edm. Co kdy\u017e je ale ve skute\u010dnosti v\u0161echno jinak? Jak\u00e1 tajemstv\u00ed rodina skr\u00fdv\u00e1? <strong>Mraziv\u00fd, strhuj\u00edc\u00ed krimip\u0159\u00edb\u011bh o \u0161okuj\u00edc\u00edm p\u0159\u00edpadu rodinn\u00e9 vra\u017edy skr\u00fdv\u00e1 p\u0159ekvapiv\u00e9 rozuzlen\u00ed, kter\u00e9 byste nep\u0159edv\u00eddali ani ve snu.<\/strong><\/p>\n<\/div><\/div>\n\n\n\n<p><\/p>\n\n\n\n<div class=\"wp-block-media-text alignwide has-media-on-the-right is-stacked-on-mobile\" style=\"grid-template-columns:auto 18%\"><div class=\"wp-block-media-text__content\">\n<p><strong><a href=\"https:\/\/www.luxor.cz\/v\/1919000\/bretanska-idyla\" target=\"_blank\" rel=\"noreferrer noopener\">Jean-Luc Bannalec \u2013 Breta\u0148sk\u00e1 idyla<\/a><\/strong><br>Pono\u0159te se do des\u00e1t\u00e9ho p\u0159\u00edpadu <a href=\"https:\/\/www.luxor.cz\/autor\/4886\" target=\"_blank\" rel=\"noreferrer noopener\">komisa\u0159e Dupina<\/a>,<strong> <\/strong>milovn\u00edka tu\u010d\u0148\u00e1k\u016f a kofeinu, rodil\u00e9ho Pa\u0159\u00ed\u017eana za trest p\u0159elo\u017een\u00e9ho do Bretan\u011b \u2013 na konec sv\u011bta. Toho \u010dek\u00e1 oslava 10. v\u00fdro\u010d\u00ed slu\u017eby v\u00a0p\u0159\u00edstavn\u00edm m\u011bste\u010dku Concarneau. Ne\u017e na ni v\u0161ak dojde, je u pob\u0159e\u017e\u00ed vylovena z mo\u0159e mrtvola majitele ov\u010d\u00edho velkochovu, a tak se Dupin nam\u00edsto oslav pou\u0161t\u00ed do vy\u0161et\u0159ov\u00e1n\u00ed zamotan\u00e9ho p\u0159\u00edpadu. Jak se toti\u017e ukazuje, <strong>majitele ovc\u00ed nem\u011bl nikdo p\u0159\u00edli\u0161 v\u00a0l\u00e1sce, zato v\u0161ak v\u0161ichni maj\u00ed nepr\u016fst\u0159eln\u00e1 alibi\u2026<\/strong><\/p>\n<\/div><figure class=\"wp-block-media-text__media\"><a href=\"https:\/\/www.luxor.cz\/v\/1919000\/bretanska-idyla\" target=\"_blank\" rel=\"noopener\"><img loading=\"lazy\" decoding=\"async\" width=\"641\" height=\"1024\" src=\"https:\/\/www.luxor.cz\/blog\/wp-content\/uploads\/bretanska-idyla-641x1024.jpg\" alt=\"\" class=\"wp-image-19893 size-full\" title=\"\" srcset=\"https:\/\/www.luxor.cz\/blog\/wp-content\/uploads\/bretanska-idyla-641x1024.jpg 641w, https:\/\/www.luxor.cz\/blog\/wp-content\/uploads\/bretanska-idyla-600x959.jpg 600w, https:\/\/www.luxor.cz\/blog\/wp-content\/uploads\/bretanska-idyla-188x300.jpg 188w, https:\/\/www.luxor.cz\/blog\/wp-content\/uploads\/bretanska-idyla-768x1227.jpg 768w, https:\/\/www.luxor.cz\/blog\/wp-content\/uploads\/bretanska-idyla-326x520.jpg 326w, https:\/\/www.luxor.cz\/blog\/wp-content\/uploads\/bretanska-idyla.jpg 800w\" sizes=\"(max-width: 641px) 100vw, 641px\" \/><\/a><\/figure><\/div>\n\n\n\n<p><\/p>\n\n\n\n<div class=\"wp-block-media-text alignwide is-stacked-on-mobile\" style=\"grid-template-columns:19% auto\"><figure class=\"wp-block-media-text__media\"><a href=\"https:\/\/www.luxor.cz\/v\/1922568\/posledni-slova\" target=\"_blank\" rel=\"noopener\"><img loading=\"lazy\" decoding=\"async\" width=\"658\" height=\"1024\" src=\"https:\/\/www.luxor.cz\/blog\/wp-content\/uploads\/posledni-slova-658x1024.jpg\" alt=\"\" class=\"wp-image-19894 size-full\" title=\"\" srcset=\"https:\/\/www.luxor.cz\/blog\/wp-content\/uploads\/posledni-slova-658x1024.jpg 658w, https:\/\/www.luxor.cz\/blog\/wp-content\/uploads\/posledni-slova-600x934.jpg 600w, https:\/\/www.luxor.cz\/blog\/wp-content\/uploads\/posledni-slova-193x300.jpg 193w, https:\/\/www.luxor.cz\/blog\/wp-content\/uploads\/posledni-slova-768x1195.jpg 768w, https:\/\/www.luxor.cz\/blog\/wp-content\/uploads\/posledni-slova-334x520.jpg 334w, https:\/\/www.luxor.cz\/blog\/wp-content\/uploads\/posledni-slova.jpg 800w\" sizes=\"(max-width: 658px) 100vw, 658px\" \/><\/a><\/figure><div class=\"wp-block-media-text__content\">\n<p><strong><a href=\"https:\/\/www.luxor.cz\/v\/1922568\/posledni-slova\" target=\"_blank\" rel=\"noreferrer noopener\">Kerry Lonsdaleov\u00e1 \u2013 Posledn\u00ed slova<\/a><\/strong><br>Autorka romantick\u00e9ho bestselleru <a href=\"https:\/\/www.luxor.cz\/v\/1823110\/vsechno-co-dame\" target=\"_blank\" rel=\"noreferrer noopener\">V\u0161echno, co d\u00e1me<\/a> nov\u011b p\u0159ich\u00e1z\u00ed s\u00a0trilogi\u00ed psychologick\u00fdch rom\u00e1n\u016f. A u\u017e z prvn\u00edho d\u00edlu se taj\u00ed dech! Mlad\u0161\u00ed sestra Olivie Carsonov\u00e9, \u0161estn\u00e1ctilet\u00e1 Lily, je t\u011bhotn\u00e1. Ute\u010de z\u00a0domova, Olivii v\u0161ak pravideln\u011b jednou za rok pos\u00edl\u00e1 obr\u00e1zek sv\u00e9ho syna Joshe. A to po cel\u00fdch 13 let, kdy se zni\u010dehonic na prahu Oliviina domu s\u00e1m Josh objev\u00ed. S\u00a0sebou m\u00e1 vzkaz od Lily, kter\u00e9 za\u010d\u00edn\u00e1 slovy: <strong>\u201eV p\u0159\u00edpad\u011b, \u017ee se ztrat\u00edm\u2026\u201c<\/strong> Pus\u0165te se rozmot\u00e1v\u00e1n\u00ed spletit\u00fdch osud\u016f, l\u017e\u00ed a tajemstv\u00ed, kter\u00e1 obest\u00edraj\u00ed dysfunk\u010dn\u00ed rodinu Carsonov\u00fdch.<\/p>\n<\/div><\/div>\n\n\n\n<p><\/p>\n\n\n\n<div class=\"wp-block-media-text alignwide has-media-on-the-right is-stacked-on-mobile\" style=\"grid-template-columns:auto 19%\"><div class=\"wp-block-media-text__content\">\n<p><strong><a href=\"https:\/\/www.luxor.cz\/v\/1919185\/tanecnice-z-moulin-rouge\" target=\"_blank\" rel=\"noreferrer noopener\">Tanja Steinlechner \u2013 Tane\u010dnice z\u00a0Moulin Rouge<\/a><\/strong><br>Edice \u017eivotn\u00edch p\u0159\u00edb\u011bh\u016f <a href=\"https:\/\/www.luxor.cz\/edice\/3061\" target=\"_blank\" rel=\"noreferrer noopener\">V\u00fdznamn\u00e9 \u017eeny<\/a> se v\u00a0lednu do\u010dk\u00e1 u\u017e 8. d\u00edlu s n\u00e1zvem Tane\u010dnice z\u00a0Moulin Rouge. Louise Weberov\u00e1, dcera pradleny, vyr\u016fst\u00e1 v\u00a0chudob\u011b, u\u017e odmala k\u00a0n\u00ed v\u0161ak t\u0159\u00edm\u00e1 l\u00e1ska k\u00a0tanci. Kdy\u017e se tedy namane p\u0159\u00edle\u017eitost tan\u010dit na Moulin Rouge, c\u00edlev\u011bdom\u011b se j\u00ed chop\u00ed. <strong>A zanedlouho svou naka\u017elivou chut\u00ed do \u017eivota okouzl\u00ed nejen obecenstvo sv\u00fdch tane\u010dn\u00edch \u010d\u00edsel, ale i \u010dten\u00e1\u0159e. <\/strong>Jej\u00ed \u017eivotn\u00ed p\u0159\u00edb\u011bh v\u00e1m vezme dech, kniha ale poutav\u011b p\u0159ibl\u00ed\u017e\u00ed i pa\u0159\u00ed\u017esk\u00fd \u017eivotn\u00ed styl na konci 19. stolet\u00ed.<\/p>\n<\/div><figure class=\"wp-block-media-text__media\"><a href=\"https:\/\/www.luxor.cz\/v\/1919185\/tanecnice-z-moulin-rouge\" target=\"_blank\" rel=\"noopener\"><img loading=\"lazy\" decoding=\"async\" width=\"641\" height=\"1024\" src=\"https:\/\/www.luxor.cz\/blog\/wp-content\/uploads\/tanecnice-641x1024.jpg\" alt=\"\" class=\"wp-image-19895 size-full\" title=\"\" srcset=\"https:\/\/www.luxor.cz\/blog\/wp-content\/uploads\/tanecnice-641x1024.jpg 641w, https:\/\/www.luxor.cz\/blog\/wp-content\/uploads\/tanecnice-600x959.jpg 600w, https:\/\/www.luxor.cz\/blog\/wp-content\/uploads\/tanecnice-188x300.jpg 188w, https:\/\/www.luxor.cz\/blog\/wp-content\/uploads\/tanecnice-768x1228.jpg 768w, https:\/\/www.luxor.cz\/blog\/wp-content\/uploads\/tanecnice-325x520.jpg 325w, https:\/\/www.luxor.cz\/blog\/wp-content\/uploads\/tanecnice.jpg 800w\" sizes=\"(max-width: 641px) 100vw, 641px\" \/><\/a><\/figure><\/div>\n\n\n\n<p><\/p>\n\n\n\n<div class=\"wp-block-media-text alignwide is-stacked-on-mobile\" style=\"grid-template-columns:19% auto\"><figure class=\"wp-block-media-text__media\"><a href=\"https:\/\/www.luxor.cz\/v\/1921430\/hlava-plna-strachu\" target=\"_blank\" rel=\"noopener\"><img loading=\"lazy\" decoding=\"async\" width=\"646\" height=\"1024\" src=\"https:\/\/www.luxor.cz\/blog\/wp-content\/uploads\/hlava-plna-646x1024.jpg\" alt=\"\" class=\"wp-image-19896 size-full\" title=\"\" srcset=\"https:\/\/www.luxor.cz\/blog\/wp-content\/uploads\/hlava-plna-646x1024.jpg 646w, https:\/\/www.luxor.cz\/blog\/wp-content\/uploads\/hlava-plna-600x951.jpg 600w, https:\/\/www.luxor.cz\/blog\/wp-content\/uploads\/hlava-plna-189x300.jpg 189w, https:\/\/www.luxor.cz\/blog\/wp-content\/uploads\/hlava-plna-768x1217.jpg 768w, https:\/\/www.luxor.cz\/blog\/wp-content\/uploads\/hlava-plna-328x520.jpg 328w, https:\/\/www.luxor.cz\/blog\/wp-content\/uploads\/hlava-plna.jpg 800w\" sizes=\"(max-width: 646px) 100vw, 646px\" \/><\/a><\/figure><div class=\"wp-block-media-text__content\">\n<p><strong><a href=\"https:\/\/www.luxor.cz\/v\/1921430\/hlava-plna-strachu\" target=\"_blank\" rel=\"noreferrer noopener\">Bob Ashman \u2013 Hlava pln\u00e1 strachu<\/a><\/strong><br>T\u0159et\u00ed d\u00edl temn\u00e9 krimi s\u00e9rie <a href=\"https:\/\/www.luxor.cz\/autor\/56150\" target=\"_blank\" rel=\"noreferrer noopener\">P\u0159\u00edpady Rosalind Krayov\u00e9<\/a> je jen pro siln\u00e9 povahy! Nech\u00e1 v\u00e1s toti\u017e nahl\u00e9dnout p\u0159\u00edmo do mysli vraha, v\u00e1le\u010dn\u00e9ho veter\u00e1na Alexe, kter\u00fd jako by po n\u00e1vratu z\u00a0Agh\u00e1nist\u00e1nu d\u00e1le \u017eil ve sv\u00e9 soukrom\u00e9 v\u00e1le\u010dn\u00e9 z\u00f3n\u011b.<strong> A nezastav\u00ed se, dokud jeho mise neskon\u010d\u00ed\u2026<\/strong> Postupn\u00e9 odkr\u00fdv\u00e1n\u00ed hr\u016fz, kter\u00e9 ve v\u00e1lce za\u017eil a kter\u00e9 ho prom\u011bnily v monstrum, ve v\u00e1s mo\u017en\u00e1 probud\u00ed soucit, skute\u010dn\u011b ale omlouvaj\u00ed chladnokrevn\u00e9 zab\u00edjen\u00ed? Po stop\u011b s\u00e9riov\u00e9ho vraha se op\u011bt vyd\u00e1v\u00e1 komisa\u0159ka Rosalind Krayov\u00e1, kterou v\u00a0nov\u00e9m d\u00edlu s\u00e9rie pozn\u00e1me je\u0161t\u011b o n\u011bco bl\u00ed\u017ee.\u00a0<\/p>\n<\/div><\/div>\n","protected":false},"excerpt":{"rendered":"<p>P\u0159edsevzali jste si do nov\u00e9ho roku, \u017ee budete tr\u00e1vit m\u00e9n\u011b \u010dasu u televize nebo telefonu, a naopak v\u00edce \u010d\u00edst? V&nbsp;tom p\u0159\u00edpad\u011b v\u00e1m tuto snahu chystan\u00e9 kni\u017en\u00ed novinky dost usnadn\u00ed \u2013 [&hellip;]<\/p>\n","protected":false},"author":9,"featured_media":19907,"comment_status":"open","ping_status":"open","sticky":false,"template":"","format":"standard","meta":{"_acf_changed":false,"_monsterinsights_skip_tracking":false,"_monsterinsights_sitenote_active":false,"_monsterinsights_sitenote_note":"","_monsterinsights_sitenote_category":0,"_EventAllDay":false,"_EventTimezone":"","_EventStartDate":"","_EventEndDate":"","_EventStartDateUTC":"","_EventEndDateUTC":"","_EventShowMap":false,"_EventShowMapLink":false,"_EventURL":"","_EventCost":"","_EventCostDescription":"","_EventCurrencySymbol":"","_EventCurrencyCode":"","_EventCurrencyPosition":"","_EventDateTimeSeparator":"","_EventTimeRangeSeparator":"","_EventOrganizerID":[],"_EventVenueID":[],"_OrganizerEmail":"","_OrganizerPhone":"","_OrganizerWebsite":"","_VenueAddress":"","_VenueCity":"","_VenueCountry":"","_VenueProvince":"","_VenueState":"","_VenueZip":"","_VenuePhone":"","_VenueURL":"","_VenueStateProvince":"","_VenueLat":"","_VenueLng":"","_VenueShowMap":false,"_VenueShowMapLink":false,"twitterCardType":"","cardImageID":0,"cardImage":"","cardTitle":"","cardDesc":"","cardImageAlt":"","cardPlayer":"","cardPlayerWidth":0,"cardPlayerHeight":0,"cardPlayerStream":"","cardPlayerCodec":"","footnotes":""},"categories":[6],"tags":[21645,21649,20731,18361],"class_list":["post-19886","post","type-post","status-publish","format-standard","has-post-thumbnail","hentry","category-knizni-zajimavosti","tag-beletrie","tag-knizni-novinky","tag-napeti","tag-roman"],"acf":{"related_products":null},"_links":{"self":[{"href":"https:\/\/www.luxor.cz\/blog\/wp-json\/wp\/v2\/posts\/19886","targetHints":{"allow":["GET"]}}],"collection":[{"href":"https:\/\/www.luxor.cz\/blog\/wp-json\/wp\/v2\/posts"}],"about":[{"href":"https:\/\/www.luxor.cz\/blog\/wp-json\/wp\/v2\/types\/post"}],"author":[{"embeddable":true,"href":"https:\/\/www.luxor.cz\/blog\/wp-json\/wp\/v2\/users\/9"}],"replies":[{"embeddable":true,"href":"https:\/\/www.luxor.cz\/blog\/wp-json\/wp\/v2\/comments?post=19886"}],"version-history":[{"count":0,"href":"https:\/\/www.luxor.cz\/blog\/wp-json\/wp\/v2\/posts\/19886\/revisions"}],"wp:featuredmedia":[{"embeddable":true,"href":"https:\/\/www.luxor.cz\/blog\/wp-json\/wp\/v2\/media\/19907"}],"wp:attachment":[{"href":"https:\/\/www.luxor.cz\/blog\/wp-json\/wp\/v2\/media?parent=19886"}],"wp:term":[{"taxonomy":"category","embeddable":true,"href":"https:\/\/www.luxor.cz\/blog\/wp-json\/wp\/v2\/categories?post=19886"},{"taxonomy":"post_tag","embeddable":true,"href":"https:\/\/www.luxor.cz\/blog\/wp-json\/wp\/v2\/tags?post=19886"}],"curies":[{"name":"wp","href":"https:\/\/api.w.org\/{rel}","templated":true}]}}