{"id":1987,"date":"2010-01-18T17:37:00","date_gmt":"2010-01-18T16:37:00","guid":{"rendered":"https:\/\/www.luxor.cz\/blog\/nezarazene\/rozhovor-stomasem-sedlackem\/"},"modified":"2023-01-06T16:20:13","modified_gmt":"2023-01-06T15:20:13","slug":"rozhovor-stomasem-sedlackem-22","status":"publish","type":"post","link":"https:\/\/www.luxor.cz\/blog\/nezarazene\/rozhovor-stomasem-sedlackem-22\/","title":{"rendered":"Rozhovor s\u00a0Tom\u00e1\u0161em Sedl\u00e1\u010dkem"},"content":{"rendered":"<\/p>\n<p><strong>Va\u0161e  prvotina Ekonomie dobra a zla se stala nejprod\u00e1van\u011bj\u0161\u00edm titulem  knihkupectv\u00ed Neoluxor, \u010dekal jste takov\u00fd \u00fasp\u011bch?<\/strong><\/p>\n<p>V\u016fbec  ne, ne\u010dekal to nikdo. M\u011bl jsem za to, \u017ee se knihy prod\u00e1 p\u00e1r  tis\u00edc &#8211; kdo mohl tu\u0161it, \u017ee tolik lid\u00ed u n\u00e1s bude zaj\u00edmat  alternativn\u00ed sonda do d\u011bjin ekonomick\u00e9ho sm\u00fd\u0161len\u00ed?<\/p>\n<p><strong>Celkov\u011b  byl titul hodn\u011b diskutov\u00e1n a cel\u00fdch osm m\u011bs\u00edc\u016f co je na  pultech, je velmi \u00fasp\u011b\u0161n\u00fd. M\u00e1te pro to vysv\u011btlen\u00ed?<\/strong><\/p>\n<p>Kn\u00ed\u017eka  m\u011bla b\u00fdt alternativn\u00edm &#8211; a tedy provokativn\u00edm &#8211; pohledem na  ekonomii a dle po\u010dtu reakc\u00ed, recenz\u00ed a debat, kter\u00e9 vyvolala, se  to snad poda\u0159ilo. Fenom\u00e9n finan\u010dn\u00ed krize a hospod\u00e1\u0159sk\u00e9 recese  jist\u011b zv\u00fd\u0161il z\u00e1jem lid\u00ed o toto t\u00e9ma. A a\u010dkoli se nejedn\u00e1 o  populariza\u010dn\u00ed kn\u00ed\u017eku, tak sem se sna\u017eil ji ps\u00e1t \u010diteln\u011b a  srozumiteln\u011b.<\/p>\n<p><strong>Neoluxor  prodal Ekonomie dobra a zla celkem 7\u00a0831 kus\u016f. Kolik se p\u0159esn\u011b  titulu prodalo celkem? <\/strong><\/p>\n<p>Posledn\u00ed,  co mi nakladatel Tom\u00e1\u0161 Brandejs \u0159\u00edkal, bylo, \u017ee jsme p\u0159ekro\u010dili  kulat\u00fdch 30 000 kus\u016f. To je \u010d\u00edslo, kter\u00e9 t\u00e9m\u011b\u0159 desetin\u00e1sobn\u011b  p\u0159ekro\u010dilo na\u0161e o\u010dek\u00e1v\u00e1n\u00ed. J\u00e1 m\u011bl zato, \u017ee se prod\u00e1 tak 3  000 kus\u016f, nav\u00edc se psan\u00edm kn\u00ed\u017eek nem\u00e1m \u017e\u00e1dn\u00e9 zku\u0161enosti,  jenom se \u010dten\u00edm : )<\/p>\n<p><strong>Pl\u00e1nujete  nebo ji\u017e pracujete na dal\u0161\u00ed knize? M\u011bla by j\u00edt v\u00a0podobn\u00fdch  \u0161l\u00e9p\u011bj\u00edch jako Ekonomie dobra a zla?<\/strong><\/p>\n<p>Zat\u00edm  je\u0161t\u011b \u00fapln\u011b nev\u00edm, ale u\u017e n\u011bjakou dobu v hlav\u011b nos\u00edm n\u011bkolik  ekonomicko-filozofick\u00fdch t\u00e9mat, o kter\u00fdch bych cht\u011bl napsat  knihu, kter\u00e1 by se jmenovala n\u011bco jako 12 esej\u016f. Byla by to  celospole\u010densk\u00e1 t\u00e9mata nahl\u00e9dnut\u00e1 z nestandardn\u00edch \u00fahl\u016f. Ale  nyn\u00ed v\u011bnuji ka\u017edou volnou chv\u00edli p\u0159ekladu knihy do angli\u010dtiny v  druh\u00e9 edici, o kterou projevily z\u00e1jem zahrani\u010dn\u00ed nakladatel\u00e9.<\/p><\/p>\n","protected":false},"excerpt":{"rendered":"<p>Rozhovor s\u00a0Tom\u00e1\u0161em Sedl\u00e1\u010dkem, autorem knihy Ekonomie dobra a zla, kter\u00e1 byla nej\u00fasp\u011b\u0161n\u011bj\u0161\u00edm titulem knihkupectv\u00ed Neoluxor lo\u0148sk\u00e9ho roku<\/p>\n","protected":false},"author":2,"featured_media":0,"comment_status":"open","ping_status":"open","sticky":false,"template":"","format":"standard","meta":{"_acf_changed":false,"_monsterinsights_skip_tracking":false,"_monsterinsights_sitenote_active":false,"_monsterinsights_sitenote_note":"","_monsterinsights_sitenote_category":0,"_EventAllDay":false,"_EventTimezone":"","_EventStartDate":"","_EventEndDate":"","_EventStartDateUTC":"","_EventEndDateUTC":"","_EventShowMap":false,"_EventShowMapLink":false,"_EventURL":"","_EventCost":"","_EventCostDescription":"","_EventCurrencySymbol":"","_EventCurrencyCode":"","_EventCurrencyPosition":"","_EventDateTimeSeparator":"","_EventTimeRangeSeparator":"","_EventOrganizerID":[],"_EventVenueID":[],"_OrganizerEmail":"","_OrganizerPhone":"","_OrganizerWebsite":"","_VenueAddress":"","_VenueCity":"","_VenueCountry":"","_VenueProvince":"","_VenueState":"","_VenueZip":"","_VenuePhone":"","_VenueURL":"","_VenueStateProvince":"","_VenueLat":"","_VenueLng":"","_VenueShowMap":false,"_VenueShowMapLink":false,"twitterCardType":"","cardImageID":0,"cardImage":"","cardTitle":"","cardDesc":"","cardImageAlt":"","cardPlayer":"","cardPlayerWidth":0,"cardPlayerHeight":0,"cardPlayerStream":"","cardPlayerCodec":"","footnotes":""},"categories":[1],"tags":[],"class_list":["post-1987","post","type-post","status-publish","format-standard","hentry","category-nezarazene"],"acf":{"related_products":null},"_links":{"self":[{"href":"https:\/\/www.luxor.cz\/blog\/wp-json\/wp\/v2\/posts\/1987","targetHints":{"allow":["GET"]}}],"collection":[{"href":"https:\/\/www.luxor.cz\/blog\/wp-json\/wp\/v2\/posts"}],"about":[{"href":"https:\/\/www.luxor.cz\/blog\/wp-json\/wp\/v2\/types\/post"}],"author":[{"embeddable":true,"href":"https:\/\/www.luxor.cz\/blog\/wp-json\/wp\/v2\/users\/2"}],"replies":[{"embeddable":true,"href":"https:\/\/www.luxor.cz\/blog\/wp-json\/wp\/v2\/comments?post=1987"}],"version-history":[{"count":0,"href":"https:\/\/www.luxor.cz\/blog\/wp-json\/wp\/v2\/posts\/1987\/revisions"}],"wp:attachment":[{"href":"https:\/\/www.luxor.cz\/blog\/wp-json\/wp\/v2\/media?parent=1987"}],"wp:term":[{"taxonomy":"category","embeddable":true,"href":"https:\/\/www.luxor.cz\/blog\/wp-json\/wp\/v2\/categories?post=1987"},{"taxonomy":"post_tag","embeddable":true,"href":"https:\/\/www.luxor.cz\/blog\/wp-json\/wp\/v2\/tags?post=1987"}],"curies":[{"name":"wp","href":"https:\/\/api.w.org\/{rel}","templated":true}]}}