{"id":1986,"date":"2010-03-01T12:54:00","date_gmt":"2010-03-01T11:54:00","guid":{"rendered":"https:\/\/www.luxor.cz\/blog\/nezarazene\/vneoluxoru-se-loni-prodalo-nejvice-sedlacka\/"},"modified":"2023-01-06T16:20:13","modified_gmt":"2023-01-06T15:20:13","slug":"vneoluxoru-se-loni-prodalo-nejvice-sedlacka-21","status":"publish","type":"post","link":"https:\/\/www.luxor.cz\/blog\/nezarazene\/vneoluxoru-se-loni-prodalo-nejvice-sedlacka-21\/","title":{"rendered":"V\u00a0Neoluxoru se loni prodalo nejv\u00edce Sedl\u00e1\u010dka"},"content":{"rendered":"<\/p>\n<p><span>Prvotina  ekonoma a \u010dlena vl\u00e1dn\u00ed skupiny NERv Tom\u00e1\u0161e Sedl\u00e1\u010dka byla  celkov\u011b velice \u00fasp\u011b\u0161n\u00e1. Od kv\u011btnov\u00e9ho vyd\u00e1n\u00ed se j\u00ed prodalo  p\u0159es 30 tis\u00edc kus\u016f a jen v knihkupectv\u00ed Neoluxor to bylo t\u00e9m\u011b\u0159  8 tis\u00edc. \u201eJe to d\u00e1no skladbou na\u0161ich z\u00e1kazn\u00edk\u016f, prod\u00e1v\u00e1me  v\u00a0Praze, kde se lid\u00e9 enormn\u011b zaj\u00edmaj\u00ed o aktu\u00e1ln\u00ed  ekonomick\u00e9 i politick\u00e9 d\u011bn\u00ed. Ty kniha Tom\u00e1\u0161e Sedl\u00e1\u010dka zaujala  sv\u00fdm origin\u00e1ln\u00edm pohledem na teorii ekonomie,\u201c vysv\u011btluje  Zuzana Tur\u0148ov\u00e1. S\u00e1m Tom\u00e1\u0161 Sedl\u00e1\u010dek  je z\u00e1jmem o svou knihu  p\u0159ekvapen a \u0159\u00edk\u00e1: \u201e<\/span><span>Takov\u00fd  \u00fasp\u011bch, ne\u010dekal nikdo. M\u011bl jsem za to, \u017ee se knihy prod\u00e1 p\u00e1r  tis\u00edc. Kdo mohl tu\u0161it, \u017ee tolik lid\u00ed u n\u00e1s bude zaj\u00edmat  alternativn\u00ed sonda do d\u011bjin ekonomick\u00e9ho sm\u00fd\u0161len\u00ed?\u201c\u00a0Na  \u00fasp\u011bch Ekonomie dobra a zla  by nyn\u00ed m\u011bla nav\u00e1zat anglick\u00e1  podoba titulu, autor s\u00a0vydavatelem chytaj\u00ed i verzi i pro  zrakov\u011b posti\u017een\u00e9.<\/span><\/p>\n<\/p>\n<p><span>\u00dasp\u011bch  knihy nenechalo knihkupectv\u00ed bez pov\u0161imnut\u00ed, u p\u0159\u00edle\u017eitosti  dne\u0161n\u00edho (st\u0159eda 20.1.) k\u0159tu knihy Moudrost a zdrav\u00fd rozum  Peppera de Calliera, kde byl Tom\u00e1\u0161 Sedl\u00e1\u010dek hostem, mu byl  z\u00a0rukou Zuzany Tur\u0148ov\u00e9 p\u0159ed\u00e1n Diplom Neoluxoru. <\/span><\/p>\n<\/p>\n<p><span>Spolu  s\u00a0Tom\u00e1\u0161em Sedl\u00e1\u010dkem se v\u00a0TOP 2009 knihkupectv\u00ed  Neoluxor um\u00edstilo je\u0161t\u011b p\u011bt dal\u0161\u00edch \u010desk\u00fdch autor\u016f, kte\u0159\u00ed  jsou prom\u00edch\u00e1ni se spisovateli sv\u011btov\u00fdch bestseller\u016f.  \u201eCelkov\u011b  nej\u00fasp\u011b\u0161n\u011bj\u0161\u00edm autorem, co se prodej\u016f t\u00fdk\u00e1, je u n\u00e1s  Stephenie Meyerov\u00e1, kter\u00e1 opanovala hned \u010dty\u0159i p\u0159\u00ed\u010dky na\u0161eho  \u017eeb\u0159\u00ed\u010dku se svou \u010dty\u0159d\u00edlnou hororovou s\u00e1gou o up\u00edrech a  l\u00e1sce,\u201c \u0159\u00edk\u00e1 Zuzana Tur\u0148ov\u00e1 z\u00a0Neoluxoru. <\/span><\/p>\n<\/p>\n<p><strong><span>Celkov\u00e1  TOP dvac\u00edtka knihkupectv\u00ed Neoluxor vypad\u00e1 takto<\/span><\/strong><\/p>\n<li>\n<p><span>Ekonomie  \tdobra a zla, Tom\u00e1\u0161 Sedl\u00e1\u010dek<\/span><\/p>\n<\/li>\n<li>\n<p><span>V\u00edt\u011bz  \tje s\u00e1m, Paolo Coelho<\/span><\/p>\n<\/li>\n<li>\n<p><span>Brisingr,  \tChristopher Paolini <\/span><\/p>\n<\/li>\n<li>\n<p><span>Pov\u00eddky  \to l\u00e1sce, Michal Viewegh<\/span><\/p>\n<\/li>\n<li>\n<p><span>Tal\u00e1r  \ta dres, Francis Dick a Felix Dick<\/span><\/p>\n<\/li>\n<li>\n<p><span>Rozb\u0159esk  \t&#8211; 4. d\u00edl, Stephenie Meyerov\u00e1<\/span><\/p>\n<\/li>\n<li>\n<p><span>Mu\u017ei,  \tkte\u0159\u00ed nen\u00e1vid\u00ed \u017eeny, Stieg Larsson<\/span><\/p>\n<\/li>\n<li>\n<p><span>Stm\u00edv\u00e1n\u00ed  \t&#8211; 1.d\u00edl, Stephenie Meyerov\u00e1<\/span><\/p>\n<\/li>\n<li>\n<p><span>S  \teleganc\u00ed je\u017eka, Muriel Barberyov\u00e1<\/span><\/p>\n<\/li>\n<li>\n<p><span>Nov\u00fd  \tM\u011bs\u00edc &#8211; 2.d\u00edl, Stephenie Meyerov\u00e1<\/span><\/p>\n<\/li>\n<li>\n<p><span>Zatm\u011bn\u00ed  \t&#8211; 3.d\u00edl, Stephanie Meyerov\u00e1<\/span><\/p>\n<\/li>\n<li>\n<p><span>Tajemstv\u00ed<\/span><span>,  \tRhonda Byrne<\/span><\/p>\n<\/li>\n<li>\n<p><span>Babicovy  \tdobroty, Ji\u0159\u00ed Babica<\/span><\/p>\n<\/li>\n<li>\n<p><span>Pov\u00eddky  \t&#8211; Zden\u011bk Sv\u011br\u00e1k<\/span><\/p>\n<\/li>\n<li>\n<p><span>Bravo,  \t\u0161\u00e9fe!, Zden\u011bk Pohreich<\/span><\/p>\n<\/li>\n<li>\n<p><span>Kmotr  \tMr\u00e1zek III &#8211; V\u00e1lka kmotr\u016f, Jaroslav Kmenta<\/span><\/p>\n<\/li>\n<li>\n<p><span>D\u00edvka,  \tkter\u00e1 si hr\u00e1la s\u00a0ohn\u011bm, Stieg Larsson<\/span><\/p>\n<\/li>\n<li>\n<p><span>Tis\u00edce  \tplanouc\u00edch slunc\u00ed, Khaled Hosseini<\/span><\/p>\n<\/li>\n<li>\n<p><span>Sputnik,  \tm\u00e1 l\u00e1ska, Haruki Murakami<\/span><\/p>\n<\/li>\n<li>\n<p><span>Mal\u00fd <\/span><span>princ,  \tAntoine de Saint-Exup\u00e9ry<\/span><\/p>\n<\/li>\n","protected":false},"excerpt":{"rendered":"<p>Knihkupectv\u00ed Neoluxor, kter\u00e9 provozuje sedm velk\u00fdch prodejen v\u00a0Praze, nap\u0159\u00edklad ji\u017e legend\u00e1rn\u00ed Pal\u00e1c knih Luxor, vyhl\u00e1sil \u017eeb\u0159\u00ed\u010dek nejprod\u00e1van\u011bj\u0161\u00edch knih za rok 2009. Ten vede p\u0159ekvapiv\u011b Ekonomie dobra a zla Tom\u00e1\u0161e Sedl\u00e1\u010dka. \u201eOd kv\u011btna, kdy kniha p\u0159i\u0161la na pulty, jsme jej\u00ed velk\u00fd \u00fasp\u011bch tu\u0161ili. Titul je to na \u010desk\u00e9 pom\u011bry v\u00fdjime\u010dn\u00fd a byl vekou m\u011brou medi\u00e1ln\u011b diskutovan\u00fd. Ale to, \u017ee v\u00a0prodej\u00edch p\u0159ekro\u010d\u00ed st\u00e1lici jako je Paolo Coelho nebo \u010deskou jedni\u010dku Michala Viewegha, bychom si p\u0159edpov\u011bd\u011bt netroufali,\u201c p\u0159izn\u00e1v\u00e1 p\u0159ekvapen\u00ed Zuzana Tur\u0148ov\u00e1 z\u00a0marketingu knihkupectv\u00ed a dod\u00e1v\u00e1, \u201e\u010d\u00e1ste\u010dn\u011b lze \u00fasp\u011bch knihy p\u0159ipsat i v\u0161emi sklo\u0148ovan\u00e9 hospod\u00e1\u0159sk\u00e9 krizi. Ta vyprovokovala v\u0161eobecn\u011b v\u011bt\u0161\u00ed z\u00e1jem o knihy o ekonomii.\u201c<\/p>\n","protected":false},"author":2,"featured_media":0,"comment_status":"open","ping_status":"open","sticky":false,"template":"","format":"standard","meta":{"_acf_changed":false,"_monsterinsights_skip_tracking":false,"_monsterinsights_sitenote_active":false,"_monsterinsights_sitenote_note":"","_monsterinsights_sitenote_category":0,"_EventAllDay":false,"_EventTimezone":"","_EventStartDate":"","_EventEndDate":"","_EventStartDateUTC":"","_EventEndDateUTC":"","_EventShowMap":false,"_EventShowMapLink":false,"_EventURL":"","_EventCost":"","_EventCostDescription":"","_EventCurrencySymbol":"","_EventCurrencyCode":"","_EventCurrencyPosition":"","_EventDateTimeSeparator":"","_EventTimeRangeSeparator":"","_EventOrganizerID":[],"_EventVenueID":[],"_OrganizerEmail":"","_OrganizerPhone":"","_OrganizerWebsite":"","_VenueAddress":"","_VenueCity":"","_VenueCountry":"","_VenueProvince":"","_VenueState":"","_VenueZip":"","_VenuePhone":"","_VenueURL":"","_VenueStateProvince":"","_VenueLat":"","_VenueLng":"","_VenueShowMap":false,"_VenueShowMapLink":false,"twitterCardType":"","cardImageID":0,"cardImage":"","cardTitle":"","cardDesc":"","cardImageAlt":"","cardPlayer":"","cardPlayerWidth":0,"cardPlayerHeight":0,"cardPlayerStream":"","cardPlayerCodec":"","footnotes":""},"categories":[1],"tags":[],"class_list":["post-1986","post","type-post","status-publish","format-standard","hentry","category-nezarazene"],"acf":{"related_products":null},"_links":{"self":[{"href":"https:\/\/www.luxor.cz\/blog\/wp-json\/wp\/v2\/posts\/1986","targetHints":{"allow":["GET"]}}],"collection":[{"href":"https:\/\/www.luxor.cz\/blog\/wp-json\/wp\/v2\/posts"}],"about":[{"href":"https:\/\/www.luxor.cz\/blog\/wp-json\/wp\/v2\/types\/post"}],"author":[{"embeddable":true,"href":"https:\/\/www.luxor.cz\/blog\/wp-json\/wp\/v2\/users\/2"}],"replies":[{"embeddable":true,"href":"https:\/\/www.luxor.cz\/blog\/wp-json\/wp\/v2\/comments?post=1986"}],"version-history":[{"count":0,"href":"https:\/\/www.luxor.cz\/blog\/wp-json\/wp\/v2\/posts\/1986\/revisions"}],"wp:attachment":[{"href":"https:\/\/www.luxor.cz\/blog\/wp-json\/wp\/v2\/media?parent=1986"}],"wp:term":[{"taxonomy":"category","embeddable":true,"href":"https:\/\/www.luxor.cz\/blog\/wp-json\/wp\/v2\/categories?post=1986"},{"taxonomy":"post_tag","embeddable":true,"href":"https:\/\/www.luxor.cz\/blog\/wp-json\/wp\/v2\/tags?post=1986"}],"curies":[{"name":"wp","href":"https:\/\/api.w.org\/{rel}","templated":true}]}}