{"id":17663,"date":"2022-12-08T14:47:23","date_gmt":"2022-12-08T13:47:23","guid":{"rendered":"https:\/\/www.luxor.cz\/blog\/?p=17663"},"modified":"2022-12-08T14:58:30","modified_gmt":"2022-12-08T13:58:30","slug":"krest-knihy-pohadky-pro-zlobive-bagry","status":"publish","type":"post","link":"https:\/\/www.luxor.cz\/blog\/nezarazene\/krest-knihy-pohadky-pro-zlobive-bagry\/","title":{"rendered":"K\u0159est knihy Poh\u00e1dky pro zlobiv\u00e9 bagry"},"content":{"rendered":"<p><strong>Srde\u010dn\u011b v\u00e1s zveme na k\u0159est poh\u00e1dkov\u00e9 d\u011btsk\u00e9 kn\u00ed\u017eky <a href=\"https:\/\/www.luxor.cz\/v\/1904936\/pohadky-pro-zlobive-bagry\">Poh\u00e1dky pro zlobiv\u00e9 bagry<\/a> od <a href=\"https:\/\/www.luxor.cz\/autor\/3265\">Petra Stan\u010d\u00edka<\/a> a <a href=\"https:\/\/www.luxor.cz\/autor\/867\">Galiny Mikl\u00ednov\u00e9<\/a>, kter\u00fd se uskute\u010dn\u00ed v \u00fater\u00fd 13. prosince 2022 od 10:00 v Pal\u00e1ci knih Luxor (kav\u00e1rna 1. patro, V\u00e1clavsk\u00e9 n\u00e1m. 41). Kmotrem knihy se stane Filip \u010capka.&nbsp;<\/strong><\/p>\n<h4>O knize Poh\u00e1dky pro zlobiv\u00e9 bagry<\/h4>\n<p>Mil\u00e1 bag\u0159\u00e1tka, zn\u00e1te poh\u00e1dku o nenasytn\u00e9m bagrovi? Nebo o tom, jak Je\u0159\u00e1b, M\u00edcha\u010dka a Lejzro\u0148 pom\u00e1hali bag\u0159evici z\u00edskat nev\u011bstu? P\u0159\u00edpadn\u011b o \u0161pind\u00edrovi jm\u00e9nem Karborund, co si ne\u010distil zuby na lopat\u011b, a d\u00edky tomu z\u00edskal kr\u00e1snou chal\u00edfovu dceru? Chcete se dozv\u011bd\u011bt, jak to dopadlo s bagrem, co d\u011blal bugr a brajgl? P\u0159e\u010dt\u011bte si tuhle par\u00e1dn\u00ed kn\u00ed\u017eku! Poh\u00e1dky v n\u00ed jsou jako d\u011blan\u00e9 pro v\u0161echny neposedn\u00e9 bagry, hol\u010di\u010dky i kluky, co se r\u00e1di zasm\u011bj\u00ed i pobav\u00ed. Po takov\u00fdch vypr\u00e1v\u011bn\u00edch budete m\u00edt sam\u00e9 kr\u00e1sn\u00e9, legra\u010dn\u00ed a vesel\u00e9 sny. Tak te\u010f u\u017e uklidit p\u00edsek, um\u00fdt drap\u00e1k, vy\u010distit lopatu a sp\u00e1t! Svi\u017en\u00e9 a vtipn\u00e9 p\u0159\u00edb\u011bhy Petra Stan\u010d\u00edka pro d\u011bti od 6 let ilustrovala Galina Mikl\u00ednov\u00e1.<\/p>\n","protected":false},"excerpt":{"rendered":"<p>Srde\u010dn\u011b v\u00e1s zveme na k\u0159est poh\u00e1dkov\u00e9 d\u011btsk\u00e9 kn\u00ed\u017eky Poh\u00e1dky pro zlobiv\u00e9 bagry od Petra Stan\u010d\u00edka a Galiny Mikl\u00ednov\u00e9, kter\u00fd se uskute\u010dn\u00ed v \u00fater\u00fd 13. prosince 2022 od 10:00 v Pal\u00e1ci [&hellip;]<\/p>\n","protected":false},"author":2,"featured_media":17664,"comment_status":"closed","ping_status":"open","sticky":false,"template":"","format":"standard","meta":{"_acf_changed":false,"_monsterinsights_skip_tracking":false,"_monsterinsights_sitenote_active":false,"_monsterinsights_sitenote_note":"","_monsterinsights_sitenote_category":0,"_EventAllDay":false,"_EventTimezone":"","_EventStartDate":"","_EventEndDate":"","_EventStartDateUTC":"","_EventEndDateUTC":"","_EventShowMap":false,"_EventShowMapLink":false,"_EventURL":"","_EventCost":"","_EventCostDescription":"","_EventCurrencySymbol":"","_EventCurrencyCode":"","_EventCurrencyPosition":"","_EventDateTimeSeparator":"","_EventTimeRangeSeparator":"","_EventOrganizerID":[],"_EventVenueID":[],"_OrganizerEmail":"","_OrganizerPhone":"","_OrganizerWebsite":"","_VenueAddress":"","_VenueCity":"","_VenueCountry":"","_VenueProvince":"","_VenueState":"","_VenueZip":"","_VenuePhone":"","_VenueURL":"","_VenueStateProvince":"","_VenueLat":"","_VenueLng":"","_VenueShowMap":false,"_VenueShowMapLink":false,"twitterCardType":"","cardImageID":0,"cardImage":"","cardTitle":"","cardDesc":"","cardImageAlt":"","cardPlayer":"","cardPlayerWidth":0,"cardPlayerHeight":0,"cardPlayerStream":"","cardPlayerCodec":"","footnotes":""},"categories":[1,5],"tags":[],"class_list":["post-17663","post","type-post","status-publish","format-standard","has-post-thumbnail","hentry","category-nezarazene","category-aktuality"],"acf":{"related_products":null},"_links":{"self":[{"href":"https:\/\/www.luxor.cz\/blog\/wp-json\/wp\/v2\/posts\/17663","targetHints":{"allow":["GET"]}}],"collection":[{"href":"https:\/\/www.luxor.cz\/blog\/wp-json\/wp\/v2\/posts"}],"about":[{"href":"https:\/\/www.luxor.cz\/blog\/wp-json\/wp\/v2\/types\/post"}],"author":[{"embeddable":true,"href":"https:\/\/www.luxor.cz\/blog\/wp-json\/wp\/v2\/users\/2"}],"replies":[{"embeddable":true,"href":"https:\/\/www.luxor.cz\/blog\/wp-json\/wp\/v2\/comments?post=17663"}],"version-history":[{"count":0,"href":"https:\/\/www.luxor.cz\/blog\/wp-json\/wp\/v2\/posts\/17663\/revisions"}],"wp:featuredmedia":[{"embeddable":true,"href":"https:\/\/www.luxor.cz\/blog\/wp-json\/wp\/v2\/media\/17664"}],"wp:attachment":[{"href":"https:\/\/www.luxor.cz\/blog\/wp-json\/wp\/v2\/media?parent=17663"}],"wp:term":[{"taxonomy":"category","embeddable":true,"href":"https:\/\/www.luxor.cz\/blog\/wp-json\/wp\/v2\/categories?post=17663"},{"taxonomy":"post_tag","embeddable":true,"href":"https:\/\/www.luxor.cz\/blog\/wp-json\/wp\/v2\/tags?post=17663"}],"curies":[{"name":"wp","href":"https:\/\/api.w.org\/{rel}","templated":true}]}}