{"id":17531,"date":"2022-11-26T13:49:12","date_gmt":"2022-11-26T12:49:12","guid":{"rendered":"https:\/\/www.luxor.cz\/blog\/?p=17531"},"modified":"2022-11-26T13:49:13","modified_gmt":"2022-11-26T12:49:13","slug":"autogramiada-knihy-moje-mama-jana-brejchova","status":"publish","type":"post","link":"https:\/\/www.luxor.cz\/blog\/aktuality\/autogramiada-knihy-moje-mama-jana-brejchova\/","title":{"rendered":"Autogrami\u00e1da knihy Moje m\u00e1ma Jana Brejchov\u00e1"},"content":{"rendered":"<p><strong>Srde\u010dn\u011b v\u00e1s zveme<\/strong><strong>&nbsp;na autogrami\u00e1du <a href=\"https:\/\/www.luxor.cz\/autor\/58306\">Terezy Brodsk\u00e9<\/a> ke knize <a href=\"https:\/\/www.luxor.cz\/v\/1602859\/moje-mama-jana-brejchova\">Moje m\u00e1ma Jana Brejchov\u00e1<\/a>, kter\u00e1 se kon\u00e1&nbsp;v&nbsp;\u00fater\u00fd 29. 11. od 17:00 v Pal\u00e1ci knih Luxor (kav\u00e1rna 1. patro, V\u00e1clavsk\u00e9 n\u00e1m. 41).<\/strong><\/p>\n<h2>O knize Moje m\u00e1ma Jana Brejchov\u00e1<\/h2>\n<p>Kniha vych\u00e1z\u00ed ve spolupr\u00e1ci s nakladatelstv\u00edm WWA photo. Jde o \u017eivotn\u00ed p\u0159\u00edb\u011bh jedn\u00e9 z nejv\u011bt\u0161\u00edch \u010desk\u00fdch here\u010dek Jany Brejchov\u00e9, zachycen\u00fd dcerou Terezou Brodskou. Na z\u00e1klad\u011b spole\u010dn\u00fdch rozhovor\u016f p\u0159ibli\u017euje filmovou kari\u00e9ru filmov\u00e9 hv\u011bzdy, je\u017e v \u0161edes\u00e1t\u00fdch letech z\u00e1\u0159ila t\u00e9\u017e na evropsk\u00e9 sc\u00e9n\u011b. Vypr\u00e1v\u00ed o spolupr\u00e1ci s filmov\u00fdmi kolegy, kte\u0159\u00ed byli sou\u010d\u00e1st\u00ed jej\u00ed profesn\u00ed kari\u00e9ry i osobn\u00edho \u017eivota. Setk\u00e1me se s re\u017eis\u00e9ry Ji\u0159\u00edm Krej\u010d\u00edkem \u010di Milo\u0161em Formanem a nahl\u00e9dneme do z\u00e1kulis\u00ed nat\u00e1\u010den\u00ed s um\u011blci jako Pierre Brice, Vlastimil Brodsk\u00fd nebo Jan Werich. Kniha je neobvykle otev\u0159enou v\u00fdpov\u011bd\u00ed o soukrom\u00ed slavn\u00e9 here\u010dky, o jej\u00edch partnerstv\u00edch i slo\u017eit\u00fdch rodinn\u00fdch vztaz\u00edch.<\/p>\n","protected":false},"excerpt":{"rendered":"<p>Srde\u010dn\u011b v\u00e1s zveme&nbsp;na autogrami\u00e1du Terezy Brodsk\u00e9 ke knize Moje m\u00e1ma Jana Brejchov\u00e1, kter\u00e1 se kon\u00e1&nbsp;v&nbsp;\u00fater\u00fd 29. 11. od 17:00 v Pal\u00e1ci knih Luxor (kav\u00e1rna 1. patro, V\u00e1clavsk\u00e9 n\u00e1m. 41). O [&hellip;]<\/p>\n","protected":false},"author":8,"featured_media":17532,"comment_status":"closed","ping_status":"open","sticky":false,"template":"","format":"standard","meta":{"_acf_changed":false,"_monsterinsights_skip_tracking":false,"_monsterinsights_sitenote_active":false,"_monsterinsights_sitenote_note":"","_monsterinsights_sitenote_category":0,"_EventAllDay":false,"_EventTimezone":"","_EventStartDate":"","_EventEndDate":"","_EventStartDateUTC":"","_EventEndDateUTC":"","_EventShowMap":false,"_EventShowMapLink":false,"_EventURL":"","_EventCost":"","_EventCostDescription":"","_EventCurrencySymbol":"","_EventCurrencyCode":"","_EventCurrencyPosition":"","_EventDateTimeSeparator":"","_EventTimeRangeSeparator":"","_EventOrganizerID":[],"_EventVenueID":[],"_OrganizerEmail":"","_OrganizerPhone":"","_OrganizerWebsite":"","_VenueAddress":"","_VenueCity":"","_VenueCountry":"","_VenueProvince":"","_VenueState":"","_VenueZip":"","_VenuePhone":"","_VenueURL":"","_VenueStateProvince":"","_VenueLat":"","_VenueLng":"","_VenueShowMap":false,"_VenueShowMapLink":false,"twitterCardType":"","cardImageID":0,"cardImage":"","cardTitle":"","cardDesc":"","cardImageAlt":"","cardPlayer":"","cardPlayerWidth":0,"cardPlayerHeight":0,"cardPlayerStream":"","cardPlayerCodec":"","footnotes":""},"categories":[5],"tags":[67],"class_list":["post-17531","post","type-post","status-publish","format-standard","has-post-thumbnail","hentry","category-aktuality","tag-akce"],"acf":{"related_products":null},"_links":{"self":[{"href":"https:\/\/www.luxor.cz\/blog\/wp-json\/wp\/v2\/posts\/17531","targetHints":{"allow":["GET"]}}],"collection":[{"href":"https:\/\/www.luxor.cz\/blog\/wp-json\/wp\/v2\/posts"}],"about":[{"href":"https:\/\/www.luxor.cz\/blog\/wp-json\/wp\/v2\/types\/post"}],"author":[{"embeddable":true,"href":"https:\/\/www.luxor.cz\/blog\/wp-json\/wp\/v2\/users\/8"}],"replies":[{"embeddable":true,"href":"https:\/\/www.luxor.cz\/blog\/wp-json\/wp\/v2\/comments?post=17531"}],"version-history":[{"count":0,"href":"https:\/\/www.luxor.cz\/blog\/wp-json\/wp\/v2\/posts\/17531\/revisions"}],"wp:featuredmedia":[{"embeddable":true,"href":"https:\/\/www.luxor.cz\/blog\/wp-json\/wp\/v2\/media\/17532"}],"wp:attachment":[{"href":"https:\/\/www.luxor.cz\/blog\/wp-json\/wp\/v2\/media?parent=17531"}],"wp:term":[{"taxonomy":"category","embeddable":true,"href":"https:\/\/www.luxor.cz\/blog\/wp-json\/wp\/v2\/categories?post=17531"},{"taxonomy":"post_tag","embeddable":true,"href":"https:\/\/www.luxor.cz\/blog\/wp-json\/wp\/v2\/tags?post=17531"}],"curies":[{"name":"wp","href":"https:\/\/api.w.org\/{rel}","templated":true}]}}