{"id":17463,"date":"2022-10-24T08:57:29","date_gmt":"2022-10-24T06:57:29","guid":{"rendered":"https:\/\/www.luxor.cz\/blog\/?p=17463"},"modified":"2023-02-01T14:07:22","modified_gmt":"2023-02-01T13:07:22","slug":"fejeton-zuzana-kultanova-kdybych-na-to-mela-kridla","status":"publish","type":"post","link":"https:\/\/www.luxor.cz\/blog\/knizni-zajimavosti\/fejeton-zuzana-kultanova-kdybych-na-to-mela-kridla\/","title":{"rendered":"FEJETON: Zuzana Kult\u00e1nov\u00e1 \u2013 Kdybych na to m\u011bla k\u0159\u00eddla"},"content":{"rendered":"<p><strong>Slavn\u00fd spisovatel Amos Oz v&nbsp;jednom rozhovoru \u0159ekl, \u017ee v&nbsp;ka\u017ed\u00e9 jeho knize se skr\u00fdvaj\u00ed p\u0159inejmen\u0161\u00edm knihy t\u0159i: ta, kterou \u010dtete, ta, kterou napsal a&nbsp;kter\u00e1 se nutn\u011b mus\u00ed li\u0161it od t\u00e9, kterou \u010dtete, a&nbsp;pak je tu je\u0161t\u011b t\u0159et\u00ed kniha: ta, kterou by napsal, kdyby na to m\u011bl dost sil. Kdyby na to m\u011bl k\u0159\u00eddla. A&nbsp;ta t\u0159et\u00ed je nejlep\u0161\u00ed. <\/strong><\/p>\n<p>Kdyby se n\u011bkdo zeptal m\u011b, dodala bych, \u017ee \u017e\u00e1dn\u00fd spisovatel nikdy stoprocentn\u011b nev\u00ed, co napsal.<\/p>\n<p>Kdybyste se m\u011b zeptali, o&nbsp;\u010dem je moje kniha (<strong><a href=\"https:\/\/www.luxor.cz\/v\/1906398\/zpivas-jako-bys-plakala\">Zp\u00edv\u00e1\u0161, jako bys plakala<\/a><\/strong>), netu\u0161\u00edm, co odpov\u011bd\u011bt. Mo\u017en\u00e1 by to vypadalo, \u017ee ani odpov\u00eddat nechci, a&nbsp;urazili byste se. Kdy\u017e by se k&nbsp;tomu schylovalo, vypravila bych ze sebe n\u011bco jako \u201eje o&nbsp;l\u00e1sce\u201c. Pak bych se lekla, \u017ee si to \u0161patn\u011b vylo\u017e\u00edte, proto\u017ee l\u00e1ska je riskantn\u00ed v\u011bc a&nbsp;o&nbsp;l\u00e1sce se \u0161patn\u011b p\u00ed\u0161e. Je to vrcholn\u00e1 spisovatelsk\u00e1 discipl\u00edna a&nbsp;m\u00e1lokdo ji svede. Dodala bych: Je taky o&nbsp;smrti. O&nbsp;touze n\u011bkoho a&nbsp;n\u011bco m\u00edt, o&nbsp;spasitelstv\u00ed a&nbsp;o&nbsp;tom, co l\u00e1ska nen\u00ed. Taky tam jde o&nbsp;krize. O&nbsp;ty spole\u010densk\u00e9 i&nbsp;vnit\u0159n\u00ed. V\u017edycky spolu \u00fazce souvis\u00ed. Jedna vypl\u00fdv\u00e1 z&nbsp;t\u00e9 druh\u00e9 a&nbsp;naopak. U\u017e mi rozum\u00edte? Co by to bylo za l\u00e1sku, kdybyste ji nemuseli vystav\u011bt znovu hol\u00fdma rukama. Kdybyste nemuseli v\u0161echno zbo\u0159it a&nbsp;pak to vystavit znova. To je l\u00e1ska v&nbsp;m\u00e9 knize. To je krize, kter\u00e1 su\u017euje sv\u011bt od jeho prvopo\u010d\u00e1tku. Krize v&nbsp;l\u00e1sce, l\u00e1ska v&nbsp;krizi.<\/p>\n<p>Moje psan\u00ed je rozpom\u00edn\u00e1n\u00ed na knihu, kter\u00e1 ve mn\u011b \u017eila v&nbsp;preexistenci, kdesi v&nbsp;prvopo\u010d\u00e1tku. Ka\u017ed\u00fd z&nbsp;n\u00e1s si takovou knihu nos\u00ed v&nbsp;srdci. Spisovatel\u00e9 se rod\u00ed s&nbsp;takovou vadou, hlavu a&nbsp;krk maj\u00ed oto\u010den\u00e9 dozadu, \u0159\u00edk\u00e1 Oz a&nbsp;nezb\u00fdv\u00e1 ne\u017e souhlasit. Nejde p\u0159itom o&nbsp;gramatick\u00fd \u010das, ten m\u016f\u017ee b\u00fdt klidn\u011b p\u0159\u00edtomn\u00fd nebo budouc\u00ed. Jde o&nbsp;odvahu pustit se na zaminovan\u00e9 pole, vydat se do pustiny, kde jste jen vy a&nbsp;v\u00e1\u0161 st\u00edn. A&nbsp;\u010dten\u00e1\u0159 mus\u00ed j\u00edt s&nbsp;v\u00e1mi. Jinak ta hra neplat\u00ed. Nesm\u00edte se ho b\u00e1t vz\u00edt s&nbsp;sebou a&nbsp;on se nesm\u00ed b\u00e1t v\u00e1m podat ruku. Je to ch\u016fze po skle. \u010cek\u00e1te, a\u017e to praskne. Je v&nbsp;tom kus destrukce, ale i&nbsp;velk\u00fd d\u00edl slasti. V\u017edy\u0165 kdo by se dobrovoln\u011b znovu vyd\u00e1val k&nbsp;propasti, kdy\u017e u\u017e u&nbsp;n\u00ed jednou st\u00e1l.<\/p>\n<p>Aby bylo vzpom\u00edn\u00e1n\u00ed funk\u010dn\u00ed, mus\u00edte spolu se mnou za\u010d\u00edt vzpom\u00ednat i&nbsp;vy. V\u017edycky m\u011b p\u0159ekvap\u00ed, jak vn\u00edmaj\u00ed \u010dten\u00e1\u0159i moje postavy. Moje hrdinka m\u011bla b\u00fdt nesympatick\u00e1 a&nbsp;lidem se l\u00edb\u00ed. Richard m\u011bl b\u00fdt ten lep\u0161\u00ed, ale \u010dten\u00e1\u0159i jsou v\u016f\u010di n\u011bmu ostra\u017eit\u00ed. V&nbsp;tu chv\u00edli v\u00edm, \u017ee je to na dobr\u00e9 cest\u011b. Sice jsem nenapsala tu t\u0159et\u00ed knihu, tu ide\u00e1ln\u00ed, ale mo\u017en\u00e1 jsem se k&nbsp;n\u00ed p\u0159ibl\u00ed\u017eila. Vydala jsem se na cestu a&nbsp;cesta, to je kniha, to je \u017eivot. A\u017e mi nap\u00ed\u0161ete, \u017ee jste si na n\u011bco b\u011bhem \u010dten\u00ed vzpomn\u011bli, budu v\u011bd\u011bt, \u017ee jsem ud\u011blala v\u0161echno, co bylo v&nbsp;m\u00fdch sil\u00e1ch.<\/p>\n<p><strong><a href=\"https:\/\/www.luxor.cz\/autor\/29574\">Zuzana Kult\u00e1nov\u00e1<\/a><\/strong><\/p>\n<p>(1986) vystudovala bohemistiku na Ostravsk\u00e9 univerzit\u011b, pot\u00e9 byla \u0161\u00e9fredaktorkou \u010dasopisu Opi\u010d\u00ed revue. Za svou kni\u017en\u00ed prvotinu <strong><a href=\"https:\/\/www.luxor.cz\/v\/1508006\/augustin-zimmermann\">Augustin Zimmermann<\/a><\/strong> byla nominov\u00e1na na cenu Magnesia Litera pro objev roku a&nbsp;z\u00edskala Cenu Ji\u0159\u00edho Ortena 2017. Pracuje jako pedago\u017eka a&nbsp;kni\u017en\u00ed redaktorka. \u017dije v&nbsp;Praze.<\/p>\n<p><em>Tento \u010dl\u00e1nek vy\u0161el v magaz\u00ednu Luxor v \u0159\u00edjnu 2022.<\/em><\/p>\n","protected":false},"excerpt":{"rendered":"<p>Slavn\u00fd spisovatel Amos Oz v&nbsp;jednom rozhovoru \u0159ekl, \u017ee v&nbsp;ka\u017ed\u00e9 jeho knize se skr\u00fdvaj\u00ed p\u0159inejmen\u0161\u00edm knihy t\u0159i: ta, kterou \u010dtete, ta, kterou napsal a&nbsp;kter\u00e1 se nutn\u011b mus\u00ed li\u0161it od t\u00e9, kterou [&hellip;]<\/p>\n","protected":false},"author":8,"featured_media":17408,"comment_status":"closed","ping_status":"open","sticky":false,"template":"","format":"standard","meta":{"_acf_changed":false,"_monsterinsights_skip_tracking":false,"_monsterinsights_sitenote_active":false,"_monsterinsights_sitenote_note":"","_monsterinsights_sitenote_category":0,"_EventAllDay":false,"_EventTimezone":"","_EventStartDate":"","_EventEndDate":"","_EventStartDateUTC":"","_EventEndDateUTC":"","_EventShowMap":false,"_EventShowMapLink":false,"_EventURL":"","_EventCost":"","_EventCostDescription":"","_EventCurrencySymbol":"","_EventCurrencyCode":"","_EventCurrencyPosition":"","_EventDateTimeSeparator":"","_EventTimeRangeSeparator":"","_EventOrganizerID":[],"_EventVenueID":[],"_OrganizerEmail":"","_OrganizerPhone":"","_OrganizerWebsite":"","_VenueAddress":"","_VenueCity":"","_VenueCountry":"","_VenueProvince":"","_VenueState":"","_VenueZip":"","_VenuePhone":"","_VenueURL":"","_VenueStateProvince":"","_VenueLat":"","_VenueLng":"","_VenueShowMap":false,"_VenueShowMapLink":false,"twitterCardType":"","cardImageID":0,"cardImage":"","cardTitle":"","cardDesc":"","cardImageAlt":"","cardPlayer":"","cardPlayerWidth":0,"cardPlayerHeight":0,"cardPlayerStream":"","cardPlayerCodec":"","footnotes":""},"categories":[6,21655],"tags":[21116],"class_list":["post-17463","post","type-post","status-publish","format-standard","has-post-thumbnail","hentry","category-knizni-zajimavosti","category-magazin-luxor","tag-fejetony"],"acf":{"related_products":null},"_links":{"self":[{"href":"https:\/\/www.luxor.cz\/blog\/wp-json\/wp\/v2\/posts\/17463","targetHints":{"allow":["GET"]}}],"collection":[{"href":"https:\/\/www.luxor.cz\/blog\/wp-json\/wp\/v2\/posts"}],"about":[{"href":"https:\/\/www.luxor.cz\/blog\/wp-json\/wp\/v2\/types\/post"}],"author":[{"embeddable":true,"href":"https:\/\/www.luxor.cz\/blog\/wp-json\/wp\/v2\/users\/8"}],"replies":[{"embeddable":true,"href":"https:\/\/www.luxor.cz\/blog\/wp-json\/wp\/v2\/comments?post=17463"}],"version-history":[{"count":0,"href":"https:\/\/www.luxor.cz\/blog\/wp-json\/wp\/v2\/posts\/17463\/revisions"}],"wp:featuredmedia":[{"embeddable":true,"href":"https:\/\/www.luxor.cz\/blog\/wp-json\/wp\/v2\/media\/17408"}],"wp:attachment":[{"href":"https:\/\/www.luxor.cz\/blog\/wp-json\/wp\/v2\/media?parent=17463"}],"wp:term":[{"taxonomy":"category","embeddable":true,"href":"https:\/\/www.luxor.cz\/blog\/wp-json\/wp\/v2\/categories?post=17463"},{"taxonomy":"post_tag","embeddable":true,"href":"https:\/\/www.luxor.cz\/blog\/wp-json\/wp\/v2\/tags?post=17463"}],"curies":[{"name":"wp","href":"https:\/\/api.w.org\/{rel}","templated":true}]}}