{"id":17434,"date":"2022-10-17T13:48:49","date_gmt":"2022-10-17T11:48:49","guid":{"rendered":"https:\/\/www.luxor.cz\/blog\/?p=17434"},"modified":"2024-01-23T12:52:15","modified_gmt":"2024-01-23T11:52:15","slug":"martin-moravec-bavi-me-si-povidat","status":"publish","type":"post","link":"https:\/\/www.luxor.cz\/blog\/rozhovor\/martin-moravec-bavi-me-si-povidat\/","title":{"rendered":"Martin Moravec: Bav\u00ed m\u011b si pov\u00eddat"},"content":{"rendered":"<p><strong><a href=\"https:\/\/www.luxor.cz\/autor\/11755\">Martin Moravec<\/a> je nejen \u00fasp\u011b\u0161n\u00fd novin\u00e1\u0159 a\u00a0moder\u00e1tor, ale v\u00a0posledn\u00edch letech proslul tak\u00e9 kni\u017en\u00edmi rozhovory se zaj\u00edmav\u00fdmi lidmi. Pr\u00e1v\u011b mu vych\u00e1z\u00ed v\u00a0po\u0159ad\u00ed ji\u017e \u0161est\u00e1 kniha, tentokr\u00e1t s\u00a0b\u00fdval\u00fdm \u0161\u00e9fem odd\u011blen\u00ed vra\u017ed Josefem Mare\u0161em, tak\u017ee o\u00a0nap\u011bt\u00ed nebude nouze.<\/strong><\/p>\n<p><strong>M\u00e1te za sebou ji\u017e n\u011bkolik kni\u017en\u00edch bestseller\u016f. Kdy jste se rozhodl ps\u00e1t knihy? <\/strong><\/p>\n<p>\u00dapln\u011b stejnou ot\u00e1zku si kladu, kdy\u017e mi v\u00a0p\u011bt r\u00e1no zazvon\u00ed bud\u00edk, abych napsal dal\u0161\u00ed kapitolu. A\u00a0mo\u017en\u00e1 si ji klade i\u00a0m\u016fj n\u011bkdej\u0161\u00ed u\u010ditel fyziky, kter\u00fd se mnou ob\u011btav\u011b obj\u00ed\u017ed\u011bl olympi\u00e1dy a\u00a0piplal ze m\u011b budouc\u00edho v\u011bdce. Ale j\u00e1 v\u017edycky r\u00e1d \u010detl, a\u00a0kdy\u017e jsem si je\u0161t\u011b nemohl dovolit tolik nov\u00fdch kn\u00ed\u017eek, chodil jsem k\u00a0nim do obchod\u016f aspo\u0148 \u010dichat. A\u00a0\u0159\u00edkal jsem si: P\u00e1ni, kdyby tady jednou bylo i\u00a0moje jm\u00e9no\u2026<\/p>\n<p><strong>Va\u0161e knihy jsou ps\u00e1ny v\u011bt\u0161inou formou rozhovoru. Je v\u00e1m tento styl bl\u00edzk\u00fd? <\/strong><\/p>\n<p><img fetchpriority=\"high\" decoding=\"async\" class=\"size-medium wp-image-17437 alignleft\" src=\"https:\/\/www.luxor.cz\/blog\/wp-content\/uploads\/Moracev-300x268.png\" alt=\"\" width=\"300\" height=\"268\" title=\"\" srcset=\"https:\/\/www.luxor.cz\/blog\/wp-content\/uploads\/Moracev-300x268.png 300w, https:\/\/www.luxor.cz\/blog\/wp-content\/uploads\/Moracev-600x537.png 600w, https:\/\/www.luxor.cz\/blog\/wp-content\/uploads\/Moracev-1024x916.png 1024w, https:\/\/www.luxor.cz\/blog\/wp-content\/uploads\/Moracev-768x687.png 768w, https:\/\/www.luxor.cz\/blog\/wp-content\/uploads\/Moracev-1000x894.png 1000w, https:\/\/www.luxor.cz\/blog\/wp-content\/uploads\/Moracev-581x520.png 581w, https:\/\/www.luxor.cz\/blog\/wp-content\/uploads\/Moracev.png 1127w\" sizes=\"(max-width: 300px) 100vw, 300px\" \/>Je. Zp\u011btn\u011b se omlouv\u00e1m rodi\u010d\u016fm, kter\u00fdm moje \u201eA\u00a0pro\u010d? A\u00a0pro\u010d? A\u00a0pro\u010d?\u201c muselo ka\u017edou noc p\u0159ed usnut\u00edm zvonit v\u00a0u\u0161\u00edch. V\u017edycky jsem pot\u0159eboval v\u0161echno v\u011bd\u011bt. Dodnes m\u011b bav\u00ed si s\u00a0ka\u017ed\u00fdm pov\u00eddat. Kdykoliv, s\u00a0k\u00fdmkoliv, o\u00a0\u010demkoliv.<\/p>\n<p><strong>Vedl jste kni\u017en\u00ed rozhovor s\u00a0neurochirurgem Vladim\u00edrem Bene\u0161em, pilotem Davidem Heclem a\u00a0nyn\u00ed s\u00a0kriminalistou Josefem Mare\u0161em. Pro\u010d pr\u00e1v\u011b oni?<\/strong><\/p>\n<p>\u010cist\u00fd instinkt, nikoho z\u00a0nich jsem p\u0159edt\u00edm neznal. Ale v\u0161echny t\u0159i jsem sly\u0161el vypr\u00e1v\u011bt a\u00a0vid\u011bl jsem, jak jim p\u0159i pov\u00edd\u00e1n\u00ed o\u00a0jejich pr\u00e1ci sv\u00edt\u00ed o\u010di. A\u00a0proto\u017ee m\u011b zrovna jejich obory extr\u00e9mn\u011b zaj\u00edmaly, hned mi v\u00a0hlav\u011b za\u010dalo naskakovat, na co v\u0161echno bych se jich zeptal. Tak jsem sebral odvahu a\u00a0jednoho po druh\u00e9m je oslovil.<\/p>\n<p><strong>Jak prob\u00edh\u00e1 osloven\u00ed takov\u00fdch osobnost\u00ed? Je t\u011b\u017ek\u00e9 je \u201eulovit\u201c? <\/strong><\/p>\n<p>R\u00e1d bych \u0159ekl, \u017ee jsem se o\u00a0n\u011b rval, ale bylo to mnohem prost\u0161\u00ed. Profesoru Bene\u0161ovi jsem jako prvn\u00edmu napsal dlouhat\u00e1nsk\u00fd mail, v\u00a0n\u011bm\u017e jsem vysv\u011btlil, jakou kn\u00ed\u017eku bych cht\u011bl ud\u011blat, jak bychom se sch\u00e1zeli\u2026 Odeslal jsem ho a\u00a0doufal, \u017ee mi n\u011bkdy odpov\u00ed. Odpov\u011bd\u011bl mi za minutu. Jedn\u00edm jedin\u00fdm slovem. \u201eDob\u0159e.\u201c S\u00a0Davidem Heclem to bylo podobn\u00e9 a\u00a0trochu del\u0161\u00ed byla domluva jen s\u00a0Josefem Mare\u0161em.<\/p>\n<p><strong>Pro\u010d? <\/strong><\/p>\n<p><a href=\"https:\/\/www.luxor.cz\/v\/1915002\/josef-mares-moje-pripady-z-1-oddeleni\" target=\"_blank\" rel=\"noopener\"><img decoding=\"async\" class=\"alignright wp-image-17438 size-medium\" src=\"https:\/\/www.luxor.cz\/blog\/wp-content\/uploads\/Josef-Mares\u030c-274x300.webp\" alt=\"\" width=\"274\" height=\"300\" title=\"\" srcset=\"https:\/\/www.luxor.cz\/blog\/wp-content\/uploads\/Josef-Mares\u030c-274x300.webp 274w, https:\/\/www.luxor.cz\/blog\/wp-content\/uploads\/Josef-Mares\u030c-475x520.webp 475w, https:\/\/www.luxor.cz\/blog\/wp-content\/uploads\/Josef-Mares\u030c.webp 548w\" sizes=\"(max-width: 274px) 100vw, 274px\" \/><\/a>\u0158ekl bych to tak: jako vy\u0161et\u0159ovatel vra\u017ed logicky ned\u016fv\u011b\u0159uje \u00fapln\u011b ka\u017ed\u00e9mu a\u00a0\u010dlov\u011bka si nejd\u0159\u00edv pot\u0159ebuje prov\u011b\u0159it.<\/p>\n<p><strong>Va\u0161e knihy jsou bestsellery, nejsp\u00ed\u0161 pr\u00e1v\u011b proto, jak se dok\u00e1\u017eete pt\u00e1t\u2026 <\/strong><\/p>\n<p>D\u011bkuju v\u00e1m!<\/p>\n<p><strong>V\u00a0ot\u00e1zk\u00e1ch \u010dasto z\u016fst\u00e1v\u00e1te laikem, a\u00a0to mi d\u00e1v\u00e1 jako \u010dten\u00e1\u0159i pocit, \u017ee se dozv\u00edm o\u00a0\u010dlov\u011bku, jeho profesi a\u00a0\u017eivotn\u00edm p\u0159\u00edb\u011bhu v\u0161e od z\u00e1kladu. Je to z\u00e1m\u011br? <\/strong><\/p>\n<p>Kdy\u017e jsem o\u00a0rozhovorech p\u0159edn\u00e1\u0161el student\u016fm, \u010dasto jsem jim opakoval: Ptejte se, jako byste s\u00a0doty\u010dn\u00fdm sed\u011bli u\u00a0piva. Norm\u00e1ln\u011b si pov\u00eddejte. Kdy\u017e si o\u00a0n\u011bjak\u00e9 ot\u00e1zce mysl\u00edte, \u017ee je hloup\u00e1, nevad\u00ed, klidn\u011b ji polo\u017ete.<\/p>\n<p><strong>D\u00e1te mi p\u0159\u00edklad? <\/strong><\/p>\n<p><img decoding=\"async\" class=\"size-medium wp-image-17435 alignleft\" src=\"https:\/\/www.luxor.cz\/blog\/wp-content\/uploads\/Hecl-a-Moravec-300x265.png\" alt=\"\" width=\"300\" height=\"265\" title=\"\" srcset=\"https:\/\/www.luxor.cz\/blog\/wp-content\/uploads\/Hecl-a-Moravec-300x265.png 300w, https:\/\/www.luxor.cz\/blog\/wp-content\/uploads\/Hecl-a-Moravec-600x531.png 600w, https:\/\/www.luxor.cz\/blog\/wp-content\/uploads\/Hecl-a-Moravec-1024x906.png 1024w, https:\/\/www.luxor.cz\/blog\/wp-content\/uploads\/Hecl-a-Moravec-768x679.png 768w, https:\/\/www.luxor.cz\/blog\/wp-content\/uploads\/Hecl-a-Moravec-1000x884.png 1000w, https:\/\/www.luxor.cz\/blog\/wp-content\/uploads\/Hecl-a-Moravec-588x520.png 588w, https:\/\/www.luxor.cz\/blog\/wp-content\/uploads\/Hecl-a-Moravec.png 1237w\" sizes=\"(max-width: 300px) 100vw, 300px\" \/>Pilota Davida Hecla jsem se t\u0159eba zeptal, k\u00a0\u010demu jsou v\u00a0letadle st\u011bra\u010de. A\u00a0byla z\u00a0toho jedna z\u00a0nejzaj\u00edmav\u011bj\u0161\u00edch odpov\u011bd\u00ed v\u00a0knize. Nebo nov\u011b u\u00a0vy\u0161et\u0159ovatele Mare\u0161e m\u011b zaj\u00edmalo, jak mu p\u0159i v\u00fdsle\u0161\u00edch \u0161lo psan\u00ed na stroji. A\u00a0byla z\u00a0toho v\u00fdborn\u00e1 historka. \u010c\u00edm\u017e bych v\u00e1s r\u00e1d nen\u00e1padn\u011b nal\u00e1kal k\u00a0nov\u00e9 knize.<\/p>\n<p><strong>T\u011b\u0161\u00edm se na ni. Klidn\u011b l\u00e1kejte d\u00e1l. <\/strong><\/p>\n<p>Tak schv\u00e1ln\u011b. Zkuste zap\u0159em\u00fd\u0161let nad n\u00e1sleduj\u00edc\u00ed situac\u00ed. Chcete n\u011bkoho zast\u0159elit, on le\u017e\u00ed v\u00a0posteli a\u00a0p\u0159i pitv\u011b se uk\u00e1\u017ee, \u017ee nezem\u0159el po va\u0161\u00ed st\u0159ele, ale u\u017e p\u0159edt\u00edm ve sp\u00e1nku. Jste vrah? Nebo jste nevinn\u00e1?<\/p>\n<p><strong>Zap\u0159em\u00fd\u0161l\u00edm! Osobnosti posledn\u00edch t\u0159\u00ed knih, kter\u00e9 jste vyzpov\u00eddal, spojuje to, \u017ee v\u00a0jejich profesi se chyby neodpou\u0161t\u011bj\u00ed. Je to tak? <\/strong><\/p>\n<p>To ka\u017edop\u00e1dn\u011b. Kdy\u017e ud\u011bl\u00e1me v\u00a0pr\u00e1ci chybu my dva, p\u00e1r lid\u00ed si poklepe na \u010delo, \u0161\u00e9fov\u00e9 se roz\u010d\u00edl\u00ed a\u00a0to bude asi tak v\u0161echno. Ale chybovat, kdy\u017e se n\u011bkomu pohybujete v\u00a0mozku, kdy\u017e za sebou m\u00e1te \u0161est set cestuj\u00edc\u00edch v\u00a0deseti kilometrech nad zem\u00ed nebo kdy\u017e v\u00e1m po ulic\u00edch b\u011bh\u00e1 s\u00e9riov\u00fd vrah\u2026 P\u0159ed p\u00e1ny opravdu smek\u00e1m.<\/p>\n<p><strong>Kdybyste si mohl vybrat b\u00fdt na den pilotem, doktorem nebo kriminalistou, \u010demu byste dal p\u0159ednost? A\u00a0pro\u010d? <\/strong><\/p>\n<p>I\u00a0pot\u00e9, co jsem v\u00e1m p\u0159ed chv\u00edl\u00ed popsal? Hrozn\u011b t\u011b\u017ek\u00e1 ot\u00e1zka. Maminka by m\u011bla jasno, ta samoz\u0159ejm\u011b v\u00a0rodin\u011b cht\u011bla doktora. Zp\u011btn\u011b se j\u00ed omlouv\u00e1m a\u00a0mezi mozky, letadly a\u00a0vra\u017edami bych asi volil letadla. U\u00a0t\u011bch dvou zb\u00fdvaj\u00edc\u00edch povol\u00e1n\u00ed je na m\u016fj vkus moc krve.<\/p>\n<p><strong>Na jakou osobnost se m\u016f\u017eeme t\u011b\u0161it ve va\u0161em dal\u0161\u00edm kni\u017en\u00edm rozhovoru? <\/strong><\/p>\n<p>S\u00a0jednou jsem si pl\u00e1cl. Skv\u011bl\u00fd \u010dlov\u011bk. Ale je\u0161t\u011b jsme ani neza\u010dali, tak si jm\u00e9no z\u00a0pov\u011br\u010divosti nech\u00e1m pro sebe.<\/p>\n<p><strong>N\u011bkde jste \u0159ekl, \u017ee va\u0161\u00edm spisovatelsk\u00fdm snem je napsat rom\u00e1n. V\u00edte u\u017e, o\u00a0\u010dem bude? <\/strong><\/p>\n<p>Vy mi na z\u00e1v\u011br d\u00e1v\u00e1te! V\u00a0hlav\u011b ho m\u00e1m. Ale zase ta pov\u011br\u010divost\u2026 Snad bych jen \u0159ekl, \u017ee by m\u011bl b\u00fdt z\u00e1bavn\u00fd. Nic v\u00e1\u017en\u00e9ho. Proto\u017ee legrace je m\u00e1lo.<\/p>\n<h2>Martin Moravec<\/h2>\n<p>Narodil se v\u00a0roce 1981 v\u00a0Rychnov\u011b nad Kn\u011b\u017enou a\u00a0v\u00a0roce 1999 se stal sportovn\u00edm report\u00e9rem den\u00edku MF DNES. O\u00a0t\u0159i roky pozd\u011bji za\u010dal ps\u00e1t pro \u010dtvrte\u010dn\u00ed Magaz\u00edn DNES, v\u00a0n\u011bm\u017e pracuje dodnes. Pr\u00e1v\u011b vyd\u00e1v\u00e1 svou \u0161estou knihu. Prvn\u00ed byl soubor fejeton\u016f <strong><a href=\"https:\/\/www.luxor.cz\/v\/1602020\/enter-mami\">Enter, mami!<\/a><\/strong>, n\u00e1sledovaly sportovn\u00ed biografie <strong><a href=\"https:\/\/www.luxor.cz\/v\/1495578\/petr-koukal-jsem\">Jsem<\/a><\/strong> a\u00a0<strong><a href=\"https:\/\/www.luxor.cz\/v\/1495601\/jina-gabriela-koukalova\">Jin\u00e1<\/a><\/strong> a\u00a0pak u\u017e kni\u017en\u00ed rozhovory: s\u00a0neurochirurgem <strong><a href=\"https:\/\/www.luxor.cz\/v\/1549700\/vladimir-benes-me-cesty-do-hlubin-mozku\">Vladim\u00edrem Bene\u0161em<\/a><\/strong>, pilotem <strong><a href=\"https:\/\/www.luxor.cz\/v\/1742722\/david-hecl-mluvi-k-vam-kapitan\">Davidem Heclem<\/a><\/strong> a\u00a0nov\u011b s\u00a0vy\u0161et\u0159ovatelem vra\u017ed <strong><a href=\"https:\/\/www.luxor.cz\/v\/1915002\/josef-mares-moje-pripady-z-1-oddeleni\">Josefem Mare\u0161em<\/a><\/strong>.<\/p>\n<p><em>Autorkou rozhovoru je Jana Br\u00e1zdilov\u00e1, foto Jan Z\u00e1torsk\u00fd.<\/em><\/p>\n<p><em>Tento \u010dl\u00e1nek vy\u0161el v magaz\u00ednu Luxor v \u0159\u00edjnu 2022.<\/em><\/p>\n","protected":false},"excerpt":{"rendered":"<p>Martin Moravec je nejen \u00fasp\u011b\u0161n\u00fd novin\u00e1\u0159 a\u00a0moder\u00e1tor, ale v\u00a0posledn\u00edch letech proslul tak\u00e9 kni\u017en\u00edmi rozhovory se zaj\u00edmav\u00fdmi lidmi. Pr\u00e1v\u011b mu vych\u00e1z\u00ed v\u00a0po\u0159ad\u00ed ji\u017e \u0161est\u00e1 kniha, tentokr\u00e1t s\u00a0b\u00fdval\u00fdm \u0161\u00e9fem odd\u011blen\u00ed vra\u017ed Josefem [&hellip;]<\/p>\n","protected":false},"author":8,"featured_media":17436,"comment_status":"closed","ping_status":"open","sticky":false,"template":"","format":"standard","meta":{"_acf_changed":false,"_monsterinsights_skip_tracking":false,"_monsterinsights_sitenote_active":false,"_monsterinsights_sitenote_note":"","_monsterinsights_sitenote_category":0,"_EventAllDay":false,"_EventTimezone":"","_EventStartDate":"","_EventEndDate":"","_EventStartDateUTC":"","_EventEndDateUTC":"","_EventShowMap":false,"_EventShowMapLink":false,"_EventURL":"","_EventCost":"","_EventCostDescription":"","_EventCurrencySymbol":"","_EventCurrencyCode":"","_EventCurrencyPosition":"","_EventDateTimeSeparator":"","_EventTimeRangeSeparator":"","_EventOrganizerID":[],"_EventVenueID":[],"_OrganizerEmail":"","_OrganizerPhone":"","_OrganizerWebsite":"","_VenueAddress":"","_VenueCity":"","_VenueCountry":"","_VenueProvince":"","_VenueState":"","_VenueZip":"","_VenuePhone":"","_VenueURL":"","_VenueStateProvince":"","_VenueLat":"","_VenueLng":"","_VenueShowMap":false,"_VenueShowMapLink":false,"twitterCardType":"","cardImageID":0,"cardImage":"","cardTitle":"","cardDesc":"","cardImageAlt":"","cardPlayer":"","cardPlayerWidth":0,"cardPlayerHeight":0,"cardPlayerStream":"","cardPlayerCodec":"","footnotes":""},"categories":[8,21655],"tags":[20787,18344],"class_list":["post-17434","post","type-post","status-publish","format-standard","has-post-thumbnail","hentry","category-rozhovor","category-magazin-luxor","tag-ceska-literatura","tag-rozhovor"],"acf":{"related_products":null},"_links":{"self":[{"href":"https:\/\/www.luxor.cz\/blog\/wp-json\/wp\/v2\/posts\/17434","targetHints":{"allow":["GET"]}}],"collection":[{"href":"https:\/\/www.luxor.cz\/blog\/wp-json\/wp\/v2\/posts"}],"about":[{"href":"https:\/\/www.luxor.cz\/blog\/wp-json\/wp\/v2\/types\/post"}],"author":[{"embeddable":true,"href":"https:\/\/www.luxor.cz\/blog\/wp-json\/wp\/v2\/users\/8"}],"replies":[{"embeddable":true,"href":"https:\/\/www.luxor.cz\/blog\/wp-json\/wp\/v2\/comments?post=17434"}],"version-history":[{"count":0,"href":"https:\/\/www.luxor.cz\/blog\/wp-json\/wp\/v2\/posts\/17434\/revisions"}],"wp:featuredmedia":[{"embeddable":true,"href":"https:\/\/www.luxor.cz\/blog\/wp-json\/wp\/v2\/media\/17436"}],"wp:attachment":[{"href":"https:\/\/www.luxor.cz\/blog\/wp-json\/wp\/v2\/media?parent=17434"}],"wp:term":[{"taxonomy":"category","embeddable":true,"href":"https:\/\/www.luxor.cz\/blog\/wp-json\/wp\/v2\/categories?post=17434"},{"taxonomy":"post_tag","embeddable":true,"href":"https:\/\/www.luxor.cz\/blog\/wp-json\/wp\/v2\/tags?post=17434"}],"curies":[{"name":"wp","href":"https:\/\/api.w.org\/{rel}","templated":true}]}}