{"id":17407,"date":"2022-10-07T14:24:21","date_gmt":"2022-10-07T12:24:21","guid":{"rendered":"https:\/\/www.luxor.cz\/blog\/?p=17407"},"modified":"2022-10-07T14:24:21","modified_gmt":"2022-10-07T12:24:21","slug":"zuzana-kultanova-zpivas-jako-bys-plakala","status":"publish","type":"post","link":"https:\/\/www.luxor.cz\/blog\/ukazky\/zuzana-kultanova-zpivas-jako-bys-plakala\/","title":{"rendered":"Zuzana Kult\u00e1nov\u00e1 \u2013 Zp\u00edv\u00e1\u0161, jako bys plakala"},"content":{"rendered":"<p><strong>Kolik osob m\u016f\u017ee \u010dlov\u011bk milovat, pt\u00e1 se hrdinka Andrea, kter\u00e1 uv\u00edzla mezi dv\u011bma mu\u017ei. Autorka oce\u0148ovan\u00e9ho historick\u00e9ho rom\u00e1nu <a href=\"https:\/\/www.luxor.cz\/v\/1508006\/augustin-zimmermann\">Augustin Zimmermann<\/a> se po letech vrac\u00ed s&nbsp;p\u0159\u00edb\u011bhem o&nbsp;sou\u010dasn\u00e9 mlad\u00e9 \u017een\u011b, kter\u00e1 dosp\u00edvala v&nbsp;90.&nbsp;letech. Nejprve chud\u00e1 studentka, pak \u017e\u00e1douc\u00ed milenka, a&nbsp;nakonec pochybuj\u00edc\u00ed man\u017eelka a&nbsp;matka tou\u017e\u00ed po \u201eoby\u010dejn\u00e9m \u017eivot\u011b\u201c. S&nbsp;brut\u00e1ln\u00ed up\u0159\u00edmnost\u00ed se p\u0159izn\u00e1v\u00e1 ke sv\u00fdm poklesk\u016fm i&nbsp;selh\u00e1n\u00edm a&nbsp;neboj\u00ed se tak\u00e9 odhalit temnou str\u00e1nku mate\u0159stv\u00ed.<\/strong><\/p>\n<p>Knihu <strong>Zp\u00edv\u00e1\u0161, jako bys plakala<\/strong> od <strong><a href=\"https:\/\/www.luxor.cz\/autor\/29574\">Zuzany Kult\u00e1nov\u00e9<\/a><\/strong> u n\u00e1s po\u0159\u00edd\u00edte <strong><a href=\"https:\/\/www.luxor.cz\/v\/1906398\/zpivas-jako-bys-plakala\">zde<\/a><\/strong>.<\/p>\n<p>Tu\u0161\u00edm, \u017ee byl listopad, p\u00e1tek ve\u010der. Jak\u00fd jin\u00fd den, p\u00e1tky byly na\u0161e. Centrum bylo vylidn\u011bn\u00e9. Nebe nad n\u00edm zt\u011b\u017ekl\u00e9, ocelov\u011b \u0161ed\u00e9, vzduch \u0161tiplav\u00fd, p\u00e1lil v&nbsp;hrdle. M\u011bsto vyhl\u00e1silo inverzi druh\u00e9ho stupn\u011b a&nbsp;doporu\u010dilo ob\u010dan\u016fm, zejm\u00e9na d\u011btem a&nbsp;star\u00fdm lidem, nevych\u00e1zet. Sed\u011bla jsem v&nbsp;prosklen\u00e9 kav\u00e1rn\u011b a&nbsp;\u010dekala, a\u017e vy\u0159\u00edd\u00ed\u0161 jakousi poch\u016fzku. Byla jsem nerv\u00f3zn\u00ed a&nbsp;napjat\u00e1, zah\u00e1n\u011bla jsem my\u0161lenku, \u017ee p\u0159esn\u011b tady bych sed\u011bt nem\u011bla. Sledovala jsem serv\u00edrku za barem. \u0164ukala do mobilu a&nbsp;tv\u00e1\u0159ila se lhostejn\u011b.<\/p>\n<p>Chv\u00edli jsem pozorovala ulici, byla jsem tady dva m\u011bs\u00edce, neznala jsem tohle m\u011bsto a&nbsp;lid\u00ed jen m\u00e1lo. \u0160la jsem se zkontrolovat na z\u00e1chod. Je to dobr\u00fd. Vr\u00e1tila jsem se zp\u011bt na sv\u00e9 m\u00edsto, sedla si jak \u0161kola\u010dka, ruce se mi trochu chv\u011bly, zachv\u00e1tila m\u011b \u00fazkost. Mrkla jsem na mobil, je\u0161t\u011b po\u0159\u00e1d m\u00e1m \u010das. Nemus\u00edm to p\u0159ece dot\u00e1hnout do konce. Nikdo to po mn\u011b nechce. Tlouklo mi srdce, ale z\u00e1rove\u0148 uvnit\u0159 m\u011b, abych tak \u0159ekla vzne\u0161en\u011b, prot\u00e9kal jak\u00fdsi temn\u00fd proud, c\u00edtila jsem zkr\u00e1tka pach krve, a&nbsp;to jsem pot\u0159ebovala. Tehdy jsem si je\u0161t\u011b myslela, \u017ee to von\u00ed tvoje krev. U\u017e jsme takhle spolu jednou sed\u011bli. Po vydatn\u00e9 e-mailov\u00e9 korespondenci, pozvals m\u011b na ve\u010de\u0159i, pr\u00fd ti p\u0159ijdu zaj\u00edmav\u00e1. Po ve\u010de\u0159i jsme \u0161li do putyky, kde se sch\u00e1zeli pank\u00e1\u010di i&nbsp;lidi, kte\u0159\u00ed si nev\u0161imli, \u017ee osmdes\u00e1t\u00e1 l\u00e9ta u\u017e d\u00e1vno skon\u010dila.<\/p>\n<p>\u201eKolik ti vlastn\u011b je?\u201c zeptala jsem se a&nbsp;odpov\u011b\u010f m\u011b nepot\u011b\u0161ila. Nahlas jsem ti ale vykl\u00e1dala, \u017ee v\u011bk se p\u0159ece\u0148uje.<\/p>\n<p>\u201eCo vlastn\u011b studuje\u0161?\u201c<\/p>\n<p>\u201eNic, co by st\u00e1lo za \u0159e\u010d.\u201c<\/p>\n<p>\u201eTak\u017ee humanitn\u00ed obor?\u201c<\/p>\n<p>\u201e\u010cek\u00e1 m\u011b prac\u00e1k, p\u016fl\u00favazek a&nbsp;chudoba.\u201c Sm\u00e1l ses, rozesm\u00e1la jsem se taky.<\/p>\n<p>Byl to celkem hezk\u00fd ve\u010der, po dlouh\u00e9 dob\u011b jsem na chv\u00edli zapomn\u011bla i&nbsp;na Davida a&nbsp;\u0159\u00edkala si, \u017ee ty m\u00e1\u0161 v\u0161echno, co David nem\u011bl: pozornost, empatii, nadhled. Bez ostychu jsem ti dala najevo, \u017ee m\u016f\u017eeme jet k&nbsp;tob\u011b. Je\u0161t\u011b ne, \u0159ekls. V\u0161echno by se pokazilo. Bylo mi to jedno. Te\u010f nebo p\u0159\u00ed\u0161t\u011b. Z\u00e1le\u017e\u00ed na tom? Kdy\u017e jsem za sebou o&nbsp;p\u00e1r hodin pozd\u011bji zaklapla dve\u0159e pokoje na koleji, dlouze jsem se sprchovala. Byla jsem nas\u00e1kl\u00e1 kou\u0159em.<\/p>\n<p>\u010cty\u0159icet dva let. Kdy\u017e bych se rozhodla m\u00edt d\u011bti, bude ti p\u0159es pades\u00e1t. Pro\u010d hned myslet na d\u011bti, \u0159ekla jsem si.<\/p>\n<p>Ptal ses m\u011b, jak se mi l\u00edb\u00ed m\u011bsto. Nel\u00edb\u00ed. Zaj\u00edmalo t\u011b, pro\u010d tady jsem. Dlouh\u00e1 historie. M\u011bla jsem b\u00fdt n\u011bkde jinde? M\u00e1m tady n\u011bjakou kamar\u00e1dku? Ano. Ne. Tv\u00e1\u0159il ses ch\u00e1pav\u011b. Zn\u00e1m se jen s&nbsp;Vojtou, vyhodili ho ze \u0161koly, tak \u0161el se mnou sem, dostal se na fakultu um\u011bn\u00ed. Trochu ses u\u0161kl\u00edbl. Necht\u011bla jsem z\u016fstat v&nbsp;Brn\u011b, no kv\u016fli chlapovi prost\u011b, v\u00ed\u0161, jak jsem ti \u0159\u00edkala \u2013 jo, v\u00edm. Ml\u010dela jsem a&nbsp;pozorovala mlad\u00e9 lidi s&nbsp;tunely v&nbsp;uchu, v&nbsp;mikin\u00e1ch, jak hraj\u00ed fotb\u00e1lek, piva vyskl\u00e1dan\u00e1 na stole\u010dku vedle. Co tady sakra d\u011bl\u00e1me. Nem\u011bla bych tu b\u00fdt sp\u00ed\u0161 s&nbsp;nimi? Necht\u011blo se mi ti nic \u0159\u00edkat, nest\u00e1la jsem o&nbsp;to, abys vid\u011bl, \u017ee jsem osam\u011bl\u00e1. Tob\u011b to stejn\u011b neuniklo. Mo\u017en\u00e1 jsi u\u017e v&nbsp;duchu p\u0159em\u00fd\u0161lel, jestli m\u00e1m t\u011bch ve\u010der\u016f voln\u00fdch hodn\u011b. M\u00e1m. Dost jsme toho vypili. Vypadals jako n\u011bkdo, kdo by dok\u00e1zal moji p\u0159\u00edtomnost ve sv\u00e9m \u017eivot\u011b ocenit. V&nbsp;noci se mi zd\u00e1lo o&nbsp;Davidovi a&nbsp;druh\u00fd den jsem m\u011bla mizernou n\u00e1ladu. Nem\u011bla bych si z&nbsp;tebe d\u011blat p\u0159evozn\u00edka, p\u0159em\u00edtala jsem na p\u0159edn\u00e1\u0161ce, ale z\u00e1rove\u0148 m\u011b zaj\u00edmalo, jak\u00e9 to je s&nbsp;dosp\u011bl\u00fdm chlapem. To m\u011b v\u00e1\u017en\u011b zaj\u00edmalo tak, \u017ee jsem ti odepisovala v\u00edc ne\u017e vst\u0159\u00edcn\u011b. Lidi na ulici si m\u011b ob\u010das prohl\u00ed\u017eeli za sklem, ciz\u00ed lidi, ciz\u00ed m\u011bsto. Nikdy jsem nem\u011bla probl\u00e9m seznamovat se, ale te\u010f jako bych se odd\u011blila sama od sebe, m\u011bla jsem pocit, \u017ee moji bolest nikdo nepochop\u00ed; ve skute\u010dnosti ani nikoho nezaj\u00edmala. Ob\u010das jsem se vyspala s&nbsp;Vojtou, ale nebylo to k&nbsp;ni\u010demu. Obr\u00e1\u017eeli jsme spolu kluby, n\u011bkdy to byla z\u00e1bava, Vojta p\u0159ivedl v\u00fdst\u0159edn\u00ed lidi z&nbsp;fakulty um\u011bn\u00ed a&nbsp;j\u00e1 poslouchala, na jak\u00fdch projektech pracuj\u00ed, ob\u010das mi n\u011bkdo donesl fotku, co ud\u011blal, to bylo p\u011bkn\u00e9, jen\u017ee Vojta nebyl David, kter\u00fd kone\u010dn\u011b \u017eije v&nbsp;Brn\u011b \u017eivot, jak\u00fd cht\u011bl, s&nbsp;holkou, jakou si p\u0159\u00e1l. Ta holka se s&nbsp;n\u00edm bude m\u00edt dob\u0159e, David j\u00ed d\u00e1 v\u0161echno, co mn\u011b d\u00e1t necht\u011bl.<\/p>\n","protected":false},"excerpt":{"rendered":"<p>Kolik osob m\u016f\u017ee \u010dlov\u011bk milovat, pt\u00e1 se hrdinka Andrea, kter\u00e1 uv\u00edzla mezi dv\u011bma mu\u017ei. Autorka oce\u0148ovan\u00e9ho historick\u00e9ho rom\u00e1nu Augustin Zimmermann se po letech vrac\u00ed s&nbsp;p\u0159\u00edb\u011bhem o&nbsp;sou\u010dasn\u00e9 mlad\u00e9 \u017een\u011b, kter\u00e1 dosp\u00edvala [&hellip;]<\/p>\n","protected":false},"author":8,"featured_media":17408,"comment_status":"closed","ping_status":"open","sticky":false,"template":"","format":"standard","meta":{"_acf_changed":false,"_monsterinsights_skip_tracking":false,"_monsterinsights_sitenote_active":false,"_monsterinsights_sitenote_note":"","_monsterinsights_sitenote_category":0,"_EventAllDay":false,"_EventTimezone":"","_EventStartDate":"","_EventEndDate":"","_EventStartDateUTC":"","_EventEndDateUTC":"","_EventShowMap":false,"_EventShowMapLink":false,"_EventURL":"","_EventCost":"","_EventCostDescription":"","_EventCurrencySymbol":"","_EventCurrencyCode":"","_EventCurrencyPosition":"","_EventDateTimeSeparator":"","_EventTimeRangeSeparator":"","_EventOrganizerID":[],"_EventVenueID":[],"_OrganizerEmail":"","_OrganizerPhone":"","_OrganizerWebsite":"","_VenueAddress":"","_VenueCity":"","_VenueCountry":"","_VenueProvince":"","_VenueState":"","_VenueZip":"","_VenuePhone":"","_VenueURL":"","_VenueStateProvince":"","_VenueLat":"","_VenueLng":"","_VenueShowMap":false,"_VenueShowMapLink":false,"twitterCardType":"","cardImageID":0,"cardImage":"","cardTitle":"","cardDesc":"","cardImageAlt":"","cardPlayer":"","cardPlayerWidth":0,"cardPlayerHeight":0,"cardPlayerStream":"","cardPlayerCodec":"","footnotes":""},"categories":[21019],"tags":[21645,20884],"class_list":["post-17407","post","type-post","status-publish","format-standard","has-post-thumbnail","hentry","category-ukazky","tag-beletrie","tag-ukazka"],"acf":{"related_products":null},"_links":{"self":[{"href":"https:\/\/www.luxor.cz\/blog\/wp-json\/wp\/v2\/posts\/17407","targetHints":{"allow":["GET"]}}],"collection":[{"href":"https:\/\/www.luxor.cz\/blog\/wp-json\/wp\/v2\/posts"}],"about":[{"href":"https:\/\/www.luxor.cz\/blog\/wp-json\/wp\/v2\/types\/post"}],"author":[{"embeddable":true,"href":"https:\/\/www.luxor.cz\/blog\/wp-json\/wp\/v2\/users\/8"}],"replies":[{"embeddable":true,"href":"https:\/\/www.luxor.cz\/blog\/wp-json\/wp\/v2\/comments?post=17407"}],"version-history":[{"count":0,"href":"https:\/\/www.luxor.cz\/blog\/wp-json\/wp\/v2\/posts\/17407\/revisions"}],"wp:featuredmedia":[{"embeddable":true,"href":"https:\/\/www.luxor.cz\/blog\/wp-json\/wp\/v2\/media\/17408"}],"wp:attachment":[{"href":"https:\/\/www.luxor.cz\/blog\/wp-json\/wp\/v2\/media?parent=17407"}],"wp:term":[{"taxonomy":"category","embeddable":true,"href":"https:\/\/www.luxor.cz\/blog\/wp-json\/wp\/v2\/categories?post=17407"},{"taxonomy":"post_tag","embeddable":true,"href":"https:\/\/www.luxor.cz\/blog\/wp-json\/wp\/v2\/tags?post=17407"}],"curies":[{"name":"wp","href":"https:\/\/api.w.org\/{rel}","templated":true}]}}