{"id":173275,"date":"2023-11-23T17:53:08","date_gmt":"2023-11-23T16:53:08","guid":{"rendered":"https:\/\/www.luxor.cz\/blog\/?p=173275"},"modified":"2023-11-23T17:53:10","modified_gmt":"2023-11-23T16:53:10","slug":"adventni-kalendare","status":"publish","type":"post","link":"https:\/\/www.luxor.cz\/blog\/knizni-zajimavosti\/adventni-kalendare\/","title":{"rendered":"7 adventn\u00edch kalend\u00e1\u0159\u016f, po kter\u00fdch se nekaz\u00ed zuby ani nep\u0159ib\u00edr\u00e1"},"content":{"rendered":"\n<p><strong>Otev\u0159\u00edt ka\u017ed\u00fd den jedno ok\u00e9nko, naj\u00edt v n\u011bm sladkou odm\u011bnu a odpo\u010d\u00edt\u00e1vat 24 dn\u00ed do V\u00e1noc, to je jeden z nejobl\u00edben\u011bj\u0161\u00edch prosincov\u00fdch zvyk\u016f. Adventn\u00ed kalend\u00e1\u0159e se v\u0161ak u\u017e d\u00e1vno neomezuj\u00ed jen na \u010dokol\u00e1du \u2013 m\u00e1me pro v\u00e1s p\u00e1r tip\u016f na ty, po kter\u00fdch dosp\u011bl\u00ed nep\u0159iberou ani gram a d\u011btem se nezkaz\u00ed zuby!<\/strong><\/p>\n\n\n\n<p><\/p>\n\n\n\n<div class=\"wp-block-columns is-layout-flex wp-container-core-columns-is-layout-1 wp-block-columns-is-layout-flex\">\n<div class=\"wp-block-column is-layout-flow wp-block-column-is-layout-flow\">\n<figure class=\"wp-block-image size-large\"><img fetchpriority=\"high\" decoding=\"async\" width=\"683\" height=\"1024\" src=\"https:\/\/www.luxor.cz\/blog\/wp-content\/uploads\/Adventni-kalendare-3-copy-683x1024.jpg\" alt=\"\" class=\"wp-image-173276\" title=\"\" srcset=\"https:\/\/www.luxor.cz\/blog\/wp-content\/uploads\/Adventni-kalendare-3-copy-683x1024.jpg 683w, https:\/\/www.luxor.cz\/blog\/wp-content\/uploads\/Adventni-kalendare-3-copy-200x300.jpg 200w, https:\/\/www.luxor.cz\/blog\/wp-content\/uploads\/Adventni-kalendare-3-copy-768x1152.jpg 768w, https:\/\/www.luxor.cz\/blog\/wp-content\/uploads\/Adventni-kalendare-3-copy-1024x1536.jpg 1024w, https:\/\/www.luxor.cz\/blog\/wp-content\/uploads\/Adventni-kalendare-3-copy-600x900.jpg 600w, https:\/\/www.luxor.cz\/blog\/wp-content\/uploads\/Adventni-kalendare-3-copy-1000x1500.jpg 1000w, https:\/\/www.luxor.cz\/blog\/wp-content\/uploads\/Adventni-kalendare-3-copy-347x520.jpg 347w, https:\/\/www.luxor.cz\/blog\/wp-content\/uploads\/Adventni-kalendare-3-copy.jpg 1365w\" sizes=\"(max-width: 683px) 100vw, 683px\" \/><\/figure>\n<\/div>\n\n\n\n<div class=\"wp-block-column is-vertically-aligned-center is-layout-flow wp-block-column-is-layout-flow\">\n<h2 class=\"wp-block-heading\">Vonn\u00e9 sv\u00ed\u010dky Yankee Candle<\/h2>\n\n\n\n<p>D\u011bti tenhle kalend\u00e1\u0159 mo\u017en\u00e1 p\u0159\u00edli\u0161 nenadchne, u dam jsme si ale jist\u00ed naprost\u00fdm opakem. Ka\u017ed\u00e9 z\u00a024 ok\u00e9nek skr\u00fdv\u00e1 vonnou sv\u00ed\u010dku Yankee Candle \u2013 a kdo je u\u017e n\u011bkdy vyzkou\u0161el, moc dob\u0159e v\u00ed, \u017ee jsou po\u0159\u00e1dn\u011b n\u00e1vykov\u00e9! Ka\u017ed\u00e1 sv\u00ed\u010dka ho\u0159\u00ed 6\u201310 hodin, a tak m\u00e1te o vo\u0148av\u00fd advent postar\u00e1no.<\/p>\n\n\n\n<p><\/p>\n\n\n\n<div class=\"wp-block-buttons is-content-justification-center is-layout-flex wp-container-core-buttons-is-layout-1 wp-block-buttons-is-layout-flex\">\n<div class=\"wp-block-button\"><a class=\"wp-block-button__link has-white-color has-vivid-red-background-color has-text-color has-background wp-element-button\" href=\"https:\/\/www.luxor.cz\/v\/1985011\/yankee-candle-darkova-sada-adventni-kalendar-kniha-12-ks-votivnich-svicek-ve-skle-12-ks\" target=\"_blank\" rel=\"noreferrer noopener\">Ten chci!<\/a><\/div>\n<\/div>\n<\/div>\n<\/div>\n\n\n\n<p><\/p>\n\n\n\n<p><\/p>\n\n\n\n<div class=\"wp-block-columns is-layout-flex wp-container-core-columns-is-layout-2 wp-block-columns-is-layout-flex\">\n<div class=\"wp-block-column is-vertically-aligned-center is-layout-flow wp-block-column-is-layout-flow\">\n<h2 class=\"wp-block-heading\">24 klasick\u00fdch poh\u00e1dek<\/h2>\n\n\n\n<p>T\u011b\u0161\u00ed se na v\u00e1s mnoho poh\u00e1dkov\u00fdch postav, princezen i zv\u00ed\u0159\u00e1tek. Uh\u00e1dnete, kde se schov\u00e1v\u00e1 Karkulka s vlkem, kde Sn\u011bhurka s trpasl\u00edky, Kobl\u00ed\u017eek nebo T\u0159i pras\u00e1tka? Nechte se okouzlit p\u0159\u00edb\u011bhy, kter\u00e9 si zamilovaly cel\u00e9 generace d\u011bt\u00ed! A a\u017e si v\u0161echny poh\u00e1dky p\u0159e\u010dtete, m\u016f\u017eete si ze se\u0161itk\u016f podle n\u00e1vodu na desk\u00e1ch vytvo\u0159it vlastn\u00ed poh\u00e1dkovou kn\u00ed\u017eku.<\/p>\n\n\n\n<p><\/p>\n\n\n\n<div class=\"wp-block-buttons is-content-justification-center is-layout-flex wp-container-core-buttons-is-layout-2 wp-block-buttons-is-layout-flex\">\n<div class=\"wp-block-button\"><a class=\"wp-block-button__link has-white-color has-vivid-red-background-color has-text-color has-background wp-element-button\" href=\"https:\/\/www.luxor.cz\/v\/1912125\/pohadkovy-adventni-kalendar\" target=\"_blank\" rel=\"noreferrer noopener\">Ten chci!<\/a><\/div>\n<\/div>\n<\/div>\n\n\n\n<div class=\"wp-block-column is-layout-flow wp-block-column-is-layout-flow\">\n<figure class=\"wp-block-image size-large\"><a href=\"https:\/\/www.luxor.cz\/v\/1912125\/pohadkovy-adventni-kalendar\" target=\"_blank\" rel=\"noreferrer noopener\"><img decoding=\"async\" width=\"683\" height=\"1024\" src=\"https:\/\/www.luxor.cz\/blog\/wp-content\/uploads\/Adventni-kalendare-10-copy-683x1024.jpg\" alt=\"\" class=\"wp-image-173281\" title=\"\" srcset=\"https:\/\/www.luxor.cz\/blog\/wp-content\/uploads\/Adventni-kalendare-10-copy-683x1024.jpg 683w, https:\/\/www.luxor.cz\/blog\/wp-content\/uploads\/Adventni-kalendare-10-copy-200x300.jpg 200w, https:\/\/www.luxor.cz\/blog\/wp-content\/uploads\/Adventni-kalendare-10-copy-768x1152.jpg 768w, https:\/\/www.luxor.cz\/blog\/wp-content\/uploads\/Adventni-kalendare-10-copy-1024x1536.jpg 1024w, https:\/\/www.luxor.cz\/blog\/wp-content\/uploads\/Adventni-kalendare-10-copy-600x900.jpg 600w, https:\/\/www.luxor.cz\/blog\/wp-content\/uploads\/Adventni-kalendare-10-copy-1000x1500.jpg 1000w, https:\/\/www.luxor.cz\/blog\/wp-content\/uploads\/Adventni-kalendare-10-copy-347x520.jpg 347w, https:\/\/www.luxor.cz\/blog\/wp-content\/uploads\/Adventni-kalendare-10-copy.jpg 1365w\" sizes=\"(max-width: 683px) 100vw, 683px\" \/><\/a><\/figure>\n<\/div>\n<\/div>\n\n\n\n<p><\/p>\n\n\n\n<p><\/p>\n\n\n\n<div class=\"wp-block-columns is-layout-flex wp-container-core-columns-is-layout-3 wp-block-columns-is-layout-flex\">\n<div class=\"wp-block-column is-layout-flow wp-block-column-is-layout-flow\">\n<figure class=\"wp-block-image size-large\"><a href=\"https:\/\/www.luxor.cz\/v\/1911463\/peppa-pig-velky-adventni-kalendar\" target=\"_blank\" rel=\"noreferrer noopener\"><img decoding=\"async\" width=\"683\" height=\"1024\" src=\"https:\/\/www.luxor.cz\/blog\/wp-content\/uploads\/Adventni-kalendare-8-copy-683x1024.jpg\" alt=\"\" class=\"wp-image-173278\" title=\"\" srcset=\"https:\/\/www.luxor.cz\/blog\/wp-content\/uploads\/Adventni-kalendare-8-copy-683x1024.jpg 683w, https:\/\/www.luxor.cz\/blog\/wp-content\/uploads\/Adventni-kalendare-8-copy-200x300.jpg 200w, https:\/\/www.luxor.cz\/blog\/wp-content\/uploads\/Adventni-kalendare-8-copy-768x1152.jpg 768w, https:\/\/www.luxor.cz\/blog\/wp-content\/uploads\/Adventni-kalendare-8-copy-1024x1536.jpg 1024w, https:\/\/www.luxor.cz\/blog\/wp-content\/uploads\/Adventni-kalendare-8-copy-600x900.jpg 600w, https:\/\/www.luxor.cz\/blog\/wp-content\/uploads\/Adventni-kalendare-8-copy-1000x1500.jpg 1000w, https:\/\/www.luxor.cz\/blog\/wp-content\/uploads\/Adventni-kalendare-8-copy-347x520.jpg 347w, https:\/\/www.luxor.cz\/blog\/wp-content\/uploads\/Adventni-kalendare-8-copy.jpg 1365w\" sizes=\"(max-width: 683px) 100vw, 683px\" \/><\/a><\/figure>\n<\/div>\n\n\n\n<div class=\"wp-block-column is-vertically-aligned-center is-layout-flow wp-block-column-is-layout-flow\">\n<h2 class=\"wp-block-heading\">\u010cten\u00ed s pras\u00e1tkem Peppou<\/h2>\n\n\n\n<p>S pras\u00e1tkem Peppou ute\u010de \u010dek\u00e1n\u00ed na \u0160t\u011bdr\u00fd den jako voda! V origin\u00e1ln\u00edm adventn\u00edm kalend\u00e1\u0159i najdete celkem 24 mal\u00fdch kn\u00ed\u017ee\u010dek s p\u011bknou poh\u00e1dkou \u2013 t\u0159eba o ma\u0161karn\u00edm ve\u010d\u00edrku, v\u00fdletu na lodi nebo n\u00e1v\u0161t\u011bv\u011b cirkusu. A po V\u00e1noc\u00edch m\u016f\u017eete kn\u00ed\u017eky vr\u00e1tit zp\u00e1tky do ok\u00e9nek, abyste si je mohli \u010d\u00edst znovu a znovu (nebo vyt\u00e1hnout zase za rok).<\/p>\n\n\n\n<p><\/p>\n\n\n\n<div class=\"wp-block-buttons is-content-justification-center is-layout-flex wp-container-core-buttons-is-layout-3 wp-block-buttons-is-layout-flex\">\n<div class=\"wp-block-button\"><a class=\"wp-block-button__link has-white-color has-vivid-red-background-color has-text-color has-background wp-element-button\" href=\"https:\/\/www.luxor.cz\/v\/1911463\/peppa-pig-velky-adventni-kalendar\" target=\"_blank\" rel=\"noreferrer noopener\">Ten chci!<\/a><\/div>\n<\/div>\n<\/div>\n<\/div>\n\n\n\n<p><\/p>\n\n\n\n<p><\/p>\n\n\n\n<div class=\"wp-block-columns is-layout-flex wp-container-core-columns-is-layout-4 wp-block-columns-is-layout-flex\">\n<div class=\"wp-block-column is-vertically-aligned-center is-layout-flow wp-block-column-is-layout-flow\">\n<h2 class=\"wp-block-heading\">Superhrdina na ka\u017ed\u00fd den<\/h2>\n\n\n\n<p>Marvelovky jsou tu ve form\u00e1tu, kter\u00fd pot\u011b\u0161\u00ed nejen v p\u0159edv\u00e1no\u010dn\u00edm \u010dase! Sv\u00e9 obl\u00edben\u00e9 hrdiny najdete v celkem 24 ob\u00e1lk\u00e1ch origin\u00e1ln\u00edho adventn\u00edho kalend\u00e1\u0159e, z nich\u017e ka\u017ed\u00e1 obsahuje ilustrovanou kn\u00ed\u017eku. \u010cek\u00e1 na v\u00e1s Spider-Man a jeho p\u0159\u00e1tel\u00e9, nebo snad n\u011bkdo z Avengers? Nechte se na V\u00e1noce p\u0159ekvapit ka\u017ed\u00fd den!<\/p>\n\n\n\n<p><\/p>\n\n\n\n<div class=\"wp-block-buttons is-content-justification-center is-layout-flex wp-container-core-buttons-is-layout-4 wp-block-buttons-is-layout-flex\">\n<div class=\"wp-block-button\"><a class=\"wp-block-button__link has-white-color has-vivid-red-background-color has-text-color has-background wp-element-button\" href=\"https:\/\/www.luxor.cz\/v\/1914709\/marvel-adventni-kalendar-plny-superhrdinu\">Ten chci!<\/a><\/div>\n<\/div>\n<\/div>\n\n\n\n<div class=\"wp-block-column is-layout-flow wp-block-column-is-layout-flow\">\n<figure class=\"wp-block-image size-large\"><a href=\"https:\/\/www.luxor.cz\/v\/1914709\/marvel-adventni-kalendar-plny-superhrdinu\" target=\"_blank\" rel=\"noreferrer noopener\"><img loading=\"lazy\" decoding=\"async\" width=\"683\" height=\"1024\" src=\"https:\/\/www.luxor.cz\/blog\/wp-content\/uploads\/Adventni-kalendare-9-copy-683x1024.jpg\" alt=\"\" class=\"wp-image-173279\" title=\"\" srcset=\"https:\/\/www.luxor.cz\/blog\/wp-content\/uploads\/Adventni-kalendare-9-copy-683x1024.jpg 683w, https:\/\/www.luxor.cz\/blog\/wp-content\/uploads\/Adventni-kalendare-9-copy-200x300.jpg 200w, https:\/\/www.luxor.cz\/blog\/wp-content\/uploads\/Adventni-kalendare-9-copy-768x1152.jpg 768w, https:\/\/www.luxor.cz\/blog\/wp-content\/uploads\/Adventni-kalendare-9-copy-1024x1536.jpg 1024w, https:\/\/www.luxor.cz\/blog\/wp-content\/uploads\/Adventni-kalendare-9-copy-600x900.jpg 600w, https:\/\/www.luxor.cz\/blog\/wp-content\/uploads\/Adventni-kalendare-9-copy-1000x1500.jpg 1000w, https:\/\/www.luxor.cz\/blog\/wp-content\/uploads\/Adventni-kalendare-9-copy-347x520.jpg 347w, https:\/\/www.luxor.cz\/blog\/wp-content\/uploads\/Adventni-kalendare-9-copy.jpg 1365w\" sizes=\"(max-width: 683px) 100vw, 683px\" \/><\/a><\/figure>\n<\/div>\n<\/div>\n\n\n\n<p><\/p>\n\n\n\n<p><\/p>\n\n\n\n<div class=\"wp-block-columns is-layout-flex wp-container-core-columns-is-layout-5 wp-block-columns-is-layout-flex\">\n<div class=\"wp-block-column is-layout-flow wp-block-column-is-layout-flow\">\n<figure class=\"wp-block-image size-large\"><a href=\"https:\/\/www.luxor.cz\/v\/1975833\/harry-potter-adventni-kalendar-deluxe-2023\" target=\"_blank\" rel=\"noreferrer noopener\"><img loading=\"lazy\" decoding=\"async\" width=\"683\" height=\"1024\" src=\"https:\/\/www.luxor.cz\/blog\/wp-content\/uploads\/Adventni-kalendare-5-copy-683x1024.jpg\" alt=\"\" class=\"wp-image-173280\" title=\"\" srcset=\"https:\/\/www.luxor.cz\/blog\/wp-content\/uploads\/Adventni-kalendare-5-copy-683x1024.jpg 683w, https:\/\/www.luxor.cz\/blog\/wp-content\/uploads\/Adventni-kalendare-5-copy-200x300.jpg 200w, https:\/\/www.luxor.cz\/blog\/wp-content\/uploads\/Adventni-kalendare-5-copy-768x1152.jpg 768w, https:\/\/www.luxor.cz\/blog\/wp-content\/uploads\/Adventni-kalendare-5-copy-1024x1536.jpg 1024w, https:\/\/www.luxor.cz\/blog\/wp-content\/uploads\/Adventni-kalendare-5-copy-600x900.jpg 600w, https:\/\/www.luxor.cz\/blog\/wp-content\/uploads\/Adventni-kalendare-5-copy-1000x1500.jpg 1000w, https:\/\/www.luxor.cz\/blog\/wp-content\/uploads\/Adventni-kalendare-5-copy-347x520.jpg 347w, https:\/\/www.luxor.cz\/blog\/wp-content\/uploads\/Adventni-kalendare-5-copy.jpg 1365w\" sizes=\"(max-width: 683px) 100vw, 683px\" \/><\/a><\/figure>\n<\/div>\n\n\n\n<div class=\"wp-block-column is-vertically-aligned-center is-layout-flow wp-block-column-is-layout-flow\">\n<h2 class=\"wp-block-heading\">Advent v Bradavic\u00edch<\/h2>\n\n\n\n<p>Jestli n\u011bco pot\u011b\u0161\u00ed d\u011bti i mileni\u00e1ly, je to adventn\u00ed kalend\u00e1\u0159 Harry Potter! 24 mal\u00fdch p\u0159ekvapen\u00ed s potterovskou t\u00e9matikou zahrnuje nap\u0159\u00edklad kouzelnickou h\u016flku, odzn\u00e1\u010dek, pono\u017eky nebo samolepky. Accio magick\u00e9 V\u00e1noce!<\/p>\n\n\n\n<p><\/p>\n\n\n\n<div class=\"wp-block-buttons is-content-justification-center is-layout-flex wp-container-core-buttons-is-layout-5 wp-block-buttons-is-layout-flex\">\n<div class=\"wp-block-button\"><a class=\"wp-block-button__link has-white-color has-vivid-red-background-color has-text-color has-background wp-element-button\" href=\"https:\/\/www.luxor.cz\/v\/1975833\/harry-potter-adventni-kalendar-deluxe-2023\" target=\"_blank\" rel=\"noreferrer noopener\">Ten chci!<\/a><\/div>\n<\/div>\n<\/div>\n<\/div>\n\n\n\n<p><\/p>\n\n\n\n<p><\/p>\n\n\n\n<div class=\"wp-block-columns is-layout-flex wp-container-core-columns-is-layout-6 wp-block-columns-is-layout-flex\">\n<div class=\"wp-block-column is-vertically-aligned-center is-layout-flow wp-block-column-is-layout-flow\">\n<h2 class=\"wp-block-heading\">Poh\u00e1dky i b\u00e1sni\u010dky<\/h2>\n\n\n\n<p>Jak si zp\u0159\u00edjemnit \u010dek\u00e1n\u00ed na Je\u017e\u00ed\u0161ka? P\u0159ece poh\u00e1dkami! Ve 24 minikn\u00ed\u017ek\u00e1ch se skr\u00fdvaj\u00ed poh\u00e1dky i b\u00e1sn\u011b, a to v\u00a0proveden\u00ed r\u016fzn\u00fdch ilustr\u00e1tor\u016f. Jen si to p\u0159edstavte \u2013 za\u010d\u00edn\u00e1 prosinec a vy doma otev\u0159ete s d\u011btmi ka\u017ed\u00fd ve\u010der jedno ok\u00e9nko a p\u0159e\u010dt\u011bte si spole\u010dn\u011b kn\u00ed\u017eku. Tomu \u0159\u00edk\u00e1me kr\u00e1sn\u00e1 spole\u010dn\u00e1 tradice!<\/p>\n\n\n\n<p><\/p>\n\n\n\n<div class=\"wp-block-buttons is-content-justification-center is-layout-flex wp-container-core-buttons-is-layout-6 wp-block-buttons-is-layout-flex\">\n<div class=\"wp-block-button\"><a class=\"wp-block-button__link has-white-color has-vivid-red-background-color has-text-color has-background wp-element-button\" href=\"https:\/\/www.luxor.cz\/v\/1959832\/adventni-kalendar-24-knih\" target=\"_blank\" rel=\"noreferrer noopener\">Ten chci!<\/a><\/div>\n<\/div>\n<\/div>\n\n\n\n<div class=\"wp-block-column is-layout-flow wp-block-column-is-layout-flow\">\n<figure class=\"wp-block-image size-large\"><a href=\"https:\/\/www.luxor.cz\/v\/1959832\/adventni-kalendar-24-knih\" target=\"_blank\" rel=\"noreferrer noopener\"><img loading=\"lazy\" decoding=\"async\" width=\"683\" height=\"1024\" src=\"https:\/\/www.luxor.cz\/blog\/wp-content\/uploads\/Adventni-kalendare-7-copy-683x1024.jpg\" alt=\"\" class=\"wp-image-173277\" title=\"\" srcset=\"https:\/\/www.luxor.cz\/blog\/wp-content\/uploads\/Adventni-kalendare-7-copy-683x1024.jpg 683w, https:\/\/www.luxor.cz\/blog\/wp-content\/uploads\/Adventni-kalendare-7-copy-200x300.jpg 200w, https:\/\/www.luxor.cz\/blog\/wp-content\/uploads\/Adventni-kalendare-7-copy-768x1152.jpg 768w, https:\/\/www.luxor.cz\/blog\/wp-content\/uploads\/Adventni-kalendare-7-copy-1024x1536.jpg 1024w, https:\/\/www.luxor.cz\/blog\/wp-content\/uploads\/Adventni-kalendare-7-copy-600x900.jpg 600w, https:\/\/www.luxor.cz\/blog\/wp-content\/uploads\/Adventni-kalendare-7-copy-1000x1500.jpg 1000w, https:\/\/www.luxor.cz\/blog\/wp-content\/uploads\/Adventni-kalendare-7-copy-347x520.jpg 347w, https:\/\/www.luxor.cz\/blog\/wp-content\/uploads\/Adventni-kalendare-7-copy.jpg 1365w\" sizes=\"(max-width: 683px) 100vw, 683px\" \/><\/a><\/figure>\n<\/div>\n<\/div>\n\n\n\n<p><\/p>\n\n\n\n<p><\/p>\n\n\n\n<div class=\"wp-block-columns is-layout-flex wp-container-core-columns-is-layout-7 wp-block-columns-is-layout-flex\">\n<div class=\"wp-block-column is-layout-flow wp-block-column-is-layout-flow\">\n<figure class=\"wp-block-image size-large\"><a href=\"https:\/\/www.luxor.cz\/v\/1991461\/vanocni-denik-interaktivni-adventni-kalendar\" target=\"_blank\" rel=\"noreferrer noopener\"><img loading=\"lazy\" decoding=\"async\" width=\"683\" height=\"1024\" src=\"https:\/\/www.luxor.cz\/blog\/wp-content\/uploads\/Adventni-kalendare-2-copy-683x1024.jpg\" alt=\"\" class=\"wp-image-173282\" title=\"\" srcset=\"https:\/\/www.luxor.cz\/blog\/wp-content\/uploads\/Adventni-kalendare-2-copy-683x1024.jpg 683w, https:\/\/www.luxor.cz\/blog\/wp-content\/uploads\/Adventni-kalendare-2-copy-200x300.jpg 200w, https:\/\/www.luxor.cz\/blog\/wp-content\/uploads\/Adventni-kalendare-2-copy-768x1152.jpg 768w, https:\/\/www.luxor.cz\/blog\/wp-content\/uploads\/Adventni-kalendare-2-copy-1024x1536.jpg 1024w, https:\/\/www.luxor.cz\/blog\/wp-content\/uploads\/Adventni-kalendare-2-copy-600x900.jpg 600w, https:\/\/www.luxor.cz\/blog\/wp-content\/uploads\/Adventni-kalendare-2-copy-1000x1500.jpg 1000w, https:\/\/www.luxor.cz\/blog\/wp-content\/uploads\/Adventni-kalendare-2-copy-347x520.jpg 347w, https:\/\/www.luxor.cz\/blog\/wp-content\/uploads\/Adventni-kalendare-2-copy.jpg 1365w\" sizes=\"(max-width: 683px) 100vw, 683px\" \/><\/a><\/figure>\n<\/div>\n\n\n\n<div class=\"wp-block-column is-vertically-aligned-center is-layout-flow wp-block-column-is-layout-flow\">\n<h2 class=\"wp-block-heading\">V\u00e1no\u010dn\u00ed den\u00edk<\/h2>\n\n\n\n<p>Nechte d\u011bti zapisovat v\u00e1no\u010dn\u00ed z\u00e1\u017eitky, vlepovat fotografie, vstupenky \u010di malovat obr\u00e1zky. V\u00a0Adventn\u00edm den\u00edku z edice \u0160kola s\u00a0nadhledem najdou \u0161ablonu na dopis Je\u017e\u00ed\u0161kovi, ale i tipy na v\u00e1no\u010dn\u00ed zvyky a tradice, jednoduch\u00e9 recepty, lu\u0161t\u011bnky a mnoho dal\u0161\u00edho \u2013 a k tomu tak\u00e9 interaktivn\u00ed adventn\u00ed kalend\u00e1\u0159, skl\u00e1daj\u00edc\u00ed se ze 24 kv\u00edz\u016f.<\/p>\n\n\n\n<p><\/p>\n\n\n\n<div class=\"wp-block-buttons is-content-justification-center is-layout-flex wp-container-core-buttons-is-layout-7 wp-block-buttons-is-layout-flex\">\n<div class=\"wp-block-button\"><a class=\"wp-block-button__link has-white-color has-vivid-red-background-color has-text-color has-background wp-element-button\" href=\"https:\/\/www.luxor.cz\/v\/1991461\/vanocni-denik-interaktivni-adventni-kalendar\" target=\"_blank\" rel=\"noreferrer noopener\">Ten chci!<\/a><\/div>\n<\/div>\n<\/div>\n<\/div>\n","protected":false},"excerpt":{"rendered":"<p>Otev\u0159\u00edt ka\u017ed\u00fd den jedno ok\u00e9nko, naj\u00edt v n\u011bm sladkou odm\u011bnu a odpo\u010d\u00edt\u00e1vat 24 dn\u00ed do V\u00e1noc, to je jeden z nejobl\u00edben\u011bj\u0161\u00edch prosincov\u00fdch zvyk\u016f. Adventn\u00ed kalend\u00e1\u0159e se v\u0161ak u\u017e d\u00e1vno neomezuj\u00ed [&hellip;]<\/p>\n","protected":false},"author":9,"featured_media":173284,"comment_status":"open","ping_status":"open","sticky":false,"template":"","format":"standard","meta":{"_acf_changed":false,"_monsterinsights_skip_tracking":false,"_monsterinsights_sitenote_active":false,"_monsterinsights_sitenote_note":"","_monsterinsights_sitenote_category":0,"_EventAllDay":false,"_EventTimezone":"","_EventStartDate":"","_EventEndDate":"","_EventStartDateUTC":"","_EventEndDateUTC":"","_EventShowMap":false,"_EventShowMapLink":false,"_EventURL":"","_EventCost":"","_EventCostDescription":"","_EventCurrencySymbol":"","_EventCurrencyCode":"","_EventCurrencyPosition":"","_EventDateTimeSeparator":"","_EventTimeRangeSeparator":"","_EventOrganizerID":[],"_EventVenueID":[],"_OrganizerEmail":"","_OrganizerPhone":"","_OrganizerWebsite":"","_VenueAddress":"","_VenueCity":"","_VenueCountry":"","_VenueProvince":"","_VenueState":"","_VenueZip":"","_VenuePhone":"","_VenueURL":"","_VenueStateProvince":"","_VenueLat":"","_VenueLng":"","_VenueShowMap":false,"_VenueShowMapLink":false,"twitterCardType":"","cardImageID":0,"cardImage":"","cardTitle":"","cardDesc":"","cardImageAlt":"","cardPlayer":"","cardPlayerWidth":0,"cardPlayerHeight":0,"cardPlayerStream":"","cardPlayerCodec":"","footnotes":""},"categories":[6],"tags":[21000],"class_list":["post-173275","post","type-post","status-publish","format-standard","has-post-thumbnail","hentry","category-knizni-zajimavosti","tag-vanoce"],"acf":{"related_products":null},"_links":{"self":[{"href":"https:\/\/www.luxor.cz\/blog\/wp-json\/wp\/v2\/posts\/173275","targetHints":{"allow":["GET"]}}],"collection":[{"href":"https:\/\/www.luxor.cz\/blog\/wp-json\/wp\/v2\/posts"}],"about":[{"href":"https:\/\/www.luxor.cz\/blog\/wp-json\/wp\/v2\/types\/post"}],"author":[{"embeddable":true,"href":"https:\/\/www.luxor.cz\/blog\/wp-json\/wp\/v2\/users\/9"}],"replies":[{"embeddable":true,"href":"https:\/\/www.luxor.cz\/blog\/wp-json\/wp\/v2\/comments?post=173275"}],"version-history":[{"count":0,"href":"https:\/\/www.luxor.cz\/blog\/wp-json\/wp\/v2\/posts\/173275\/revisions"}],"wp:featuredmedia":[{"embeddable":true,"href":"https:\/\/www.luxor.cz\/blog\/wp-json\/wp\/v2\/media\/173284"}],"wp:attachment":[{"href":"https:\/\/www.luxor.cz\/blog\/wp-json\/wp\/v2\/media?parent=173275"}],"wp:term":[{"taxonomy":"category","embeddable":true,"href":"https:\/\/www.luxor.cz\/blog\/wp-json\/wp\/v2\/categories?post=173275"},{"taxonomy":"post_tag","embeddable":true,"href":"https:\/\/www.luxor.cz\/blog\/wp-json\/wp\/v2\/tags?post=173275"}],"curies":[{"name":"wp","href":"https:\/\/api.w.org\/{rel}","templated":true}]}}