{"id":17228,"date":"2022-08-09T15:51:31","date_gmt":"2022-08-09T13:51:31","guid":{"rendered":"https:\/\/www.luxor.cz\/blog\/?p=17228"},"modified":"2022-08-09T16:00:44","modified_gmt":"2022-08-09T14:00:44","slug":"nekdy-se-ani-utekem-nelze-schovat-pred-minulosti","status":"publish","type":"post","link":"https:\/\/www.luxor.cz\/blog\/recenze\/nekdy-se-ani-utekem-nelze-schovat-pred-minulosti\/","title":{"rendered":"N\u011bkdy se ani \u00fat\u011bkem nelze schovat p\u0159ed minulost\u00ed"},"content":{"rendered":"<p><strong>Jsem r\u00e1da, \u017ee jsem s\u00e1hla po knize <a href=\"https:\/\/www.luxor.cz\/product\/navrharka-z-parize-zbo000457426\">N\u00e1vrh\u00e1\u0159ka z Pa\u0159\u00ed\u017ee<\/a>. Jde o siln\u00fd p\u0159\u00edb\u011bh Rosy Kusstatscherov\u00e9, kter\u00e9 utekla p\u0159ed minulost\u00ed a za\u010dala \u00fapln\u011b nov\u00fd \u017eivot. Av\u0161ak minulost ji st\u00e1le prov\u00e1z\u00ed po cel\u00fd jej\u00ed \u017eivot.<\/strong><\/p>\n<p>65let\u00e1 Rosa se p\u0159ipravuje na nejd\u016fle\u017eit\u011bj\u0161\u00ed sch\u016fzku ve sv\u00e9m \u017eivot\u011b, ale je tak nerv\u00f3zn\u00ed, \u017ee poprv\u00e9 nev\u00ed, co si obl\u00e9ct na sebe, jak se nal\u00ed\u010dit. Nikdy se j\u00ed nestalo, \u017ee by si n\u011b\u010d\u00edm nebyla jist\u00e1 a\u017e do dne\u0161n\u00edho dne. Tak se rozhodne vypr\u00e1v\u011bt sv\u016fj \u017eivotn\u00ed p\u0159\u00edb\u011bh. A jak to v\u0161echno za\u010dalo?<\/p>\n<p>\u0160estn\u00e1ctilet\u00e1 Rosa \u017eila se sv\u00fdmi rodi\u010di a mlad\u0161\u00ed sestrou Christl v Oberfalsu, kde vypom\u00e1hala sv\u00e9 matce v hostinci. Jednoho dne v\u0161ak jejich m\u011bste\u010dko obsadili nacist\u00e9. Feldwebel \u2013 podd\u016fstojn\u00edk nacistick\u00e9 skupiny Rosu zn\u00e1silnil. V t\u00e9 dob\u011b byl pohlavn\u00ed styk mimo man\u017eelstv\u00ed h\u0159\u00edch a neprovdan\u00fdmi matkami s d\u011btmi lid\u00e9 pohrdali. Ne\u017e Rosa zjistila \u017ee je t\u011bhotn\u00e1, zamilovala se do mlad\u0161\u00edho nacistick\u00e9ho voj\u00e1ka Thomase. Rose tak nezb\u00fdvalo nic jin\u00e9ho ne\u017e z m\u011bste\u010dka ut\u00e9ct a za\u010d\u00edt \u017e\u00edt nov\u00fd \u017eivot. Thomas a po\u0161\u0165\u00e1k pan Laurin Maier pomohli Rose ut\u00e9ct. Thomas sl\u00edbil, \u017ee hned po v\u00e1lce Rosu najde a budou \u017e\u00edt \u0161\u0165astn\u00fd \u017eivot. A tak se Rosa zanedlouho ocitla ve \u0160v\u00fdcarsku v m\u011bst\u011b St. Gallenu, kde hledala b\u00fdval\u00e9ho Thomasova profesora z univerzity, u kter\u00e9ho se m\u011bla ubytovat. Pan profesor se Rosy ujal a tak\u00e9 si velmi obl\u00edbil jej\u00edho mal\u00e9ho chlape\u010dka Laurina. Jen\u017ee i p\u0159es v\u0161echno \u0161t\u011bst\u00ed co Rosa poci\u0165ovala, op\u011bt p\u0159i\u0161la r\u00e1na, kdy se profesor rozhodl odst\u011bhovat do Jeruzal\u00e9ma. Nab\u00eddl Rose v\u00fdhodnou nab\u00eddku, ta ale odm\u00edtla. Mal\u00e9ho chlape\u010dka nechala druh\u00fd den u sousedky a utekla hledat \u0161t\u011bst\u00ed do Pa\u0159\u00ed\u017ee s t\u00edm, \u017ee jakmile vyd\u011bl\u00e1 dost pen\u011bz, tak se pro Laurina vr\u00e1t\u00ed.<\/p>\n<p>Rosa byla velmi \u0161ikovn\u00e1 krej\u010dov\u00e1 a v Pa\u0159\u00ed\u017ei sv\u00e9 \u0161t\u011bst\u00ed po n\u011bjak\u00e9 dob\u011b na\u0161la. Nakonec se stala m\u00fazou samotn\u00e9ho mistra Diora. Pr\u00e1ce pro Diora ji velmi bavila, bral ji s sebou na ve\u010d\u00edrky, aby se na n\u00ed v\u017edy mohl pochlubit novou kolekc\u00ed. A\u017e na jednom ve\u010d\u00edrku poznala sv\u00e9ho budouc\u00edho man\u017eela Charlese. Ne\u017e se vzali, odjela Rosa do St. Galennu pro Laurina, aby si ho vzala zp\u011bt, ale skoro t\u0159\u00edlet\u00fd chlape\u010dek ji nepozn\u00e1val a necht\u011bl s n\u00ed odjet. A tak se ho Rosa musela \u00fapln\u011b vzd\u00e1t. Pro Rosu to byla stra\u0161n\u00e1 r\u00e1na, a tak se s Charlesem rozhodli opustit Pa\u0159\u00ed\u017e a za\u010d\u00edt spole\u010dn\u00fd \u017eivot v brazilsk\u00e9m Rio de Janeiru. Charles tam z\u00edskal m\u00edsto na kated\u0159e chemie a Rosa si tam vybudovala svou vlastn\u00ed m\u00f3dn\u00ed zna\u010dku Sal\u00f3n Dumarais. Rosa se stane velmi \u00fasp\u011b\u0161nou a vyhled\u00e1vanou n\u00e1vrh\u00e1\u0159kou. V\u0161e se da\u0159\u00ed a\u017e do t\u00e9 doby, ne\u017e jednoho dne Charles onemocn\u00ed a zem\u0159e. Rosa ut\u00edk\u00e1 se svou p\u0159\u00edtelkyn\u00ed z Ria do New Yorku, kde vybuduje dal\u0161\u00ed sv\u00e9 imp\u00e9rium.<\/p>\n<p>Cel\u00fd \u017eivot Rosu st\u00edh\u00e1 r\u00e1na za ranou. Cel\u00fd \u017eivot p\u0159ed n\u011b\u010d\u00edm ut\u00edk\u00e1. Nejd\u0159\u00edv Oberfals, pak St. Gallen, Pa\u0159\u00ed\u017e, Rio, New York. Usad\u00ed se kone\u010dn\u011b v New Yorku? Zamiluje se znovu? A co jej\u00ed syn Laurin? Mysl\u00edte, \u017ee se znovu shledaj\u00ed? Je mnoho nezodpov\u011bzen\u00fdch ot\u00e1zek, ale odpov\u011bdi na n\u011b se do\u010dtete v Rosin\u011b p\u0159\u00edb\u011bhu, kter\u00fd d\u00e1l pokra\u010duje.<\/p>\n<p>Tato kniha je p\u0159esn\u011b ta, u kter\u00e9 se za\u010dtete a nechcete p\u0159estat \u010d\u00edst, dokud nen\u00ed konec. Lehk\u00fd, oddychov\u00fd historick\u00fd rom\u00e1n pln\u00fd emoc\u00ed a zvrat\u016f, kter\u00fd v\u00e1m ned\u00e1 sp\u00e1t.<\/p>\n<p><em>Autorkou recenze je Simona Krchov\u00e1.<\/em><\/p>\n","protected":false},"excerpt":{"rendered":"<p>Jsem r\u00e1da, \u017ee jsem s\u00e1hla po knize N\u00e1vrh\u00e1\u0159ka z Pa\u0159\u00ed\u017ee. Jde o siln\u00fd p\u0159\u00edb\u011bh Rosy Kusstatscherov\u00e9, kter\u00e9 utekla p\u0159ed minulost\u00ed a za\u010dala \u00fapln\u011b nov\u00fd \u017eivot. Av\u0161ak minulost ji st\u00e1le prov\u00e1z\u00ed [&hellip;]<\/p>\n","protected":false},"author":8,"featured_media":17229,"comment_status":"closed","ping_status":"open","sticky":false,"template":"","format":"standard","meta":{"_acf_changed":false,"_monsterinsights_skip_tracking":false,"_monsterinsights_sitenote_active":false,"_monsterinsights_sitenote_note":"","_monsterinsights_sitenote_category":0,"_EventAllDay":false,"_EventTimezone":"","_EventStartDate":"","_EventEndDate":"","_EventStartDateUTC":"","_EventEndDateUTC":"","_EventShowMap":false,"_EventShowMapLink":false,"_EventURL":"","_EventCost":"","_EventCostDescription":"","_EventCurrencySymbol":"","_EventCurrencyCode":"","_EventCurrencyPosition":"","_EventDateTimeSeparator":"","_EventTimeRangeSeparator":"","_EventOrganizerID":[],"_EventVenueID":[],"_OrganizerEmail":"","_OrganizerPhone":"","_OrganizerWebsite":"","_VenueAddress":"","_VenueCity":"","_VenueCountry":"","_VenueProvince":"","_VenueState":"","_VenueZip":"","_VenuePhone":"","_VenueURL":"","_VenueStateProvince":"","_VenueLat":"","_VenueLng":"","_VenueShowMap":false,"_VenueShowMapLink":false,"twitterCardType":"","cardImageID":0,"cardImage":"","cardTitle":"","cardDesc":"","cardImageAlt":"","cardPlayer":"","cardPlayerWidth":0,"cardPlayerHeight":0,"cardPlayerStream":"","cardPlayerCodec":"","footnotes":""},"categories":[7],"tags":[21645,20970,18341,20895],"class_list":["post-17228","post","type-post","status-publish","format-standard","has-post-thumbnail","hentry","category-recenze","tag-beletrie","tag-historicky-roman","tag-recenze","tag-romany"],"acf":{"related_products":null},"_links":{"self":[{"href":"https:\/\/www.luxor.cz\/blog\/wp-json\/wp\/v2\/posts\/17228","targetHints":{"allow":["GET"]}}],"collection":[{"href":"https:\/\/www.luxor.cz\/blog\/wp-json\/wp\/v2\/posts"}],"about":[{"href":"https:\/\/www.luxor.cz\/blog\/wp-json\/wp\/v2\/types\/post"}],"author":[{"embeddable":true,"href":"https:\/\/www.luxor.cz\/blog\/wp-json\/wp\/v2\/users\/8"}],"replies":[{"embeddable":true,"href":"https:\/\/www.luxor.cz\/blog\/wp-json\/wp\/v2\/comments?post=17228"}],"version-history":[{"count":0,"href":"https:\/\/www.luxor.cz\/blog\/wp-json\/wp\/v2\/posts\/17228\/revisions"}],"wp:featuredmedia":[{"embeddable":true,"href":"https:\/\/www.luxor.cz\/blog\/wp-json\/wp\/v2\/media\/17229"}],"wp:attachment":[{"href":"https:\/\/www.luxor.cz\/blog\/wp-json\/wp\/v2\/media?parent=17228"}],"wp:term":[{"taxonomy":"category","embeddable":true,"href":"https:\/\/www.luxor.cz\/blog\/wp-json\/wp\/v2\/categories?post=17228"},{"taxonomy":"post_tag","embeddable":true,"href":"https:\/\/www.luxor.cz\/blog\/wp-json\/wp\/v2\/tags?post=17228"}],"curies":[{"name":"wp","href":"https:\/\/api.w.org\/{rel}","templated":true}]}}