{"id":17029,"date":"2022-06-22T12:12:39","date_gmt":"2022-06-22T10:12:39","guid":{"rendered":"https:\/\/www.luxor.cz\/blog\/?p=17029"},"modified":"2023-06-06T14:27:44","modified_gmt":"2023-06-06T12:27:44","slug":"alena-zarybnicka-alpami-na-kole-ii","status":"publish","type":"post","link":"https:\/\/www.luxor.cz\/blog\/recenze\/alena-zarybnicka-alpami-na-kole-ii\/","title":{"rendered":"Alena Z\u00e1rybnick\u00e1 \u2013 Alpami na kole II."},"content":{"rendered":"<p><strong><em>\u201eHele, pod\u00edvej se, co m\u00e1m. To se n\u00e1m bude hodit!\u201c <\/em> cpala jsem man\u017eelovi knihu pod nos. <em>\u201eAlena Z\u00e1rybnick\u00e1\u2026 to je ta pan\u00ed, co hl\u00e1s\u00ed na \u010cesk\u00e9 televizi po\u010das\u00ed,\u201c<\/em> \u0159ekl man\u017eel. <em>\u201eFakt?\u201c<\/em> divila jsem se. A\u017e do t\u00e9 chv\u00edle mi nedo\u0161lo, \u017ee vlastn\u011b to jm\u00e9no zn\u00e1m.<\/strong><\/p>\n<p>Proto\u017ee je pan\u00ed Z\u00e1rybnick\u00e1 na ob\u00e1lce na kole, a nav\u00edc za cyklistick\u00fdmi br\u00fdlemi, v\u016fbec mi to nedocvaklo. Kdy\u017e jsem pak kn\u00ed\u017ekou listovala a vid\u011bla autorku na kole, na b\u011b\u017ek\u00e1ch, v zasn\u011b\u017een\u00fdch hor\u00e1ch a kopc\u00edch, napadlo m\u011b jako prvn\u00ed: <em>\u201eP\u00e1\u00e1ni, ta \u017eensk\u00e1 je nezmar!\u201c<\/em> Proto po\u0159\u00e1d vypad\u00e1 tak dob\u0159e, ona je toti\u017e v\u00e1\u0161niv\u00fd sportovec! Z pan\u00ed Z\u00e1rybnick\u00e9 \u010di\u0161\u00ed energie a dobrodru\u017en\u00e1 povaha. A celou kn\u00ed\u017ekou <a href=\"https:\/\/www.luxor.cz\/product\/alpami-na-kole-2-jedeme-obytkou-zbo000460307\"><strong>Alpami na kole II.<\/strong><\/a> n\u00e1s prov\u00e1z\u00ed sv\u00fdm p\u0159\u00e1telsk\u00fdm pov\u00edd\u00e1n\u00edm pln\u00fdm d\u016fle\u017eit\u00fdch a praktick\u00fdch informac\u00ed.<\/p>\n<p><img fetchpriority=\"high\" decoding=\"async\" class=\"size-medium wp-image-17031 alignleft\" src=\"https:\/\/www.luxor.cz\/blog\/wp-content\/uploads\/Alpami-na-kole-uka\u0301zka-300x225.jpeg\" alt=\"\" width=\"300\" height=\"225\" title=\"\" srcset=\"https:\/\/www.luxor.cz\/blog\/wp-content\/uploads\/Alpami-na-kole-uka\u0301zka-300x225.jpeg 300w, https:\/\/www.luxor.cz\/blog\/wp-content\/uploads\/Alpami-na-kole-uka\u0301zka-600x450.jpeg 600w, https:\/\/www.luxor.cz\/blog\/wp-content\/uploads\/Alpami-na-kole-uka\u0301zka-1024x768.jpeg 1024w, https:\/\/www.luxor.cz\/blog\/wp-content\/uploads\/Alpami-na-kole-uka\u0301zka-768x576.jpeg 768w, https:\/\/www.luxor.cz\/blog\/wp-content\/uploads\/Alpami-na-kole-uka\u0301zka-1536x1152.jpeg 1536w, https:\/\/www.luxor.cz\/blog\/wp-content\/uploads\/Alpami-na-kole-uka\u0301zka-2048x1536.jpeg 2048w, https:\/\/www.luxor.cz\/blog\/wp-content\/uploads\/Alpami-na-kole-uka\u0301zka-1000x750.jpeg 1000w, https:\/\/www.luxor.cz\/blog\/wp-content\/uploads\/Alpami-na-kole-uka\u0301zka-693x520.jpeg 693w\" sizes=\"(max-width: 300px) 100vw, 300px\" \/>Knihu jsem si po\u0159\u00eddila, jak u\u017e tu\u0161\u00edte, ne proto, kdo ji napsal, ale proto, \u017ee se t\u00fdkala cyklo v\u00fdprav po Alp\u00e1ch. M\u016fj man\u017eel jezd\u00ed na kole po Alp\u00e1ch ka\u017ed\u00fd rok s kamar\u00e1dy, ale p\u00e1rkr\u00e1t jsme jeli i spolu a douf\u00e1m, \u017ee si to brzy zopakujeme. P\u0159esto\u017ee m\u016fj man\u017eel zbo\u017e\u0148uje kopce a zat\u00e1\u010dky, j\u00e1 si vychutn\u00e1v\u00e1m p\u0159edev\u0161\u00edm m\u00e9n\u011b n\u00e1ro\u010dn\u00e9 trasy, kdy se mohu kochat n\u00e1dhernou alpskou p\u0159\u00edrodou a vn\u00edmat \u010derstv\u00fd vzduch, jak se mi dost\u00e1v\u00e1 do plic a vlastn\u011b ka\u017ed\u00e9 bu\u0148ky t\u011bla. V ka\u017ed\u00e9m p\u0159\u00edpad\u011b oba ocen\u00edme tipy na trasy a v\u0161e, co n\u00e1m kn\u00ed\u017eka m\u016f\u017ee nab\u00eddnout.<\/p>\n<p>Za\u010detla jsem se s chut\u00ed. Kn\u00ed\u017eka m\u00e1 tvrd\u00e9 desky, co\u017e mi napov\u00edd\u00e1, \u017ee n\u00e1m del\u0161\u00ed dobu vydr\u017e\u00ed nepo\u0161kozena. Z vnit\u0159n\u00ed strany je p\u0159ebal podlepen\u00fd pap\u00edrem, kde najdete n\u011bco jako obsah a mapu, a to jak z p\u0159edn\u00ed strany, tak i zadn\u00ed. I uvnit\u0159 knihy je p\u0159\u00edjemn\u00fd pap\u00edr. Rozlo\u017een\u00ed str\u00e1nek je p\u0159ehledn\u00e9, a p\u0159esto je v\u00e1m na prvn\u00ed pohled jasn\u00e9, \u017ee kniha obsahuje velk\u00e9 mno\u017estv\u00ed r\u016fznorod\u00fdch informac\u00ed a barevn\u00fdch fotografi\u00ed.<\/p>\n<p>Mus\u00edm uznat, \u017ee pan\u00ed Z\u00e1rybnick\u00e1 je borec. Jej\u00ed informace jsou u\u017eite\u010dn\u00e9, ucelen\u00e9, hezky podan\u00e9. Jej\u00ed \u00favodn\u00ed text odkazuje na Kerouaca a jeho v\u00e1\u0161e\u0148 pro cestov\u00e1n\u00ed, kterou autorka nepochybn\u011b sd\u00edl\u00ed. Podle v\u0161eho si nejv\u00edc vychutn\u00e1v\u00e1 klid v p\u0159\u00edrod\u011b, sport i n\u00e1sledn\u00fd odpo\u010dinek v obytn\u00e9m aut\u011b. A j\u00e1 j\u00ed to v\u011b\u0159\u00edm! D\u016fkazem je plno fotografi\u00ed, na kter\u00fdch na sv\u00e9m kole \u010di b\u011b\u017ek\u00e1ch m\u00ed\u0159\u00ed k vyty\u010den\u00e9mu c\u00edli, pokud tedy nen\u00ed mo\u017en\u00e1 c\u00edlem cesta samotn\u00e1. Um\u00edm si p\u0159edstavit, \u017ee tahle d\u00e1ma \u0159ekne: <em>\u201eDneska to vezmeme tudy!\u201c<\/em> a nech\u00e1 se v\u00e9st cestou do nezn\u00e1ma. Za\u010d\u00edn\u00e1 mi b\u00fdt \u010d\u00edm d\u00e1l sympati\u010dt\u011bj\u0161\u00ed.<\/p>\n<p><img decoding=\"async\" class=\"size-medium wp-image-17030 alignright\" src=\"https:\/\/www.luxor.cz\/blog\/wp-content\/uploads\/Alpami-na-kole-uka\u0301zka-2-300x225.jpeg\" alt=\"\" width=\"300\" height=\"225\" title=\"\" srcset=\"https:\/\/www.luxor.cz\/blog\/wp-content\/uploads\/Alpami-na-kole-uka\u0301zka-2-300x225.jpeg 300w, https:\/\/www.luxor.cz\/blog\/wp-content\/uploads\/Alpami-na-kole-uka\u0301zka-2-600x450.jpeg 600w, https:\/\/www.luxor.cz\/blog\/wp-content\/uploads\/Alpami-na-kole-uka\u0301zka-2-1024x768.jpeg 1024w, https:\/\/www.luxor.cz\/blog\/wp-content\/uploads\/Alpami-na-kole-uka\u0301zka-2-768x576.jpeg 768w, https:\/\/www.luxor.cz\/blog\/wp-content\/uploads\/Alpami-na-kole-uka\u0301zka-2-1536x1152.jpeg 1536w, https:\/\/www.luxor.cz\/blog\/wp-content\/uploads\/Alpami-na-kole-uka\u0301zka-2-2048x1536.jpeg 2048w, https:\/\/www.luxor.cz\/blog\/wp-content\/uploads\/Alpami-na-kole-uka\u0301zka-2-1000x750.jpeg 1000w, https:\/\/www.luxor.cz\/blog\/wp-content\/uploads\/Alpami-na-kole-uka\u0301zka-2-693x520.jpeg 693w\" sizes=\"(max-width: 300px) 100vw, 300px\" \/>Na str\u00e1nk\u00e1ch knihy n\u00e1m budou p\u0159edstaveny trasy (37 tras!) a informace z oblasti Alp, tedy z It\u00e1lie, N\u011bmecka, Francie, \u0160v\u00fdcarska a Rakouska. Pokud se chcete zorientovat, v kter\u00e9 zemi se na dan\u00e9 str\u00e1nce s autorkou pohybujete, sta\u010d\u00ed se pod\u00edvat na vlaje\u010dku \u010di vlaje\u010dky v lev\u00e9m horn\u00edm rohu. Na str\u00e1nce najdete n\u00e1vrhy tras, d\u016fle\u017eit\u00e9 informace k trase a QR k\u00f3d (kter\u00fd vede nap\u0159\u00edklad do dan\u00e9 \u010d\u00e1sti v map\u00e1ch). Krom\u011b barevn\u00fdch fotografi\u00ed s \u00fachvatn\u00fdmi vrcholky hor a cestami najdete na str\u00e1nk\u00e1ch tak\u00e9 fakta o trase, kde v jednoduch\u00e9 tabulce najdete <strong>d\u00e9lku trasy<\/strong>, <strong>p\u0159ev\u00fd\u0161en\u00ed<\/strong>, <strong>povrch<\/strong>, <strong>nejvy\u0161\u0161\u00ed bod<\/strong>, <strong>\u010das<\/strong> <strong>na trase<\/strong> a <strong>obt\u00ed\u017enost<\/strong>.<\/p>\n<p>D\u00e1le m\u016f\u017eete na str\u00e1nk\u00e1ch naj\u00edt barevn\u00e9 boxy s extra informacemi, nap\u0159\u00edklad <strong>kam v okol\u00ed<\/strong>, <strong>meteo<\/strong>, <strong>cesta obytkou<\/strong>, <strong>gurm\u00e1nsk\u00e1 specialita<\/strong>, <strong>praktick\u00e9 informace<\/strong> \u010di <strong>mezi \u010dty\u0159ma o\u010dima<\/strong>, kde sd\u00edl\u00ed pan\u00ed Z\u00e1rybnick\u00e1 n\u011bjak\u00e9 osobn\u00ed post\u0159ehy a \u00favahy.<\/p>\n<p>Mus\u00edm jednozna\u010dn\u011b \u0159\u00edct, \u017ee se mi kniha l\u00edb\u00ed. Je p\u0159esn\u011b takov\u00e1, jakou jsem si ji p\u0159edstavovala. M\u00e1m chu\u0165 vz\u00edt <a href=\"https:\/\/www.sportisimo.cz\/horska-kola\/\" target=\"_blank\" rel=\"noopener\">horsk\u00e9 kolo<\/a>, man\u017eela a vyzkou\u0161et si n\u011bkterou z tras, ne-li v\u0161echny!<\/p>\n<h1>O knize<\/h1>\n<p>Autorkou knihy je <a href=\"https:\/\/www.luxor.cz\/author\/alena-zarybnicka-au013558\"><strong>Alena Z\u00e1rybnick\u00e1<\/strong><\/a>, meteorolo\u017eka, kterou jist\u011b zn\u00e1te z \u010cesk\u00e9 televize. Kniha Alpami na kole II. m\u00e1 240 stran, ob\u00e1lku zpracovala Gabriela Janovsk\u00e1 a fotografie Denisa Kra\u010dmanov\u00e1, Majka Odstr\u010dilov\u00e1, Majka Votavov\u00e1, Mark\u00e9ta Hovorkov\u00e1, Radka Mikol\u00e1\u0161kov\u00e1, Martina \u010cern\u00e1, Pavel Bou\u0161ka a Stanislav Heczko. Knihu vydalo nakladatelstv\u00ed Euromedia v edici Universum a j\u00e1 jim t\u00edmto za kn\u00ed\u017eku velice d\u011bkuji.<\/p>\n<p><em>Autorkou recenze je Barbora Cirklov\u00e1.<\/em><\/p>\n","protected":false},"excerpt":{"rendered":"<p>\u201eHele, pod\u00edvej se, co m\u00e1m. To se n\u00e1m bude hodit!\u201c cpala jsem man\u017eelovi knihu pod nos. \u201eAlena Z\u00e1rybnick\u00e1\u2026 to je ta pan\u00ed, co hl\u00e1s\u00ed na \u010cesk\u00e9 televizi po\u010das\u00ed,\u201c \u0159ekl man\u017eel. [&hellip;]<\/p>\n","protected":false},"author":8,"featured_media":17032,"comment_status":"closed","ping_status":"open","sticky":false,"template":"","format":"standard","meta":{"_acf_changed":false,"_monsterinsights_skip_tracking":false,"_monsterinsights_sitenote_active":false,"_monsterinsights_sitenote_note":"","_monsterinsights_sitenote_category":0,"_EventAllDay":false,"_EventTimezone":"","_EventStartDate":"","_EventEndDate":"","_EventStartDateUTC":"","_EventEndDateUTC":"","_EventShowMap":false,"_EventShowMapLink":false,"_EventURL":"","_EventCost":"","_EventCostDescription":"","_EventCurrencySymbol":"","_EventCurrencyCode":"","_EventCurrencyPosition":"","_EventDateTimeSeparator":"","_EventTimeRangeSeparator":"","_EventOrganizerID":[],"_EventVenueID":[],"_OrganizerEmail":"","_OrganizerPhone":"","_OrganizerWebsite":"","_VenueAddress":"","_VenueCity":"","_VenueCountry":"","_VenueProvince":"","_VenueState":"","_VenueZip":"","_VenuePhone":"","_VenueURL":"","_VenueStateProvince":"","_VenueLat":"","_VenueLng":"","_VenueShowMap":false,"_VenueShowMapLink":false,"twitterCardType":"","cardImageID":0,"cardImage":"","cardTitle":"","cardDesc":"","cardImageAlt":"","cardPlayer":"","cardPlayerWidth":0,"cardPlayerHeight":0,"cardPlayerStream":"","cardPlayerCodec":"","footnotes":""},"categories":[7],"tags":[21209,21186,21231,21647,18341,21525],"class_list":["post-17029","post","type-post","status-publish","format-standard","has-post-thumbnail","hentry","category-recenze","tag-cestopis","tag-cestovani","tag-cyklistika","tag-naucna-literatura","tag-recenze","tag-vylety"],"acf":{"related_products":null},"_links":{"self":[{"href":"https:\/\/www.luxor.cz\/blog\/wp-json\/wp\/v2\/posts\/17029","targetHints":{"allow":["GET"]}}],"collection":[{"href":"https:\/\/www.luxor.cz\/blog\/wp-json\/wp\/v2\/posts"}],"about":[{"href":"https:\/\/www.luxor.cz\/blog\/wp-json\/wp\/v2\/types\/post"}],"author":[{"embeddable":true,"href":"https:\/\/www.luxor.cz\/blog\/wp-json\/wp\/v2\/users\/8"}],"replies":[{"embeddable":true,"href":"https:\/\/www.luxor.cz\/blog\/wp-json\/wp\/v2\/comments?post=17029"}],"version-history":[{"count":0,"href":"https:\/\/www.luxor.cz\/blog\/wp-json\/wp\/v2\/posts\/17029\/revisions"}],"wp:featuredmedia":[{"embeddable":true,"href":"https:\/\/www.luxor.cz\/blog\/wp-json\/wp\/v2\/media\/17032"}],"wp:attachment":[{"href":"https:\/\/www.luxor.cz\/blog\/wp-json\/wp\/v2\/media?parent=17029"}],"wp:term":[{"taxonomy":"category","embeddable":true,"href":"https:\/\/www.luxor.cz\/blog\/wp-json\/wp\/v2\/categories?post=17029"},{"taxonomy":"post_tag","embeddable":true,"href":"https:\/\/www.luxor.cz\/blog\/wp-json\/wp\/v2\/tags?post=17029"}],"curies":[{"name":"wp","href":"https:\/\/api.w.org\/{rel}","templated":true}]}}