{"id":16856,"date":"2022-05-19T11:44:56","date_gmt":"2022-05-19T09:44:56","guid":{"rendered":"https:\/\/www.luxor.cz\/blog\/?p=16856"},"modified":"2022-05-19T13:42:20","modified_gmt":"2022-05-19T11:42:20","slug":"sef-biografie-zdenka-pohlreicha","status":"publish","type":"post","link":"https:\/\/www.luxor.cz\/blog\/aktuality\/sef-biografie-zdenka-pohlreicha\/","title":{"rendered":"\u0160\u00e9f \u2013 biografie Zde\u0148ka Pohlreicha"},"content":{"rendered":"<p><strong>Sv\u00e9bytn\u00e9mu \u0161\u00e9fkucha\u0159i <a href=\"https:\/\/www.luxor.cz\/page\/zdenek-pohlreich-2022\">Zde\u0148ku Pohreichovi<\/a> se neodporuje. \u201eAno, \u0161\u00e9fe!\u201c je jedin\u00e1 v\u011bta, se kterou se spokoj\u00ed. V\u00edte ale, co p\u0159edch\u00e1zelo jeho hv\u011bzdn\u00e9 televizn\u00ed kari\u00e9\u0159e? D\u0159\u00edve ne\u017e za\u010dal na milovn\u00edky j\u00eddla vykukovat z \u00fasp\u011b\u0161n\u00e9ho po\u0159adu, kde rozd\u00e1val rady v\u0161em od kucha\u0159sk\u00fdch u\u010d\u0148\u016f a\u017e po mana\u017eery restaurac\u00ed, musel uj\u00edt dlouhou kari\u00e9rn\u00ed cestu. D\u00edky n\u00ed je nyn\u00ed pova\u017eov\u00e1n za jednu z nejvlivn\u011bj\u0161\u00edch osobnost\u00ed \u010desk\u00e9 gastronomie, kter\u00e1 si z\u00edskala srdce cel\u00e9ho n\u00e1roda.<\/strong><\/p>\n<p>V pam\u011btech vzpom\u00edn\u00e1 na sv\u00e9 kari\u00e9rn\u00ed po\u010d\u00e1tky, kter\u00e9 nebyly v\u017edy jednoduch\u00e9, a rekapituluje ud\u00e1losti, kter\u00e9 p\u0159edch\u00e1zely anga\u017em\u00e1 v \u00fasp\u011b\u0161n\u00e9m po\u0159adu Ano, \u0161\u00e9fe! Jak s\u00e1m \u0159\u00edk\u00e1, nejd\u0159\u00edve se mu do biografie necht\u011blo, posl\u00e9ze v\u0161ak n\u00e1zor zm\u011bnil a vy tak m\u016f\u017eete nahl\u00e9dnout pod pokli\u010dku \u0161\u00e9fkucha\u0159ova \u017eivota, kter\u00fd letos oslav\u00ed p\u011bt dek\u00e1d v oboru gastronomie. Ve sv\u00e9 knize popisuje svou rodinu, d\u011btstv\u00ed, vojnu a\u017e po emigraci a n\u00e1vrat do rod\u00edc\u00edho se kapitalismu v devades\u00e1tk\u00e1ch. Vzpom\u00edn\u00e1 tak\u00e9 na to, jak se gastronomie zm\u011bnila od dob socialismu, jak\u00e9 zku\u0161enosti s n\u00ed m\u011bl v zahrani\u010d\u00ed, v korporac\u00edch, pro\u010d on s\u00e1m za\u010dal podnikat a co je u n\u011bj nov\u00e9ho pr\u00e1v\u011b te\u010f.<\/p>\n<p>V autorizovan\u00e9 biografii nenajdete pouze Pohlreichovy \u00fasp\u011bchy, ale zjist\u00edte, s jak\u00fdmi \u017eivotn\u00edmi peripetiemi se musel pot\u00fdkat i t\u0159eba to, kde bral a st\u00e1le bere inspiraci. Kniha je o to zaj\u00edmav\u011bj\u0161\u00ed, \u017ee krom\u011b autorova vypr\u00e1v\u011bn\u00ed v n\u00ed najdete i sv\u011bdectv\u00ed osobnost\u00ed z jeho okol\u00ed, v\u010detn\u011b jeho matky i bl\u00edzk\u00fdch koleg\u016f.<\/p>\n<p>Kniha<a href=\"https:\/\/www.luxor.cz\/product\/sef-biografie-zdenka-pohlreicha-zbo000462267\"><strong> \u0160\u00e9f \u2013 biografie Zde\u0148ka Pohlreicha<\/strong><\/a> je pr\u00e1v\u011b v p\u0159edprodeji.<\/p>\n<p><iframe title=\"\u0160\u00e9f - biografie Zde\u0148ka Pohlreicha\" width=\"1200\" height=\"675\" src=\"https:\/\/www.youtube.com\/embed\/YlgzHWqR9dA?feature=oembed\" frameborder=\"0\" allow=\"accelerometer; autoplay; clipboard-write; encrypted-media; gyroscope; picture-in-picture\" allowfullscreen><\/iframe><\/p>\n","protected":false},"excerpt":{"rendered":"<p>Sv\u00e9bytn\u00e9mu \u0161\u00e9fkucha\u0159i Zde\u0148ku Pohreichovi se neodporuje. \u201eAno, \u0161\u00e9fe!\u201c je jedin\u00e1 v\u011bta, se kterou se spokoj\u00ed. V\u00edte ale, co p\u0159edch\u00e1zelo jeho hv\u011bzdn\u00e9 televizn\u00ed kari\u00e9\u0159e? D\u0159\u00edve ne\u017e za\u010dal na milovn\u00edky j\u00eddla vykukovat [&hellip;]<\/p>\n","protected":false},"author":8,"featured_media":16857,"comment_status":"closed","ping_status":"open","sticky":false,"template":"","format":"standard","meta":{"_acf_changed":false,"_monsterinsights_skip_tracking":false,"_monsterinsights_sitenote_active":false,"_monsterinsights_sitenote_note":"","_monsterinsights_sitenote_category":0,"_EventAllDay":false,"_EventTimezone":"","_EventStartDate":"","_EventEndDate":"","_EventStartDateUTC":"","_EventEndDateUTC":"","_EventShowMap":false,"_EventShowMapLink":false,"_EventURL":"","_EventCost":"","_EventCostDescription":"","_EventCurrencySymbol":"","_EventCurrencyCode":"","_EventCurrencyPosition":"","_EventDateTimeSeparator":"","_EventTimeRangeSeparator":"","_EventOrganizerID":[],"_EventVenueID":[],"_OrganizerEmail":"","_OrganizerPhone":"","_OrganizerWebsite":"","_VenueAddress":"","_VenueCity":"","_VenueCountry":"","_VenueProvince":"","_VenueState":"","_VenueZip":"","_VenuePhone":"","_VenueURL":"","_VenueStateProvince":"","_VenueLat":"","_VenueLng":"","_VenueShowMap":false,"_VenueShowMapLink":false,"twitterCardType":"","cardImageID":0,"cardImage":"","cardTitle":"","cardDesc":"","cardImageAlt":"","cardPlayer":"","cardPlayerWidth":0,"cardPlayerHeight":0,"cardPlayerStream":"","cardPlayerCodec":"","footnotes":""},"categories":[5],"tags":[20879,52,21097],"class_list":["post-16856","post","type-post","status-publish","format-standard","has-post-thumbnail","hentry","category-aktuality","tag-biografie","tag-kniha","tag-memoary"],"acf":{"related_products":null},"_links":{"self":[{"href":"https:\/\/www.luxor.cz\/blog\/wp-json\/wp\/v2\/posts\/16856","targetHints":{"allow":["GET"]}}],"collection":[{"href":"https:\/\/www.luxor.cz\/blog\/wp-json\/wp\/v2\/posts"}],"about":[{"href":"https:\/\/www.luxor.cz\/blog\/wp-json\/wp\/v2\/types\/post"}],"author":[{"embeddable":true,"href":"https:\/\/www.luxor.cz\/blog\/wp-json\/wp\/v2\/users\/8"}],"replies":[{"embeddable":true,"href":"https:\/\/www.luxor.cz\/blog\/wp-json\/wp\/v2\/comments?post=16856"}],"version-history":[{"count":0,"href":"https:\/\/www.luxor.cz\/blog\/wp-json\/wp\/v2\/posts\/16856\/revisions"}],"wp:featuredmedia":[{"embeddable":true,"href":"https:\/\/www.luxor.cz\/blog\/wp-json\/wp\/v2\/media\/16857"}],"wp:attachment":[{"href":"https:\/\/www.luxor.cz\/blog\/wp-json\/wp\/v2\/media?parent=16856"}],"wp:term":[{"taxonomy":"category","embeddable":true,"href":"https:\/\/www.luxor.cz\/blog\/wp-json\/wp\/v2\/categories?post=16856"},{"taxonomy":"post_tag","embeddable":true,"href":"https:\/\/www.luxor.cz\/blog\/wp-json\/wp\/v2\/tags?post=16856"}],"curies":[{"name":"wp","href":"https:\/\/api.w.org\/{rel}","templated":true}]}}