{"id":16727,"date":"2022-04-26T11:00:23","date_gmt":"2022-04-26T09:00:23","guid":{"rendered":"https:\/\/www.luxor.cz\/blog\/?p=16727"},"modified":"2023-02-01T14:07:57","modified_gmt":"2023-02-01T13:07:57","slug":"klimaticka-zmena-je-tu","status":"publish","type":"post","link":"https:\/\/www.luxor.cz\/blog\/rozhovor\/klimaticka-zmena-je-tu\/","title":{"rendered":"Dirk Rossmann: Klimatick\u00e1 zm\u011bna je tu"},"content":{"rendered":"<p><strong>Zn\u00e1m\u00fd n\u011bmeck\u00fd miliard\u00e1\u0159 a filantrop je p\u0159esv\u011bd\u010den o tom, \u017ee je t\u0159eba jednat a vysv\u011btlovat ostatn\u00edm, co n\u00e1m hroz\u00ed a co pro z\u00e1chranu Zem\u011b m\u016f\u017eeme ud\u011blat. Proto t\u00e9ma klimatick\u00e9 zm\u011bny p\u0159etavil do sv\u00e9 prvotiny. Ne\u010dekejte ale \u017e\u00e1dnou nudu plnou graf\u016f \u2013 jeho rom\u00e1n v\u00e1s chytne a nepust\u00ed.<\/strong><\/p>\n<p><strong>Pane Rossmanne, v\u00e1\u0161 \u017eivotn\u00ed p\u0159\u00edb\u011bh je takov\u00fd americk\u00fd sen po evropsk\u00e9m zp\u016fsobu. \u010c\u00edm jste ale cht\u011bl b\u00fdt jako mal\u00fd chlapec? <\/strong><\/p>\n<p>Poch\u00e1z\u00edm z rodiny drogisty, tud\u00ed\u017e volba m\u00e9ho vzd\u011bl\u00e1n\u00ed byla jasn\u00e1. Konkr\u00e9tn\u00ed p\u0159edstavu ur\u010dit\u00e9ho povol\u00e1n\u00ed jsem tehdy ale nem\u011bl. V\u017edy mi bylo jasn\u00e9 jen jedno \u2013 \u017ee chci b\u00fdt s\u00e1m sob\u011b \u0161\u00e9fem a chci vyd\u011bl\u00e1vat hodn\u011b pen\u011bz, abych si nemusel d\u011blat starosti. Kdy\u017e jsem byl d\u00edt\u011b, pen\u011bz bylo toti\u017e m\u00e1lo.<\/p>\n<p><strong>A stal se z v\u00e1s neuv\u011b\u0159iteln\u011b \u00fasp\u011b\u0161n\u00fd obchodn\u00edk. Co v\u00e1s z \u017eidle v \u010dele spole\u010dnosti p\u0159ivedlo ke psan\u00ed?<\/strong><\/p>\n<p>K psan\u00ed knihy m\u011b p\u0159ivedla starost \u2013 starost o na\u0161i budoucnost, budoucnost na\u0161ich d\u011bt\u00ed a vnou\u010dat. Zm\u011bna klimatu m\u011b intenzivn\u011b zam\u011bstn\u00e1v\u00e1 ji\u017e dlouhou dobu, proto jsem m\u011bl silnou pot\u0159ebu napsat o tom knihu.<\/p>\n<p><strong>Jak\u00e9 poselstv\u00ed chcete \u010dten\u00e1\u0159\u016fm svou knihou p\u0159edat?<\/strong><\/p>\n<p>Zm\u011bna klimatu je obrovsk\u00fdm t\u00e9matem, hroziv\u00fdm t\u00e9matem, kter\u00e9 ne ka\u017ed\u00fd \u010dlov\u011bk dok\u00e1\u017ee pojmout. P\u00ed\u0161u sv\u00e9 knihy tak, abych toto t\u00e9ma ud\u011blal srozumiteln\u011bj\u0161\u00edm. M\u00e9 poselstv\u00ed je jednoduch\u00e9: Takto to d\u00e1l nejde! Mus\u00edme jako sv\u011btov\u00e9 spole\u010denstv\u00ed jednat a m\u00edsto vytv\u00e1\u0159en\u00ed ned\u016fv\u011bry dos\u00e1hnout vz\u00e1jemn\u00e9 d\u016fv\u011bry. Je to pro m\u011b srde\u010dn\u00ed z\u00e1le\u017eitost a m\u00fdm c\u00edlem je oslovit co nejv\u00edce lid\u00ed. Proto m\u00e1m velkou radost z toho, \u017ee Dev\u00e1t\u00e9 chapadlo chobotnice bude vyd\u00e1no i v \u010cesk\u00e9 republice.<\/p>\n<p><strong>Co se v\u00e1s na t\u00e9matu klimatick\u00fdch zm\u011bn nejv\u00edce dot\u00fdk\u00e1 a co osobn\u011b d\u011bl\u00e1te pro to, aby dopady lidsk\u00e9 \u010dinnosti na n\u00e1\u0161 sv\u011bt byly co nejmen\u0161\u00ed? <\/strong><\/p>\n<p>Kdy\u017e se pod\u00edv\u00e1te na posledn\u00ed dek\u00e1du, tak jsou zde jasn\u011b viditeln\u00e9 dopady zm\u011bny klimatu \u2013 sucho, po\u017e\u00e1ry les\u016f, z\u00e1plavy, bou\u0159e, t\u00e1n\u00ed ledovc\u016f. T\u011bchto katastrof p\u0159ib\u00fdv\u00e1 a nab\u00e1daj\u00ed n\u00e1s k tomu, abychom jednali d\u0159\u00edv, ne\u017e bude p\u0159\u00edli\u0161 pozd\u011b. Jako obchodn\u00ed firma vyu\u017e\u00edv\u00e1me v\u0161ech dostupn\u00fdch mo\u017enost\u00ed, zam\u011b\u0159ujeme se p\u0159edev\u0161\u00edm na t\u00e9ma mikroplast\u016f a sn\u00ed\u017een\u00ed odpadov\u00fdch materi\u00e1l\u016f. J\u00e1 osobn\u011b db\u00e1m na to, abych \u017eil uv\u011bdom\u011ble. J\u00edm podstatn\u011b m\u00e9n\u011b masa, cestuji z\u0159\u00eddkakdy letadlem a vyu\u017eiji rad\u011bji vlak.<\/p>\n<p><strong>Ve va\u0161\u00ed knize se objevuj\u00ed tro\u0161ku netypi\u010dt\u00ed hrdinov\u00e9. M\u00e1te slabost pro outsidery? Mo\u017en\u00e1 jejich \u010dist\u00fd charakter a nasazen\u00ed zm\u016f\u017ee v\u00edc ne\u017e siln\u00e1 ramena klasick\u00e9ho hrdiny? <\/strong><\/p>\n<p>Velk\u00fd hrdina, takov\u00fd ten nep\u0159\u00edstupn\u00fd typ, kter\u00fd se povy\u0161uje nad ka\u017edou chybou, vytv\u00e1\u0159\u00ed m\u00e1lo mo\u017enost\u00ed k tomu, aby se s n\u00edm kdokoliv mohl identifikovat. Jako \u010dten\u00e1\u0159 si sna\u017e\u00edm v rom\u00e1nov\u00fdch postav\u00e1ch p\u0159edstavit, \u017ee i j\u00e1 p\u0159ekon\u00e1m s\u00e1m sebe, kdy\u017e si to situace vy\u017e\u00e1d\u00e1. Lid\u00e9 s chybami, ti, kte\u0159\u00ed um\u00ed j\u00edt i proti proudu, jsou n\u00e1m sympati\u010dt\u00ed, proto\u017ee jim m\u016f\u017eeme rozum\u011bt. Takov\u00fdm hrdin\u016fm fand\u00edme a vrac\u00edme se k nim.<\/p>\n<p><strong>Ke kter\u00e9 knize se v\u017edycky r\u00e1d vrac\u00edte vy s\u00e1m?<\/strong><\/p>\n<p>Kniha, kter\u00e1 m\u011b po dlouhou dobu m\u00e9ho \u017eivota doprov\u00e1zela, byl \u201eIdiot\u201c od Dostojevsk\u00e9ho. Jeliko\u017e hlavn\u00ed postava, kn\u00ed\u017ee My\u0161kin, rovn\u011b\u017e nen\u00ed typick\u00fdm hrdinou, dok\u00e1\u017eu se s n\u00edm proto snadno identifikovat. Je naivn\u00ed, skromn\u00fd a neda\u0159\u00ed se mu prosadit se ve fajnov\u00e9 petrohradsk\u00e9 spole\u010dnosti, proto\u017ee je citliv\u00fd a vn\u00edm\u00e1 utrpen\u00ed druh\u00fdch. Ti ho pova\u017euj\u00ed za idiota, p\u0159itom za to m\u016f\u017ee dan\u00e9 prost\u0159ed\u00ed, kter\u00e9 zp\u016fsobuje, \u017ee takto p\u0159ed ostatn\u00edmi vypad\u00e1.<\/p>\n<p><a href=\"https:\/\/www.luxor.cz\/products?authors=Rossmann%20Dirk\"><em><strong>Dirk Rossmann<\/strong><\/em><\/a> <em>\u2013 n\u011bmeck\u00fd miliard\u00e1\u0159 vyr\u016fstal v drogistick\u00e9m obchod\u011b sv\u00fdch rodi\u010d\u016f v n\u011bmeck\u00e9m Hannoveru. Ve sv\u00fdch p\u011btadvaceti letech zalo\u017eil v roce 1972 s\u00ed\u0165 samoobslu\u017en\u00fdch drogeri\u00ed ROSSMANN. V r\u00e1mci sv\u00fdch obchodn\u00edch aktivit se v\u011bnuje t\u00e9mat\u016fm \u017eivotn\u00edho prost\u0159ed\u00ed a udr\u017eitelnosti. Tomu v\u011bnoval i svou knihu \u201e<a href=\"https:\/\/www.luxor.cz\/product\/devate-chapadlo-chobotnice-zbo000432659\"><strong>Dev\u00e1t\u00e9 chapadlo chobotnice<\/strong><\/a>\u201c, kter\u00e1 v \u010cR vy\u0161la.<\/em><\/p>\n<p><em>Autorkou rozhovoru je Barbora Topinkova\u0301.<\/em><\/p>\n<p><em>Tento \u010dl\u00e1nek vy\u0161el v magaz\u00ednu Luxor v b\u0159eznu 2022.<\/em><\/p>\n","protected":false},"excerpt":{"rendered":"<p>Zn\u00e1m\u00fd n\u011bmeck\u00fd miliard\u00e1\u0159 a filantrop je p\u0159esv\u011bd\u010den o tom, \u017ee je t\u0159eba jednat a vysv\u011btlovat ostatn\u00edm, co n\u00e1m hroz\u00ed a co pro z\u00e1chranu Zem\u011b m\u016f\u017eeme ud\u011blat. Proto t\u00e9ma klimatick\u00e9 zm\u011bny [&hellip;]<\/p>\n","protected":false},"author":8,"featured_media":16728,"comment_status":"closed","ping_status":"open","sticky":false,"template":"","format":"standard","meta":{"_acf_changed":false,"_monsterinsights_skip_tracking":false,"_monsterinsights_sitenote_active":false,"_monsterinsights_sitenote_note":"","_monsterinsights_sitenote_category":0,"_EventAllDay":false,"_EventTimezone":"","_EventStartDate":"","_EventEndDate":"","_EventStartDateUTC":"","_EventEndDateUTC":"","_EventShowMap":false,"_EventShowMapLink":false,"_EventURL":"","_EventCost":"","_EventCostDescription":"","_EventCurrencySymbol":"","_EventCurrencyCode":"","_EventCurrencyPosition":"","_EventDateTimeSeparator":"","_EventTimeRangeSeparator":"","_EventOrganizerID":[],"_EventVenueID":[],"_OrganizerEmail":"","_OrganizerPhone":"","_OrganizerWebsite":"","_VenueAddress":"","_VenueCity":"","_VenueCountry":"","_VenueProvince":"","_VenueState":"","_VenueZip":"","_VenuePhone":"","_VenueURL":"","_VenueStateProvince":"","_VenueLat":"","_VenueLng":"","_VenueShowMap":false,"_VenueShowMapLink":false,"twitterCardType":"","cardImageID":0,"cardImage":"","cardTitle":"","cardDesc":"","cardImageAlt":"","cardPlayer":"","cardPlayerWidth":0,"cardPlayerHeight":0,"cardPlayerStream":"","cardPlayerCodec":"","footnotes":""},"categories":[8,21655],"tags":[21645,52,18344],"class_list":["post-16727","post","type-post","status-publish","format-standard","has-post-thumbnail","hentry","category-rozhovor","category-magazin-luxor","tag-beletrie","tag-kniha","tag-rozhovor"],"acf":{"related_products":null},"_links":{"self":[{"href":"https:\/\/www.luxor.cz\/blog\/wp-json\/wp\/v2\/posts\/16727","targetHints":{"allow":["GET"]}}],"collection":[{"href":"https:\/\/www.luxor.cz\/blog\/wp-json\/wp\/v2\/posts"}],"about":[{"href":"https:\/\/www.luxor.cz\/blog\/wp-json\/wp\/v2\/types\/post"}],"author":[{"embeddable":true,"href":"https:\/\/www.luxor.cz\/blog\/wp-json\/wp\/v2\/users\/8"}],"replies":[{"embeddable":true,"href":"https:\/\/www.luxor.cz\/blog\/wp-json\/wp\/v2\/comments?post=16727"}],"version-history":[{"count":0,"href":"https:\/\/www.luxor.cz\/blog\/wp-json\/wp\/v2\/posts\/16727\/revisions"}],"wp:featuredmedia":[{"embeddable":true,"href":"https:\/\/www.luxor.cz\/blog\/wp-json\/wp\/v2\/media\/16728"}],"wp:attachment":[{"href":"https:\/\/www.luxor.cz\/blog\/wp-json\/wp\/v2\/media?parent=16727"}],"wp:term":[{"taxonomy":"category","embeddable":true,"href":"https:\/\/www.luxor.cz\/blog\/wp-json\/wp\/v2\/categories?post=16727"},{"taxonomy":"post_tag","embeddable":true,"href":"https:\/\/www.luxor.cz\/blog\/wp-json\/wp\/v2\/tags?post=16727"}],"curies":[{"name":"wp","href":"https:\/\/api.w.org\/{rel}","templated":true}]}}