{"id":16676,"date":"2022-04-12T10:48:23","date_gmt":"2022-04-12T08:48:23","guid":{"rendered":"https:\/\/www.luxor.cz\/blog\/?p=16676"},"modified":"2023-02-01T14:08:09","modified_gmt":"2023-02-01T13:08:09","slug":"kristyna-trpkova-spisovatelkou-na-materske-ano","status":"publish","type":"post","link":"https:\/\/www.luxor.cz\/blog\/nezarazene\/kristyna-trpkova-spisovatelkou-na-materske-ano\/","title":{"rendered":"Krist\u00fdna Trpkov\u00e1 \u2013 Spisovatelkou na mate\u0159sk\u00e9? Ano!"},"content":{"rendered":"<p><strong>Mlad\u00e1 nad\u011bje \u010desk\u00e9 detektivky napsala svoji prvotinu, zat\u00edmco vedle v\u00a0pokoji spaly jej\u00ed t\u0159i d\u011bti. Vra\u017eedn\u00e9 my\u0161lenky na mate\u0159sk\u00e9 se pr\u00fd musely projevit. A \u017ee se jich \u010dten\u00e1\u0159i boj\u00ed&#8230;<\/strong><\/p>\n<p>P\u011btadvacetilet\u00e1 autorka se ve sv\u00e9 prvotin\u011b Stv\u016fra nechala inspirovat rodn\u00fdmi Holicemi a zasadila do nich p\u0159\u00edb\u011bh o vra\u017ed\u011b mlad\u00e9 \u017eeny, kterou vy\u0161et\u0159uje p\u00e1r sympatick\u00fdch policist\u016f. V\u00fdsledek je tak p\u0159\u00edjemn\u011b mraziv\u00fd, \u017ee se po jeho p\u0159e\u010dten\u00ed neodv\u00e1\u017e\u00ed j\u00edt do bl\u00edzk\u00fdch les\u016f dev\u011bt \u010dten\u00e1\u0159\u016f z deseti. Spisovatelka p\u0159izn\u00e1v\u00e1, \u017ee za\u010dala ps\u00e1t spont\u00e1nn\u011b pot\u00e9, co se sama do detektivek b\u011bhem mate\u0159sk\u00fdch starost\u00ed zamilovala. Z\u00e1pletku nav\u00edc zasadila do prost\u0159ed\u00ed, ve kter\u00e9m se b\u011b\u017en\u011b pohybuje, tak\u017ee o autenticitu, a tedy i vy\u0161\u0161\u00ed hus\u00ed k\u016f\u017ei, je rozhodn\u011b postar\u00e1no. V psan\u00ed nav\u00edc nepolevuje,<\/p>\n<p>pro svoje rom\u00e1nov\u00e9 vy\u0161et\u0159ovatele Lauru Linhartovou a Adama Bene\u0161e pl\u00e1nuje rovnou trilogii. V polovin\u011b dubna se proto na pultech objev\u00ed rom\u00e1n <a href=\"https:\/\/www.luxor.cz\/product\/vesnice-zbo000446627\"><strong>Vesnice<\/strong><\/a>, kter\u00fd je pokra\u010dov\u00e1n\u00edm prvotiny <strong><a href=\"https:\/\/www.luxor.cz\/product\/stvura-zbo000417326\">Stv\u016fra<\/a><\/strong>. Ke psan\u00ed p\u0159istupuje s lehkost\u00ed v p\u0159est\u00e1vk\u00e1ch na span\u00ed sv\u00fdch d\u011bt\u00ed a a\u010d sama tvrd\u00ed, \u017ee by sv\u016fj impulzivn\u00ed postup za\u010d\u00ednaj\u00edc\u00edm spisovatel\u016fm nedoporu\u010dila, odvaha se j\u00ed vyplatila. Prost\u011b napsala knihu, poslala ji do vydavatelstv\u00ed a ono to vy\u0161lo. Te\u010f u\u017e j\u00ed nezb\u00fdv\u00e1 nic jin\u00e9ho, ne\u017e svoje \u010dten\u00e1\u0159e pravideln\u011b z\u00e1sobovat dal\u0161\u00edmi d\u00e1vkami adrenalinu a p\u0159\u00edb\u011bh\u016f. Proto\u017ee takov\u00fd mix z\u00e1bavy a nap\u011bt\u00ed ocen\u00edte pr\u00e1v\u011b v t\u00e9to dob\u011b, kdy se pot\u0159ebujete p\u0159esunout na chv\u00edli n\u011bkam jinam \u2013 alespo\u0148 ve sv\u00e9 hlav\u011b.<\/p>\n<p><em><strong><a href=\"https:\/\/www.luxor.cz\/author\/kristyna-trpkova-au053548\"><img fetchpriority=\"high\" decoding=\"async\" class=\"size-medium wp-image-16678 alignleft\" src=\"https:\/\/www.luxor.cz\/blog\/wp-content\/uploads\/Vesnice-300x233.png\" alt=\"\" width=\"300\" height=\"233\" title=\"\" srcset=\"https:\/\/www.luxor.cz\/blog\/wp-content\/uploads\/Vesnice-300x233.png 300w, https:\/\/www.luxor.cz\/blog\/wp-content\/uploads\/Vesnice-600x467.png 600w, https:\/\/www.luxor.cz\/blog\/wp-content\/uploads\/Vesnice-1024x797.png 1024w, https:\/\/www.luxor.cz\/blog\/wp-content\/uploads\/Vesnice-768x597.png 768w, https:\/\/www.luxor.cz\/blog\/wp-content\/uploads\/Vesnice-1536x1195.png 1536w, https:\/\/www.luxor.cz\/blog\/wp-content\/uploads\/Vesnice-1000x778.png 1000w, https:\/\/www.luxor.cz\/blog\/wp-content\/uploads\/Vesnice-669x520.png 669w, https:\/\/www.luxor.cz\/blog\/wp-content\/uploads\/Vesnice.png 1877w\" sizes=\"(max-width: 300px) 100vw, 300px\" \/>Krist\u00fdna Trpkov\u00e1<\/a><\/strong> (*1997) \u017eije v Holic\u00edch u Pardubic, kde vychov\u00e1v\u00e1 s partnerem t\u0159i d\u011bti. Ps\u00e1t za\u010dala b\u011bhem mate\u0159sk\u00e9 dovolen\u00e9 a hned jej\u00ed prvn\u00ed kniha slavila v nakladatelstv\u00ed Kalibr \u00fasp\u011bch. Za dva roky stihla napsat t\u0159i knihy a st\u00e1t se obl\u00edbenou autorkou krimin\u00e1ln\u00edch thriller\u016f. Pro \u010dten\u00e1\u0159e ve sv\u00fdch detektivn\u00edch knih\u00e1ch p\u011bstuje sv\u00e9r\u00e1znou dvojici vy\u0161et\u0159ovatel\u016f, kter\u00e9 poj\u00ed spole\u010dn\u00e1 minulost \u2013 a taky l\u00e1ska ke croissant\u016fm. Sama se ov\u0161em ve voln\u00e9m \u010dase v\u011bnuje zdrav\u00e9 v\u00fd\u017eiv\u011b.<\/em><\/p>\n<p><em>Tento \u010dl\u00e1nek vy\u0161el v magaz\u00ednu Luxor v dubnu 2022.<\/em><\/p>\n","protected":false},"excerpt":{"rendered":"<p>Mlad\u00e1 nad\u011bje \u010desk\u00e9 detektivky napsala svoji prvotinu, zat\u00edmco vedle v\u00a0pokoji spaly jej\u00ed t\u0159i d\u011bti. Vra\u017eedn\u00e9 my\u0161lenky na mate\u0159sk\u00e9 se pr\u00fd musely projevit. A \u017ee se jich \u010dten\u00e1\u0159i boj\u00ed&#8230; P\u011btadvacetilet\u00e1 autorka [&hellip;]<\/p>\n","protected":false},"author":8,"featured_media":16677,"comment_status":"closed","ping_status":"open","sticky":false,"template":"","format":"standard","meta":{"_acf_changed":false,"_monsterinsights_skip_tracking":false,"_monsterinsights_sitenote_active":false,"_monsterinsights_sitenote_note":"","_monsterinsights_sitenote_category":0,"_EventAllDay":false,"_EventTimezone":"","_EventStartDate":"","_EventEndDate":"","_EventStartDateUTC":"","_EventEndDateUTC":"","_EventShowMap":false,"_EventShowMapLink":false,"_EventURL":"","_EventCost":"","_EventCostDescription":"","_EventCurrencySymbol":"","_EventCurrencyCode":"","_EventCurrencyPosition":"","_EventDateTimeSeparator":"","_EventTimeRangeSeparator":"","_EventOrganizerID":[],"_EventVenueID":[],"_OrganizerEmail":"","_OrganizerPhone":"","_OrganizerWebsite":"","_VenueAddress":"","_VenueCity":"","_VenueCountry":"","_VenueProvince":"","_VenueState":"","_VenueZip":"","_VenuePhone":"","_VenueURL":"","_VenueStateProvince":"","_VenueLat":"","_VenueLng":"","_VenueShowMap":false,"_VenueShowMapLink":false,"twitterCardType":"","cardImageID":0,"cardImage":"","cardTitle":"","cardDesc":"","cardImageAlt":"","cardPlayer":"","cardPlayerWidth":0,"cardPlayerHeight":0,"cardPlayerStream":"","cardPlayerCodec":"","footnotes":""},"categories":[1,21655],"tags":[],"class_list":["post-16676","post","type-post","status-publish","format-standard","has-post-thumbnail","hentry","category-nezarazene","category-magazin-luxor"],"acf":{"related_products":null},"_links":{"self":[{"href":"https:\/\/www.luxor.cz\/blog\/wp-json\/wp\/v2\/posts\/16676","targetHints":{"allow":["GET"]}}],"collection":[{"href":"https:\/\/www.luxor.cz\/blog\/wp-json\/wp\/v2\/posts"}],"about":[{"href":"https:\/\/www.luxor.cz\/blog\/wp-json\/wp\/v2\/types\/post"}],"author":[{"embeddable":true,"href":"https:\/\/www.luxor.cz\/blog\/wp-json\/wp\/v2\/users\/8"}],"replies":[{"embeddable":true,"href":"https:\/\/www.luxor.cz\/blog\/wp-json\/wp\/v2\/comments?post=16676"}],"version-history":[{"count":0,"href":"https:\/\/www.luxor.cz\/blog\/wp-json\/wp\/v2\/posts\/16676\/revisions"}],"wp:featuredmedia":[{"embeddable":true,"href":"https:\/\/www.luxor.cz\/blog\/wp-json\/wp\/v2\/media\/16677"}],"wp:attachment":[{"href":"https:\/\/www.luxor.cz\/blog\/wp-json\/wp\/v2\/media?parent=16676"}],"wp:term":[{"taxonomy":"category","embeddable":true,"href":"https:\/\/www.luxor.cz\/blog\/wp-json\/wp\/v2\/categories?post=16676"},{"taxonomy":"post_tag","embeddable":true,"href":"https:\/\/www.luxor.cz\/blog\/wp-json\/wp\/v2\/tags?post=16676"}],"curies":[{"name":"wp","href":"https:\/\/api.w.org\/{rel}","templated":true}]}}