{"id":16624,"date":"2022-03-30T15:15:14","date_gmt":"2022-03-30T13:15:14","guid":{"rendered":"https:\/\/www.luxor.cz\/blog\/?p=16624"},"modified":"2022-04-04T11:50:01","modified_gmt":"2022-04-04T09:50:01","slug":"ukazka-caroline-bernard-frida-kahlo-a-barvy-zivota","status":"publish","type":"post","link":"https:\/\/www.luxor.cz\/blog\/nezarazene\/ukazka-caroline-bernard-frida-kahlo-a-barvy-zivota\/","title":{"rendered":"UK\u00c1ZKA: Caroline Bernard &#8211; Frida Kahlo a barvy \u017eivota"},"content":{"rendered":"<p>Mexiko, rok 1925. Sedmn\u00e1ctilet\u00e1 Frida Kahlo se chce st\u00e1t l\u00e9ka\u0159kou. Stra\u0161liv\u00e1 autobusov\u00e1 nehoda v\u0161ak jej\u00ed pl\u00e1ny zhat\u00ed. Pak potk\u00e1 Diega Riveru, proslul\u00e9ho mal\u00ed\u0159e a lama\u010de \u017eensk\u00fdch srdc\u00ed, a po u\u0161i se do n\u011bho zamiluje. Kdy\u017e ji Diego po\u017e\u00e1d\u00e1 o ruku, okam\u017eit\u011b souhlas\u00ed. Jen\u017ee on j\u00ed nedok\u00e1\u017ee b\u00fdt v\u011brn\u00fd, a nav\u00edc se zd\u00e1, \u017ee jej\u00ed touha po d\u00edt\u011bti z\u016fstane nenapln\u011bn\u00e1. Navzdory p\u0159ek\u00e1\u017ek\u00e1m se Frida nevzd\u00e1v\u00e1 sv\u00e9ho ide\u00e1lu bezb\u0159eh\u00e9 l\u00e1sky a \u017eivota podle sv\u00fdch p\u0159edstav. Objev\u00ed malov\u00e1n\u00ed a sv\u00fdmi obrazy vypr\u00e1v\u00ed o sv\u00fdch snech. P\u0159\u00edmo\u010darost\u00ed, pestr\u00fdm oble\u010den\u00edm a maysk\u00fdmi \u0161perky a samoz\u0159ejm\u011b origin\u00e1ln\u00ed tvorbou se stane jednou z nejproslulej\u0161\u00edch mal\u00ed\u0159ek na\u0161\u00ed doby.<\/p>\n<p>Knihu u n\u00e1s po\u0159\u00edd\u00edte <strong><a href=\"https:\/\/www.luxor.cz\/product\/frida-kahlo-a-barvy-zivota-zbo000437318\">ZDE.<\/a><\/strong><\/p>\n<p><em>Kdy\u017e se znovu probudila, sed\u011bla Matita <\/em><em>st\u00e1le je\u0161t\u011b u jej\u00ed postele.<\/em><br \/>\n<em>\u201eJsem tady, Frido,\u201c \u0159ekla stejn\u011b jako poprv\u00e9. \u201eJsi <\/em><em>v nemocnici. M\u011bla jsi nehodu. Autobus\u2026\u201c<\/em><br \/>\n<em>Frida se pomalu rozpom\u00ednala. Tramvaj, kter\u00e1 <\/em><em>najela do autobusu. Zlat\u00fd prach a st\u0159epy, <\/em><em>rachot, a pak u\u017e nic. Znovu ji p\u0159epadla bolest, <\/em><em>ale te\u010f necht\u011bla omdl\u00edt, dokud nedostane <\/em><em>odpov\u011bdi na sv\u00e9 ot\u00e1zky.<\/em><br \/>\n<em>\u201eAlejandro?\u201c Jen st\u011b\u017e\u00ed vypou\u0161t\u011bla slova z \u00fast.<\/em><br \/>\n<em>\u201eJak je mu?\u201c<\/em><br \/>\n<em>Matita j\u00ed l\u017eickou nakapala tro\u0161ku vody na rty.<\/em><br \/>\n<em>\u201eNezas\u00e1hlo ho to tolik jako tebe. Da\u0159\u00ed se mu <\/em><em>dob\u0159e.\u201c<\/em><br \/>\n<em>\u201eJak to, \u017ee jsi tady? Kde je m\u00e1ma a t\u00e1ta?\u201c<\/em><br \/>\n<em>Sestra j\u00ed polo\u017eila ruku na p\u0159edlokt\u00ed. \u201e\u010cetla jsem <\/em><em>o tom ne\u0161t\u011bst\u00ed v novin\u00e1ch. Uvedli tv\u00e9 jm\u00e9no. Tak <\/em><em>jsem p\u0159ijela.\u201c<\/em><br \/>\n<em>\u201eCo se mi stalo? Nem\u016f\u017eu se h\u00fdbat. Jsem <\/em><em>ochrnut\u00e1?\u201c<\/em><br \/>\n<em>\u201eM\u00e1\u0161 mnoho ran v\u2026 podb\u0159i\u0161ku. Operovali t\u011b.\u201c<\/em><br \/>\n<em>Matita sklopila pohled.<\/em><\/p>\n<p><em>Frida velmi opatrne zvedla hlavu, jen o p\u00e1r <\/em><em>centimetr\u016f, aby se pod\u00edvala na sv\u00e9 t\u011blo. Uvid\u011bla <\/em><em>prost\u011bradlo, pod n\u00edm\u017e se r\u00fdsovala jej\u00ed \u0161t\u00edhl\u00e1 <\/em><em>silueta. Nohy mela p\u0159ipevn\u011bn\u00e9 pru\u017en\u00fdm <\/em><em>obinadlem k spodn\u00ed \u010d\u00e1sti postele. Napjala <\/em><em>stehenn\u00ed svaly a r\u00e1zem j\u00ed projela bolest. Se <\/em><em>zast\u00e9n\u00e1n\u00edm op\u011bt polo\u017eila hlavu na pol\u0161t\u00e1\u0159.<\/em><br \/>\n<em>\u201eDokto\u0159i r\u00edkaj\u00ed, \u017ee se nem\u00e1\u0161 h\u00fdbat, aby v\u0161echno <\/em><em>dob\u0159e srostlo,\u201c upozornila ji Matita. \u201eProto t\u011b tak <\/em><em>pevn\u011b sv\u00e1zali.\u201c<\/em><br \/>\n<em>\u201eCo m\u00e1 sr\u016fst? \u0158ekni mi to!\u201c<\/em><br \/>\n<em>Matita polkla. \u201eStejn\u011b se to dozv\u00ed\u0161. Ty\u010d <\/em><em>z autobusu se ti zap\u00edchla do boku a vyjela ti <\/em><em>z\u2026 podb\u0159i\u0161ku. M\u00e1\u0161 po\u0161kozenou ledvinu. Nav\u00edc <\/em><em>zlomen\u00fd kr\u010dek v ky\u010dli a levou nohu na jeden\u00e1cti\u2026\u201c<\/em><br \/>\n<em>\u201eLevou?\u201c za\u0161eptala Frida, \u201etu zdravou nohu?\u201c<\/em><br \/>\n<em>Sestra p\u0159ik\u00fdvla.<\/em><br \/>\n<em>\u201eCo je\u0161t\u011b? Chci v\u011bd\u011bt v\u0161echno.\u201c<\/em><br \/>\n<em>\u201ePrav\u00e1 noha to taky schytala. Chodidlo je <\/em><em>rozdrcen\u00e9 a vyklouben\u00e9. A taky lev\u00e9 rameno jsi <\/em><em>m\u011bla vymknut\u00e9.\u201c<\/em><br \/>\n<em>Frida zav\u0159ela o\u010di.<\/em><br \/>\n<em>\u201eKde jsou m\u00e1ma a t\u00e1ta?\u201c zeptala se je\u0161t\u011b jednou.<\/em><br \/>\n<em>\u201eM\u00e1ma se mnou po\u0159\u00e1d je\u0161te nemluv\u00ed. Co ti <\/em><em>ted \u0159eknu, v\u00edm jen od Cristiny. Jsou po\u0159\u00e1d <\/em><em>v \u0161oku a\u2026 obl\u00e9kli se do \u010dern\u00e9ho. Kdy\u017e se m\u00e1ma <\/em><em>dozv\u011bd\u011bla o ne\u0161test\u00ed, cel\u00fd den nic nejedla a v\u016fbec <\/em><em>nepromluvila. M\u00e1 strach jet do nemocnice.\u201c<\/em><br \/>\n<em>\u201eA t\u00e1ta?\u201c<\/em><br \/>\n<em>\u201eSamou starost\u00ed onemocn\u011bl. V\u00ed\u0161 p\u0159ece\u2026\u201c<\/em><br \/>\n<em>\u201eChce\u0161 \u0159\u00edct, \u017ee dostal z\u00e1chvat?\u201c <\/em><\/p>\n<p><em>Otec u\u017e l\u00e9ta trp\u011bl epilepsi\u00ed, ale trvalo dlouho, ne\u017e se o tom sm\u011blo v rodin\u011b mluvit. Najednou se j\u00ed vr\u00e1tily \u00fatr\u017eky vzpom\u00ednek. Byla je\u0161t\u011b d\u00edt\u011b, kdy\u017e Guillerma p\u0159epadl poprv\u00e9 z\u00e1chvat. Divok\u00e9 trh\u00e1n\u00ed nohou, o\u010di v sloup\u2026 T\u0159i dny nato jej\u00ed sestra zmizela.Teprve po letech si uv\u011bdomila, \u017ee ty dv\u011b ud\u00e1losti spolu v\u016fbec nesouvisely.<br \/>\nMatita si zhluboka povzdechla. <\/em><\/p>\n<p><em>\u201eFrido, mus\u00ed\u0161 jim d\u00e1t \u010das, aby si na tu situaci zvykli. Tvoje nehoda jim zp\u016fsobila \u0161ok. A dokud za tebou nep\u0159ijedou, budu tu j\u00e1. Ve dne v noci.\u201c Uchopila jej\u00ed ruku a lehce ji stiskla.<br \/>\n\u201eJsem r\u00e1da, \u017ee jsme se zase shledaly, i kdy\u017e za t\u011bchhle okolnost\u00ed\u2026\u201c<br \/>\nFrida zav\u0159ela o\u010di.<\/em><\/p>\n","protected":false},"excerpt":{"rendered":"<p>Mexiko, rok 1925. Sedmn\u00e1ctilet\u00e1 Frida Kahlo se chce st\u00e1t l\u00e9ka\u0159kou. Stra\u0161liv\u00e1 autobusov\u00e1 nehoda v\u0161ak jej\u00ed pl\u00e1ny zhat\u00ed. Pak potk\u00e1 Diega Riveru, proslul\u00e9ho mal\u00ed\u0159e a lama\u010de \u017eensk\u00fdch srdc\u00ed, a po u\u0161i [&hellip;]<\/p>\n","protected":false},"author":2,"featured_media":16625,"comment_status":"closed","ping_status":"open","sticky":false,"template":"","format":"standard","meta":{"_acf_changed":false,"_monsterinsights_skip_tracking":false,"_monsterinsights_sitenote_active":false,"_monsterinsights_sitenote_note":"","_monsterinsights_sitenote_category":0,"_EventAllDay":false,"_EventTimezone":"","_EventStartDate":"","_EventEndDate":"","_EventStartDateUTC":"","_EventEndDateUTC":"","_EventShowMap":false,"_EventShowMapLink":false,"_EventURL":"","_EventCost":"","_EventCostDescription":"","_EventCurrencySymbol":"","_EventCurrencyCode":"","_EventCurrencyPosition":"","_EventDateTimeSeparator":"","_EventTimeRangeSeparator":"","_EventOrganizerID":[],"_EventVenueID":[],"_OrganizerEmail":"","_OrganizerPhone":"","_OrganizerWebsite":"","_VenueAddress":"","_VenueCity":"","_VenueCountry":"","_VenueProvince":"","_VenueState":"","_VenueZip":"","_VenuePhone":"","_VenueURL":"","_VenueStateProvince":"","_VenueLat":"","_VenueLng":"","_VenueShowMap":false,"_VenueShowMapLink":false,"twitterCardType":"","cardImageID":0,"cardImage":"","cardTitle":"","cardDesc":"","cardImageAlt":"","cardPlayer":"","cardPlayerWidth":0,"cardPlayerHeight":0,"cardPlayerStream":"","cardPlayerCodec":"","footnotes":""},"categories":[1],"tags":[],"class_list":["post-16624","post","type-post","status-publish","format-standard","has-post-thumbnail","hentry","category-nezarazene"],"acf":{"related_products":null},"_links":{"self":[{"href":"https:\/\/www.luxor.cz\/blog\/wp-json\/wp\/v2\/posts\/16624","targetHints":{"allow":["GET"]}}],"collection":[{"href":"https:\/\/www.luxor.cz\/blog\/wp-json\/wp\/v2\/posts"}],"about":[{"href":"https:\/\/www.luxor.cz\/blog\/wp-json\/wp\/v2\/types\/post"}],"author":[{"embeddable":true,"href":"https:\/\/www.luxor.cz\/blog\/wp-json\/wp\/v2\/users\/2"}],"replies":[{"embeddable":true,"href":"https:\/\/www.luxor.cz\/blog\/wp-json\/wp\/v2\/comments?post=16624"}],"version-history":[{"count":0,"href":"https:\/\/www.luxor.cz\/blog\/wp-json\/wp\/v2\/posts\/16624\/revisions"}],"wp:featuredmedia":[{"embeddable":true,"href":"https:\/\/www.luxor.cz\/blog\/wp-json\/wp\/v2\/media\/16625"}],"wp:attachment":[{"href":"https:\/\/www.luxor.cz\/blog\/wp-json\/wp\/v2\/media?parent=16624"}],"wp:term":[{"taxonomy":"category","embeddable":true,"href":"https:\/\/www.luxor.cz\/blog\/wp-json\/wp\/v2\/categories?post=16624"},{"taxonomy":"post_tag","embeddable":true,"href":"https:\/\/www.luxor.cz\/blog\/wp-json\/wp\/v2\/tags?post=16624"}],"curies":[{"name":"wp","href":"https:\/\/api.w.org\/{rel}","templated":true}]}}