{"id":16050,"date":"2021-09-06T13:15:11","date_gmt":"2021-09-06T11:15:11","guid":{"rendered":"https:\/\/www.luxor.cz\/blog\/?p=16050"},"modified":"2021-08-18T13:56:07","modified_gmt":"2021-08-18T11:56:07","slug":"pribeh-detstvi-ze-zeleneho-ostrova","status":"publish","type":"post","link":"https:\/\/www.luxor.cz\/blog\/recenze\/pribeh-detstvi-ze-zeleneho-ostrova\/","title":{"rendered":"P\u0159\u00edb\u011bh d\u011btstv\u00ed ze zelen\u00e9ho ostrova"},"content":{"rendered":"<p><strong>Irsko. Pro v\u011bt\u0161inu lid\u00ed romantick\u00e1 krajina, zelen\u00fd ostrov p\u0159ekypuj\u00edc\u00ed mil\u00fdmi lidmi, dobr\u00fdm pivem a spletitou histori\u00ed. Ov\u0161em, kdy\u017e jste \u010dty\u0159let\u00fd kluk a kolem zu\u0159\u00ed hospod\u00e1\u0159sk\u00e1 krize, u\u017e se to zd\u00e1 m\u00e9n\u011b romantick\u00e9. P\u0159esto v\u0161ak irsk\u00fd spisovatel Frank McCourt dok\u00e1zal napsat o sv\u00e9m pohnut\u00e9m d\u011btstv\u00ed n\u00e1dhern\u00fd rom\u00e1n <a href=\"https:\/\/www.luxor.cz\/product\/andelin-popel-zbo000421642\">And\u011blin popel<\/a>.<\/strong><\/p>\n<p><strong>Frank McCourt<\/strong> se narodil v\u00a0Brooklynu v\u00a0dob\u011b hospod\u00e1\u0159sk\u00e9 krize. V\u00a0dob\u011b, kdy z\u00a0Irska prchali tis\u00edce lid\u00ed p\u0159ed hladem a str\u00e1d\u00e1n\u00edm do USA. Jeho rodi\u010de byli tou dobou tak\u00e9 \u010derstv\u00fdmi p\u0159ist\u011bhovalci a se Spojen\u00fdmi st\u00e1ty se teprve s\u017e\u00edvali. Pak ale ud\u011blali n\u011bco nep\u0159edstaviteln\u00e9ho \u2013 p\u0159est\u011bhovali se s\u00a0celou rodinou zp\u011bt do zubo\u017een\u00e9ho Limericku.<\/p>\n<p>Dle historick\u00fdch pramen\u016f v\u00edme, \u017ee \u017eivot v\u00a0Irsku t\u011bch \u010das\u016f skute\u010dn\u011b nebyl \u017e\u00e1dn\u00fd med a s\u00e1m autor to dosv\u011bd\u010duje vynikaj\u00edc\u00edm autobiografick\u00fdm rom\u00e1nem, jen\u017e za\u010d\u00edn\u00e1 slovy: <em>\u201eHor\u0161\u00ed, ne\u017e oby\u010dejn\u00e9 b\u00eddn\u00e9 d\u011btstv\u00ed je b\u00eddn\u00e9 irsk\u00e9 d\u011btstv\u00ed, a je\u0161t\u011b hor\u0161\u00ed je b\u00eddn\u00e9 irsk\u00e9 katolick\u00e9 d\u011btstv\u00ed,\u201c<\/em> a div\u00ed se, \u017ee se v\u016fbec do\u017eil tolika let, aby se mohl se sv\u00fdm p\u0159\u00edb\u011bhem sv\u011b\u0159it.<\/p>\n<p>Nemus\u00edte se ale ani v\u00a0nejmen\u0161\u00edm b\u00e1t n\u011bjak\u00e9ho sladkoboln\u00e9ho p\u0159\u00edb\u011bhu ve stylu Olivera Twista, <a href=\"https:\/\/www.luxor.cz\/product\/andelin-popel-zbo000421642\"><strong>And\u011blin popel<\/strong><\/a> je sv\u011b\u017e\u00ed, humorn\u00fd rom\u00e1n, vypr\u00e1v\u011bn\u00fd vybrou\u0161en\u00fdmi slovy a s p\u0159ekvapuj\u00edc\u00edm nadhledem. Je a\u017e k\u00a0neuv\u011b\u0159en\u00ed, jak kouzeln\u011b m\u011bn\u00ed McCourt sv\u00e9 hladov\u011bn\u00ed, b\u00eddu, otcovo pit\u00ed, mat\u010dinu zvr\u00e1cenou pobo\u017enost, a v\u016fbec cel\u00fd koloto\u010d sv\u00e9ho podivn\u00e9ho d\u011btstv\u00ed, v\u00a0satiru a \u010dten\u00e1\u0159i se na rtech objevuje osvobozuj\u00edc\u00ed \u00fasm\u011bv.<\/p>\n<p>Matka se s\u00a0minim\u00e1ln\u00ed finan\u010dn\u00ed \u010d\u00e1stkou, kterou otec velmi \u010dasto zvl\u00e1dne prop\u00edt, sna\u017e\u00ed udr\u017eet na\u017eivu p\u011bti\u010dlennou rodinu. Otec odch\u00e1z\u00ed hledat pr\u00e1ci a vrac\u00ed se v\u00a0podrou\u0161en\u00e9m stavu, a jejich d\u011bti se pl\u00e1caj\u00ed od ni\u010deho k\u00a0ni\u010demu, to v\u0161e pod rou\u0161kou trval\u00e9ho limerick\u00e9ho de\u0161t\u011b. Jeden by \u0159ekl, \u017ee z\u00a0takov\u00fdch strast\u00ed nem\u016f\u017ee vzniknout dobr\u00fd, nato\u017e vynikaj\u00edc\u00ed rom\u00e1n, kter\u00fd se v\u00a0sou\u010dasn\u00e9 dob\u011b ji\u017e \u0159ad\u00ed mezi liter\u00e1rn\u00ed klasiku. <a href=\"https:\/\/www.luxor.cz\/product\/andelin-popel-zbo000421642\"><strong>And\u011blin popel<\/strong><\/a>, kter\u00fd ned\u00e1vno vy\u0161el v\u00a0nov\u00e9m, revidovan\u00e9m p\u0159ekladu po osmn\u00e1cti letech, se do\u010dkal tak\u00e9 slavn\u00e9ho filmov\u00e9ho zpracov\u00e1n\u00ed s\u00a0Emily Watsonovou a Robertem Carlylem v\u00a0hlavn\u00edch rol\u00edch.<\/p>\n<p>Nechte se vt\u00e1hnout do mokr\u00e9ho m\u011bsta Limerick, kde defiluj\u00ed postavy jako pr\u00e1v\u011b vyta\u017een\u00e9 z\u00a0Dickense a u\u017eijte si p\u0159\u00edb\u011bh mu\u017ee, kter\u00fd se d\u00edky sv\u00e9mu b\u00eddn\u00e9mu irsk\u00e9mu katolick\u00e9m d\u011btstv\u00ed natrvalo za\u0159adil mezi liter\u00e1rn\u00ed klasiky. Uji\u0161\u0165uji v\u00e1s, \u017ee se s\u00a0<strong>Frankem McCourtem<\/strong> nebudete ani chvilku nudit a k\u00a0rom\u00e1nu <a href=\"https:\/\/www.luxor.cz\/product\/andelin-popel-zbo000421642\"><strong>And\u011blin popel<\/strong><\/a> se je\u0161t\u011b mnohokr\u00e1t s\u00a0chut\u00ed vr\u00e1t\u00edte.<\/p>\n<p>Helena Herynkov\u00e1<\/p>\n","protected":false},"excerpt":{"rendered":"<p>Irsko. Pro v\u011bt\u0161inu lid\u00ed romantick\u00e1 krajina, zelen\u00fd ostrov p\u0159ekypuj\u00edc\u00ed mil\u00fdmi lidmi, dobr\u00fdm pivem a spletitou histori\u00ed. Ov\u0161em, kdy\u017e jste \u010dty\u0159let\u00fd kluk a kolem zu\u0159\u00ed hospod\u00e1\u0159sk\u00e1 krize, u\u017e se to zd\u00e1 [&hellip;]<\/p>\n","protected":false},"author":4,"featured_media":16051,"comment_status":"closed","ping_status":"open","sticky":false,"template":"","format":"standard","meta":{"_acf_changed":false,"_monsterinsights_skip_tracking":false,"_monsterinsights_sitenote_active":false,"_monsterinsights_sitenote_note":"","_monsterinsights_sitenote_category":0,"_EventAllDay":false,"_EventTimezone":"","_EventStartDate":"","_EventEndDate":"","_EventStartDateUTC":"","_EventEndDateUTC":"","_EventShowMap":false,"_EventShowMapLink":false,"_EventURL":"","_EventCost":"","_EventCostDescription":"","_EventCurrencySymbol":"","_EventCurrencyCode":"","_EventCurrencyPosition":"","_EventDateTimeSeparator":"","_EventTimeRangeSeparator":"","_EventOrganizerID":[],"_EventVenueID":[],"_OrganizerEmail":"","_OrganizerPhone":"","_OrganizerWebsite":"","_VenueAddress":"","_VenueCity":"","_VenueCountry":"","_VenueProvince":"","_VenueState":"","_VenueZip":"","_VenuePhone":"","_VenueURL":"","_VenueStateProvince":"","_VenueLat":"","_VenueLng":"","_VenueShowMap":false,"_VenueShowMapLink":false,"twitterCardType":"","cardImageID":0,"cardImage":"","cardTitle":"","cardDesc":"","cardImageAlt":"","cardPlayer":"","cardPlayerWidth":0,"cardPlayerHeight":0,"cardPlayerStream":"","cardPlayerCodec":"","footnotes":""},"categories":[7],"tags":[20689,21494,21578,21577,50,51,18349,21580,21579],"class_list":["post-16050","post","type-post","status-publish","format-standard","has-post-thumbnail","hentry","category-recenze","tag-deti","tag-detstvi","tag-frank-mccourt","tag-hospodarska-krize","tag-humor","tag-irsko","tag-klasika","tag-nove-vydani","tag-prostor"],"acf":{"related_products":null},"_links":{"self":[{"href":"https:\/\/www.luxor.cz\/blog\/wp-json\/wp\/v2\/posts\/16050","targetHints":{"allow":["GET"]}}],"collection":[{"href":"https:\/\/www.luxor.cz\/blog\/wp-json\/wp\/v2\/posts"}],"about":[{"href":"https:\/\/www.luxor.cz\/blog\/wp-json\/wp\/v2\/types\/post"}],"author":[{"embeddable":true,"href":"https:\/\/www.luxor.cz\/blog\/wp-json\/wp\/v2\/users\/4"}],"replies":[{"embeddable":true,"href":"https:\/\/www.luxor.cz\/blog\/wp-json\/wp\/v2\/comments?post=16050"}],"version-history":[{"count":0,"href":"https:\/\/www.luxor.cz\/blog\/wp-json\/wp\/v2\/posts\/16050\/revisions"}],"wp:featuredmedia":[{"embeddable":true,"href":"https:\/\/www.luxor.cz\/blog\/wp-json\/wp\/v2\/media\/16051"}],"wp:attachment":[{"href":"https:\/\/www.luxor.cz\/blog\/wp-json\/wp\/v2\/media?parent=16050"}],"wp:term":[{"taxonomy":"category","embeddable":true,"href":"https:\/\/www.luxor.cz\/blog\/wp-json\/wp\/v2\/categories?post=16050"},{"taxonomy":"post_tag","embeddable":true,"href":"https:\/\/www.luxor.cz\/blog\/wp-json\/wp\/v2\/tags?post=16050"}],"curies":[{"name":"wp","href":"https:\/\/api.w.org\/{rel}","templated":true}]}}