{"id":15782,"date":"2021-07-20T14:23:26","date_gmt":"2021-07-20T12:23:26","guid":{"rendered":"https:\/\/www.luxor.cz\/blog\/?p=15782"},"modified":"2021-06-30T14:33:13","modified_gmt":"2021-06-30T12:33:13","slug":"fenomen-knizni-sagy","status":"publish","type":"post","link":"https:\/\/www.luxor.cz\/blog\/knizni-zajimavosti\/fenomen-knizni-sagy\/","title":{"rendered":"Fenom\u00e9n: Kni\u017en\u00ed s\u00e1gy"},"content":{"rendered":"<p><strong>Pro\u010d je milujeme? Proto\u017ee se neradi lou\u010d\u00edme s postavami, kter\u00e9 jsme si b\u011bhem n\u011bkolika spole\u010dn\u00fdch ve\u010der\u016f obl\u00edbili. Zvykli si na n\u011b. Proto\u017ee chceme sledovat jejich p\u0159\u00edb\u011bh d\u00e1l.<\/strong><\/p>\n<p>Do\u010d\u00edst kn\u00ed\u017eku v\u017edycky neznamen\u00e1 radostnou ud\u00e1lost. N\u011bkdy se se sv\u00fdmi hrdiny lou\u010d\u00edte t\u011b\u017eko, \u0159\u00edk\u00e1te si, jak by asi jejich \u017eivot pokra\u010doval, co by je potkalo, s jak\u00fdmi zvraty by se museli vyrovnat. Na\u0161t\u011bst\u00ed se na n\u011bkter\u00e9 autory m\u016f\u017eete spolehnout. Jejich dom\u00e9nou jsou rodinn\u00e9 s\u00e1gy ve stylu historie rodiny Forsythov\u00fdch nebo milostn\u00e9ho dobrodru\u017estv\u00ed d\u00edvky Belly a up\u00edra Edwarda. Z\u00e1rukou pro milovn\u00edky \u2013 alespo\u0148 \u2013 trilogi\u00ed je n\u011bmeck\u00e1 spisovatelka <strong>Anne Jacobsov\u00e1<\/strong>.<\/p>\n<p><a href=\"https:\/\/www.luxor.cz\/serie\/pansky-dum-s0002317\"><strong>Pansk\u00fd d\u016fm<\/strong><\/a><br \/>\nNa za\u010d\u00e1tku prvn\u00ed s\u00e1gy <strong>Anne Jacobsov\u00e9<\/strong> se ocit\u00e1me v&nbsp;Augsburgu v roce 1913. Mlad\u00e1 Marie nastupuje jako kuchy\u0148sk\u00e1 pomocnice v impozantn\u00ed vile, s\u00eddle pr\u016fmyslnick\u00e9 rodiny Melzer\u016f. Zat\u00edmco si d\u011bv\u010de ze sirot\u010dince vydob\u00fdv\u00e1 sv\u00e9 m\u00edsto mezi person\u00e1lem, panstvo si u\u017e\u00edv\u00e1 zimn\u00ed plesov\u00e9 sezony, v n\u00ed\u017e m\u00e1 b\u00fdt uvedena do spole\u010dnosti nejmlad\u0161\u00ed, kr\u00e1sn\u00e1 dcera Katharina. Jenom Paul, d\u011bdic rodiny, se dr\u017e\u00ed stranou spole\u010densk\u00e9ho mumraje \u2013 dokud nepotk\u00e1 Marii&#8230;<\/p>\n<p>S <strong>Pansk\u00fdm domem a jeho dcerami<\/strong> se ocit\u00e1me v okam\u017eiku, kdy si Marie a Paul Melzerovi u\u017e\u00edvaj\u00ed rodinn\u00e9ho \u017eivota, kdy\u017e vypukne prvn\u00ed sv\u011btov\u00e1 v\u00e1lka a mu\u017ei narukuj\u00ed na frontu. Paul jako d\u011bdic pr\u016fmyslnick\u00e9 rodiny je zpo\u010d\u00e1tku zpro\u0161t\u011bn vojensk\u00e9 povinnosti, nebo\u0165 je pot\u0159ebn\u00fd doma jako odborn\u00edk v tov\u00e1rn\u011b. Jen\u017ee i on posl\u00e9ze dostane povol\u00e1vac\u00ed rozkaz \u2013 a pr\u00e1v\u011b v den, kdy Marie rod\u00ed jejich dvoj\u010data. Marie se v\u0161ak nezalekne \u017e\u00e1dn\u00e9 p\u0159ek\u00e1\u017eky. Brzy pochop\u00ed, \u017ee je na tom melzerovsk\u00e1 textilka \u0161patn\u011b, a pust\u00ed se do boje za zachov\u00e1n\u00ed rodinn\u00e9ho d\u011bdictv\u00ed. Jej\u00ed pomoc pot\u0159ebuj\u00ed i ob\u011b \u0161vagrov\u00e9 Kitty a Elisabeth. Pozd\u011bji ale dostane zlou zpr\u00e1vu, \u017ee Paul padl do zajet\u00ed. A z\u00e1hy nato se objev\u00ed jeho p\u0159\u00edtel, elegantn\u00ed Ernst von Klippstein, kter\u00fd \u010d\u00edm d\u00e1l v\u00edc vyhled\u00e1v\u00e1 jej\u00ed bl\u00edzkost&#8230;<\/p>\n<p><strong>T\u0159et\u00ed pokra\u010dov\u00e1n\u00ed<\/strong> m\u011blo b\u00fdt z\u00e1v\u011brem s\u00e1gy. Augsburg, 1920. Paul Melzer se po n\u00e1vratu z rusk\u00e9ho zajet\u00ed ujal veden\u00ed tov\u00e1rny a dopomohl rodinn\u00e9 firm\u011b z\u00edskat zp\u011bt starou sl\u00e1vu. Jeho sestra Elisabeth se se svou novou l\u00e1skou nastehuje zp\u00e1tky do rodn\u00e9ho domu. Paulova \u017eena Marie si spln\u00ed sv\u016fj d\u00e1vn\u00fd sen: otev\u0159e si m\u00f3dn\u00ed ateli\u00e9r. Jej\u00ed modely slav\u00ed \u00fasp\u011bchy, ale st\u00e1le \u010dast\u011bji doch\u00e1z\u00ed ke spor\u016fm s Paulem. Marie nakonec jednoho dne sebere d\u011bti a z pansk\u00e9ho domu se odst\u011bhuje. Kola osudu nab\u00edraj\u00ed na rychlosti\u2026 Ale p\u0159ibyl je\u0161t\u011b d\u00edl \u010dtvrt\u00fd s podtitulem <a href=\"https:\/\/www.luxor.cz\/product\/pansky-dum-navrat-zbo000401461\"><strong>N\u00e1vrat<\/strong><\/a> a s d\u011bjem v roce 1930. Marie a Paul jsou \u0161\u0165astn\u00ed a jejich l\u00e1ska je siln\u011bj\u0161\u00ed ne\u017e kdy jindy. Nav\u00edc je korunov\u00e1na t\u0159et\u00edm d\u00edt\u011btem, v t\u00e9 dob\u011b \u010dty\u0159let\u00fdm Kurtim. Sv\u011btov\u00e1 hospod\u00e1\u0159sk\u00e1 krize a t\u011b\u017ek\u00e9 casy v\u0161ak dolehnou i na Paula, kter\u00fd mus\u00ed bojovat o p\u0159e\u017eit\u00ed textiln\u00ed tov\u00e1rny. Kdy\u017e n\u00e1hle t\u011b\u017ece onemocn\u00ed, je zase jednou na Marii, aby zachr\u00e1nila podnik p\u0159ed krachem. Ve h\u0159e toti\u017e nen\u00ed nic men\u0161\u00edho ne\u017e osud cel\u00e9 rodiny.<\/p>\n<p><img fetchpriority=\"high\" decoding=\"async\" class=\"alignnone size-full wp-image-15783\" src=\"https:\/\/www.luxor.cz\/blog\/wp-content\/uploads\/s\u00e1gy-blog-4.png\" alt=\"\" width=\"780\" height=\"519\" title=\"\" srcset=\"https:\/\/www.luxor.cz\/blog\/wp-content\/uploads\/s\u00e1gy-blog-4.png 780w, https:\/\/www.luxor.cz\/blog\/wp-content\/uploads\/s\u00e1gy-blog-4-600x399.png 600w, https:\/\/www.luxor.cz\/blog\/wp-content\/uploads\/s\u00e1gy-blog-4-300x200.png 300w, https:\/\/www.luxor.cz\/blog\/wp-content\/uploads\/s\u00e1gy-blog-4-768x511.png 768w\" sizes=\"(max-width: 780px) 100vw, 780px\" \/><\/p>\n<p><strong><a href=\"https:\/\/www.luxor.cz\/serie\/venkovske-sidlo-s0002896\">Venkovsk\u00e9 s\u00eddlo<\/a><br \/>\n\u010casy se m\u011bn\u00ed<\/strong>, <strong>Bou\u0159liv\u00e9 \u010dasy<\/strong> a <strong>Zlat\u00e9 \u010dasy<\/strong>. To je trilogie <strong>Venkovsk\u00e9 s\u00eddlo<\/strong>. V prvn\u00edm d\u00edle Franziska na\u0161la star\u00fd domov a ve Waltrovi svou velkou l\u00e1sku. Vnu\u010dka Jenny ud\u011bl\u00e1 v\u0161echno, aby si na rodinn\u00e9 usedlosti vybudovala svou budoucnost, a je \u0161\u0165astn\u00e1 s Ullim, jemu\u017e se slibn\u011b rozb\u00edh\u00e1 podnik\u00e1n\u00ed v&nbsp;p\u016fj\u010dovn\u011b lod\u00ed. Jen\u017ee nov\u011b otev\u0159en\u00e1 restaurace neprosperuje a p\u0159i stavebn\u00edch prac\u00edch ve sklep\u011b dojde k n\u00e1lezu, kter\u00fd o\u017eiv\u00ed d\u00e1vno zapomenutou historii.<\/p>\n<p><strong>Druh\u00fd d\u00edl<\/strong> n\u00e1s zavede za Franziskou a Walterem, kte\u0159\u00ed u\u017e jsou po dlouh\u00fdch letech kone\u010dn\u011b svoji. V\u0161echno mohlo b\u00fdt kr\u00e1sn\u00e9 neb\u00fdt rodiny, kter\u00e1 se odm\u00edt\u00e1 usm\u00ed\u0159it. Vytou\u017een\u00e1 svatebn\u00ed cesta jim poskytne mo\u017enost o\u017eivit vzpom\u00ednky. Zvl\u00e1\u0161t\u011b pro Waltra je d\u016fle\u017eit\u00e9 vypov\u011bd\u011bt Franzisce, co se opravdu odehr\u00e1lo v on\u011bch hr\u016fzn\u00fdch letech v\u00e1lky, pro\u010d se navzdory tomu, \u017ee se tolik milovali, nemohli vz\u00edt\u2026<\/p>\n<p>A z\u00e1v\u011br s\u00e1gy? <strong>Zlat\u00e9 \u010dasy<\/strong>. Kdy\u017e sedmdes\u00e1tilet\u00e1 Franziska kr\u00e1tce po p\u00e1du Berl\u00ednsk\u00e9 zdi nav\u0161t\u00edv\u00ed b\u00fdval\u00e9 rodinn\u00e9 panstv\u00ed Dranitz ve v\u00fdchodn\u00edm N\u011bmecku, je rozhodnut\u00e1 z\u016fstat tady u\u017e natrvalo. V pohnut\u00fdch \u010dasech v\u00e1lky musela jej\u00ed rodina venkovsk\u00e9 s\u00eddlo na p\u0159\u00edkaz sov\u011btsk\u00e9 okupa\u010dn\u00ed spr\u00e1vy opustit. Touha po domov\u011b v\u0161ak Franzisku nikdy neopustila. Vyno\u0159uj\u00ed se vzpom\u00ednky na bezstarostn\u00e9 d\u011btstv\u00ed, na ztr\u00e1tu rodi\u010d\u016f a sourozenc\u016f, i na prvn\u00ed velkou l\u00e1sku\u2026<\/p>\n<p><img decoding=\"async\" class=\"alignnone size-full wp-image-15784\" src=\"https:\/\/www.luxor.cz\/blog\/wp-content\/uploads\/s\u00e1gy-blog-6.png\" alt=\"\" width=\"780\" height=\"519\" title=\"\" srcset=\"https:\/\/www.luxor.cz\/blog\/wp-content\/uploads\/s\u00e1gy-blog-6.png 780w, https:\/\/www.luxor.cz\/blog\/wp-content\/uploads\/s\u00e1gy-blog-6-600x399.png 600w, https:\/\/www.luxor.cz\/blog\/wp-content\/uploads\/s\u00e1gy-blog-6-300x200.png 300w, https:\/\/www.luxor.cz\/blog\/wp-content\/uploads\/s\u00e1gy-blog-6-768x511.png 768w\" sizes=\"(max-width: 780px) 100vw, 780px\" \/><\/p>\n<p><a href=\"https:\/\/www.luxor.cz\/serie\/kavarna-u-andela-s0003166\"><strong>Kav\u00e1rna u And\u011bla<\/strong><\/a><br \/>\nS touto s\u00e1gou m\u016f\u017eete \u017e\u00edt jedn\u00edm kr\u00e1sn\u00fdm m\u00edstem ve Wiesbadenu. Prvn\u00ed d\u00edl s podtitulem <strong>Nov\u00e1 doba<\/strong> v\u00e1s zavede do roku 1945. Mlad\u00e1 Hilda sotva dok\u00e1\u017ee uv\u011b\u0159it sv\u00e9mu \u0161t\u011bst\u00ed. V\u00e1lka skon\u010dila a kav\u00e1rna U And\u011bla z\u016fstala jako z\u00e1zrakem u\u0161et\u0159ena. P\u0159es v\u0161echny p\u0159ek\u00e1\u017eky chce tento rodinn\u00fd podnik s bohatou tradic\u00ed op\u011bt u\u010dinit skv\u011bl\u00fdm m\u00edstem setk\u00e1v\u00e1n\u00ed v\u00fdznamn\u00fdch osobnost\u00ed, \u010d\u00edm\u017e byl proslul\u00fd d\u0159\u00edve. Mlad\u00fd m\u00edr v\u0161ak ji\u017e brzy zkal\u00ed prvn\u00ed konflikty. Kdy\u017e p\u0159ijde do kav\u00e1rny p\u016fvabn\u00e1 mlad\u00e1 \u017eena a p\u0159edstav\u00ed se jako jej\u00ed sest\u0159enice Luisa, vyvol\u00e1 to v Hilde ned\u016fv\u011bru. Kdo je tahle z\u00e1hadn\u00e1 Luisa, kter\u00e1 se z V\u00fdchodn\u00edho Pruska dostala a\u017e do Wiesbadenu? Nar\u016fstaj\u00edc\u00ed rivalita mezi ob\u011bma \u017eenami ohro\u017euje harmonickou atmosf\u00e9ru v kav\u00e1rn\u011b. Dokud Hilda i Luisa nakonec nepochop\u00ed, \u017ee maj\u00ed cosi spole\u010dn\u00e9ho \u2013 tajemstv\u00ed z v\u00e1le\u010dn\u00e9 doby, je\u017e je dodnes d\u011bs\u00ed.<\/p>\n<p><strong>Druh\u00fd d\u00edl<\/strong> strhuj\u00edc\u00edho p\u0159\u00edb\u011bhu jedn\u00e9 kav\u00e1rensk\u00e9 dynastie v prom\u011bn\u00e1ch 20. stolet\u00ed, <strong>Osudov\u00e1 l\u00e9ta<\/strong>, za\u010d\u00ednaj\u00ed v roce 1951. <strong>Kav\u00e1rnu U And\u011bla<\/strong> zase \u010dekaj\u00ed bou\u0159liv\u00e9 \u010dasy. Hned vedle tradi\u010dn\u00ed kav\u00e1rny rodiny Kochov\u00fdch vzbud\u00ed pozornost jeden konkurent se smyslem pro modernost. Zat\u00edmco se Hilda zoufale sna\u017e\u00ed p\u0159esv\u011bd\u010dit sv\u00e9 rodi\u010de, \u017ee je t\u0159eba kav\u00e1rnu modernizovat, je ohro\u017eena i jej\u00ed t\u011b\u017ece vydobyt\u00e1 l\u00e1ska. Se \u0161t\u011bst\u00edm obou jej\u00edch bratr\u016f to nen\u00ed o nic lep\u0161\u00ed: Wilhelm, obdivovan\u00fd \u017eenami, se zapl\u00e9t\u00e1 do povrchn\u00edch milostn\u00fdch hr\u00e1tek, p\u0159i\u010dem\u017e jeho srdce tou\u017e\u00ed po \u017eene, kter\u00e1 je pro n\u011bho nedosa\u017eiteln\u00e1. A jeho star\u0161\u00ed bratr August se nav\u00edc po sv\u00e9m n\u00e1vratu z rusk\u00e9ho v\u00e1le\u010dn\u00e9ho zajet\u00ed zamiluje do mlad\u00e9 Rusky, ani\u017e tu\u0161\u00ed, \u017ee jeho volba hroz\u00ed roz\u0161t\u011bpit rodinu\u2026<\/p>\n<p>Zat\u00edm posledn\u00ed, <strong>t\u0159et\u00ed pokra\u010dov\u00e1n\u00ed<\/strong> nese podtitul <strong>Dcery nad\u011bje<\/strong>. P\u00ed\u0161e se rok 1959. Kav\u00e1rnu U And\u011bla nyn\u00ed vede dcera Hilda a vn\u00e1\u0161\u00ed do tradi\u010dn\u00edho domu sv\u011b\u017e\u00ed v\u00edtr. Skute\u010dnou \u0161\u0165astnou hv\u011bzdou se pro podnik stane nov\u00fd cukr\u00e1\u0159, jeho\u017e sv\u016fdn\u00e9 dortov\u00e9 kreace l\u00e1kaj\u00ed \u010d\u00edm d\u00e1l v\u00edc host\u016f. Hilda a jej\u00ed sest\u0159enice Luisa v\u0161ak maj\u00ed obavy o sv\u00e9 osobn\u00ed \u0161t\u011bst\u00ed. Zat\u00edmco Hildin Jean-Jacques tr\u00e1v\u00ed posledn\u00ed dobou hodn\u011b \u010dasu s p\u016fvabnou Francouzkou, kter\u00e1 vypom\u00e1h\u00e1 v jeho vina\u0159stv\u00ed, zd\u00e1 se, \u017ee Luisin man\u017eel Fritz p\u0159ed n\u00ed n\u011bco taj\u00ed. Kdy\u017e n\u00e1hle doraz\u00ed dopis, kter\u00fd znovu otev\u0159e star\u00e9 r\u00e1ny z doby v\u00e1lky, je to v\u00fdzva pro ka\u017ed\u00e9ho \u010dlena rodiny. Jde o existenci kav\u00e1rny U And\u011bla&#8230;<\/p>\n<p><img decoding=\"async\" class=\"alignnone size-full wp-image-15785\" src=\"https:\/\/www.luxor.cz\/blog\/wp-content\/uploads\/s\u00e1gy-blog-2.png\" alt=\"\" width=\"780\" height=\"519\" title=\"\" srcset=\"https:\/\/www.luxor.cz\/blog\/wp-content\/uploads\/s\u00e1gy-blog-2.png 780w, https:\/\/www.luxor.cz\/blog\/wp-content\/uploads\/s\u00e1gy-blog-2-600x399.png 600w, https:\/\/www.luxor.cz\/blog\/wp-content\/uploads\/s\u00e1gy-blog-2-300x200.png 300w, https:\/\/www.luxor.cz\/blog\/wp-content\/uploads\/s\u00e1gy-blog-2-768x511.png 768w\" sizes=\"(max-width: 780px) 100vw, 780px\" \/><\/p>\n<p><a href=\"https:\/\/www.luxor.cz\/product\/nebe-nad-kilimandzarem-zbo000397572\"><strong>Nebe nad Kilimand\u017e\u00e1rem<\/strong><\/a><br \/>\nTohle je naprost\u00e1 novinka. Ale jestli dok\u00e1\u017eeme p\u0159edv\u00eddat, tipujeme, \u017ee nez\u016fstane u jedn\u00e9 knihy. Charlotta Harmsenov\u00e1 sn\u00ed o dalek\u00e9m sv\u011bt\u011b a cest\u00e1ch do exotick\u00fdch zem\u00ed a nijak neposp\u00edch\u00e1 s man\u017eelsk\u00fdm svazkem. Je j\u00ed dvaadvacet let, kdy\u017e dostane nab\u00eddku k s\u0148atku od mnohem star\u0161\u00edho Christiana Ohlsena. Jeho obchod, kde se prod\u00e1v\u00e1 exotick\u00e9 ko\u0159en\u00ed, tab\u00e1k a zbo\u017e\u00ed ze z\u00e1mo\u0159\u00ed, ji fascinuje natolik, \u017ee nab\u00eddku p\u0159ijme. Ale zanedlouho toho trpce lituje. Christian ji podv\u00e1d\u00ed, a nav\u00edc stoj\u00ed p\u0159ed finan\u010dn\u00edm krachem. Charlotta si uv\u011bdomuje, \u017ee maj\u00ed jen jedinou \u0161anci na budoucnost \u2013 opustit rodnou zemi a kdesi daleko za\u010d\u00edt nov\u00fd \u017eivot.<\/p>\n<p><img loading=\"lazy\" decoding=\"async\" class=\"alignnone size-full wp-image-15786\" src=\"https:\/\/www.luxor.cz\/blog\/wp-content\/uploads\/s\u00e1gy-blog-1.png\" alt=\"\" width=\"780\" height=\"519\" title=\"\" srcset=\"https:\/\/www.luxor.cz\/blog\/wp-content\/uploads\/s\u00e1gy-blog-1.png 780w, https:\/\/www.luxor.cz\/blog\/wp-content\/uploads\/s\u00e1gy-blog-1-600x399.png 600w, https:\/\/www.luxor.cz\/blog\/wp-content\/uploads\/s\u00e1gy-blog-1-300x200.png 300w, https:\/\/www.luxor.cz\/blog\/wp-content\/uploads\/s\u00e1gy-blog-1-768x511.png 768w\" sizes=\"(max-width: 780px) 100vw, 780px\" \/><\/p>\n<p><strong>ANNE JACOBSOV\u00c1<\/strong><br \/>\n<em>N\u011bmeck\u00e1 spisovatelka. Narodila se a vyr\u016fstala v Doln\u00edm Sasku. Talent pro psan\u00ed nejsp\u00ed\u0161 zd\u011bdila po sv\u00e9m otci Kurtu Sellnickovi, autorovi n\u011bkolika divadeln\u00edch her. Je vystudovan\u00e1 st\u0159edo\u0161kolsk\u00e1 u\u010ditelka hudby a n\u011bm\u010diny, pracuje v knihkupectv\u00ed. Je autorkou \u0159ady \u00fasp\u011b\u0161n\u00fdch historick\u00fdch rom\u00e1nu a exotick\u00fdch s\u00e1g, p\u0159edev\u0161\u00edm bestselleru Pansk\u00fd d\u016fm, p\u00ed\u0161e tak\u00e9 pod pseudonymy Marie Lamballe nebo Leah Bach.<\/em><\/p>\n","protected":false},"excerpt":{"rendered":"<p>Pro\u010d je milujeme? Proto\u017ee se neradi lou\u010d\u00edme s postavami, kter\u00e9 jsme si b\u011bhem n\u011bkolika spole\u010dn\u00fdch ve\u010der\u016f obl\u00edbili. Zvykli si na n\u011b. Proto\u017ee chceme sledovat jejich p\u0159\u00edb\u011bh d\u00e1l. Do\u010d\u00edst kn\u00ed\u017eku v\u017edycky [&hellip;]<\/p>\n","protected":false},"author":2,"featured_media":15787,"comment_status":"closed","ping_status":"open","sticky":false,"template":"","format":"standard","meta":{"_acf_changed":false,"_monsterinsights_skip_tracking":false,"_monsterinsights_sitenote_active":false,"_monsterinsights_sitenote_note":"","_monsterinsights_sitenote_category":0,"_EventAllDay":false,"_EventTimezone":"","_EventStartDate":"","_EventEndDate":"","_EventStartDateUTC":"","_EventEndDateUTC":"","_EventShowMap":false,"_EventShowMapLink":false,"_EventURL":"","_EventCost":"","_EventCostDescription":"","_EventCurrencySymbol":"","_EventCurrencyCode":"","_EventCurrencyPosition":"","_EventDateTimeSeparator":"","_EventTimeRangeSeparator":"","_EventOrganizerID":[],"_EventVenueID":[],"_OrganizerEmail":"","_OrganizerPhone":"","_OrganizerWebsite":"","_VenueAddress":"","_VenueCity":"","_VenueCountry":"","_VenueProvince":"","_VenueState":"","_VenueZip":"","_VenuePhone":"","_VenueURL":"","_VenueStateProvince":"","_VenueLat":"","_VenueLng":"","_VenueShowMap":false,"_VenueShowMapLink":false,"twitterCardType":"","cardImageID":0,"cardImage":"","cardTitle":"","cardDesc":"","cardImageAlt":"","cardPlayer":"","cardPlayerWidth":0,"cardPlayerHeight":0,"cardPlayerStream":"","cardPlayerCodec":"","footnotes":""},"categories":[6],"tags":[21481,21482,21479,21480,21483,21484],"class_list":["post-15782","post","type-post","status-publish","format-standard","has-post-thumbnail","hentry","category-knizni-zajimavosti","tag-anne-jacobs","tag-anne-jacobsova","tag-knizni-saga","tag-rodinna-saga","tag-romanticka","tag-saga-rodu-forsythu"],"acf":{"related_products":null},"_links":{"self":[{"href":"https:\/\/www.luxor.cz\/blog\/wp-json\/wp\/v2\/posts\/15782","targetHints":{"allow":["GET"]}}],"collection":[{"href":"https:\/\/www.luxor.cz\/blog\/wp-json\/wp\/v2\/posts"}],"about":[{"href":"https:\/\/www.luxor.cz\/blog\/wp-json\/wp\/v2\/types\/post"}],"author":[{"embeddable":true,"href":"https:\/\/www.luxor.cz\/blog\/wp-json\/wp\/v2\/users\/2"}],"replies":[{"embeddable":true,"href":"https:\/\/www.luxor.cz\/blog\/wp-json\/wp\/v2\/comments?post=15782"}],"version-history":[{"count":0,"href":"https:\/\/www.luxor.cz\/blog\/wp-json\/wp\/v2\/posts\/15782\/revisions"}],"wp:featuredmedia":[{"embeddable":true,"href":"https:\/\/www.luxor.cz\/blog\/wp-json\/wp\/v2\/media\/15787"}],"wp:attachment":[{"href":"https:\/\/www.luxor.cz\/blog\/wp-json\/wp\/v2\/media?parent=15782"}],"wp:term":[{"taxonomy":"category","embeddable":true,"href":"https:\/\/www.luxor.cz\/blog\/wp-json\/wp\/v2\/categories?post=15782"},{"taxonomy":"post_tag","embeddable":true,"href":"https:\/\/www.luxor.cz\/blog\/wp-json\/wp\/v2\/tags?post=15782"}],"curies":[{"name":"wp","href":"https:\/\/api.w.org\/{rel}","templated":true}]}}