{"id":15762,"date":"2021-07-12T12:12:15","date_gmt":"2021-07-12T10:12:15","guid":{"rendered":"https:\/\/www.luxor.cz\/blog\/?p=15762"},"modified":"2021-06-30T12:15:17","modified_gmt":"2021-06-30T10:15:17","slug":"vyzivne-videnske-zlociny","status":"publish","type":"post","link":"https:\/\/www.luxor.cz\/blog\/recenze\/vyzivne-videnske-zlociny\/","title":{"rendered":"V\u00fd\u017eivn\u00e9 v\u00edde\u0148sk\u00e9 zlo\u010diny"},"content":{"rendered":"<p><strong>Krimin\u00e1ln\u00ed p\u0159\u00edpady, zhusta p\u0159ipom\u00ednaj\u00edc\u00ed p\u0159\u00edb\u011bhy z\u00a0dob rady Vac\u00e1tka a jeho party. Roky, v\u00fdznamn\u00e9 pro rakouskou historii, a vy\u0161et\u0159ovatel, s\u00a0n\u00edm\u017e budete cht\u00edt p\u00e1trat. To v\u0161echno p\u0159edstavuje nov\u00e1 s\u00e9rie <a href=\"https:\/\/www.luxor.cz\/serie\/videnske-zlociny-ser0365\">V\u00edde\u0148sk\u00e9 zlo\u010diny<\/a>.<\/strong><\/p>\n<p><strong>Andreas Pittler<\/strong> je rakousk\u00fd spisovatel, jeho\u017e prarodi\u010de z\u00a0mat\u010diny strany poch\u00e1zeli z\u00a0\u010desk\u00fdch zem\u00ed, a je\u0161t\u011b za dob monarchie se p\u0159est\u011bhovali do V\u00eddn\u011b. Pittler vystudoval historii a pozd\u011bji se stal novin\u00e1\u0159em, historikem a napsal mnoho knih literatury faktu. V\u00a0roce 2000 se rozhodl vyu\u017e\u00edt sv\u00fdch historick\u00fdch znalost\u00ed a pustil se do psan\u00ed krimin\u00e1ln\u00edch rom\u00e1n\u016f. Jeho s\u00e9rie s\u00a0vy\u0161et\u0159ovatelem Davidem Bronsteinem, kterou v\u00e1m p\u0159edstavujeme, dos\u00e1hla nejen v\u00a0Rakousku mimo\u0159\u00e1dn\u00e9 obliby. Nyn\u00ed se do n\u00ed mohou za\u010d\u00edst tak\u00e9 \u010de\u0161t\u00ed amat\u00e9r\u0161t\u00ed detektivov\u00e9.<\/p>\n<p>Prvn\u00ed p\u0159\u00edb\u011bh ze s\u00e9rie, <a href=\"https:\/\/www.luxor.cz\/product\/videnske-zlociny-1-pripad-podivne-sebevrazdy-1913-zbo000377289\"><strong>1913: P\u0159\u00edpad podivn\u00e9 sebevra\u017edy<\/strong><\/a>, za\u010d\u00edn\u00e1 sebevra\u017edou bezv\u00fdznamn\u00e9ho rakousk\u00e9ho voj\u00e1ka. Nebo sp\u00ed\u0161e zd\u00e1nlivou sebevra\u017edou, kter\u00e1 se komisa\u0159i Davidu Bronsteinovi ani trochu nel\u00edb\u00ed. Sice by m\u011bl nechat celou situaci b\u00fdt, dobrovoln\u00e1 smrt z\u00a0ne\u0161\u0165astn\u00e9 l\u00e1sky p\u0159ece nen\u00ed nic pro kriminalisty, ale podivn\u00fd p\u0159\u00edpad mu ned\u00e1 sp\u00e1t. Jestli se mu povede v\u0161echno vyp\u00e1trat, zjist\u00ed \u010dten\u00e1\u0159i v\u00a0t\u00e9to \u010dtiv\u00e9 a z\u00e1rove\u0148 pou\u010dn\u00e9 knize. Jak jsme p\u0159edeslali, vyu\u017e\u00edv\u00e1 autor Andreas Pittler hojn\u011b a r\u00e1d sv\u00fdch znalost\u00ed z\u00a0historie, tak\u017ee se \u010dten\u00e1\u0159i b\u011bhem vy\u0161et\u0159ov\u00e1n\u00ed dozv\u011bd\u00ed tak\u00e9 zaj\u00edmav\u00e9 dobov\u00e9 souvislosti a \u201epotkaj\u00ed\u201c nap\u0159\u00edklad slavn\u00e9ho pra\u017esk\u00e9ho novin\u00e1\u0159e Egona Erwina Kische.<\/p>\n<p>Ve druh\u00e9 knize se posouv\u00e1me a\u017e do p\u0159elomov\u00e9ho roku 1918, kdy se Raku\u0161an\u00e9 lou\u010dili s pades\u00e1tiletou monarchi\u00ed. Pittler zde velmi sugestivn\u011b vyl\u00ed\u010dil atmosf\u00e9ru rozpadaj\u00edc\u00edho se mocn\u00e1\u0159stv\u00ed na pozad\u00ed dvou \u00fast\u0159edn\u00edch krimin\u00e1ln\u00edch p\u0159\u00edpad\u016f. Nyn\u00ed ji\u017e major David Bronstein se mus\u00ed vypo\u0159\u00e1dat s\u00a0vra\u017edou mlad\u00e9 \u017eeny a z\u00e1hadn\u00fdm zmizen\u00edm gener\u00e1lprapor\u010d\u00edka Wilhelma Spitzera von Grabensprunga. Zda-li spolu oba p\u0159\u00edpady souvisej\u00ed a jak se vy\u0161et\u0159ovatel dostane pachatel\u016fm na kobylku, u\u017e prozrad\u00ed krimirom\u00e1n <a href=\"https:\/\/www.luxor.cz\/product\/videnske-zlociny-1918-vrazda-na-konci-valky-zbo000411082\"><strong>1918: Vra\u017eda na konci v\u00e1lky<\/strong><\/a>.<\/p>\n<p>Tyto prvn\u00ed kousky ze s\u00e9rie V\u00edde\u0148sk\u00e9 zlo\u010diny, kter\u00e9 zat\u00edm spat\u0159ily sv\u011btlo sv\u011bta v\u00a0nakladatelstv\u00ed Hejkal, d\u00e1vaj\u00ed tu\u0161it, \u017ee bychom si sv\u00e9r\u00e1zn\u00e9ho vy\u0161et\u0159ovatele Davida Bronsteina a jeho p\u0159\u00edpady mohli snadno zamilovat. K\u00a0tomu se p\u0159id\u00e1v\u00e1 b\u00e1je\u010dn\u011b zachycen\u00fd genius loci star\u00e9 V\u00eddn\u011b, dramatick\u00e9 krimin\u00e1ln\u00ed z\u00e1pletky a neoceniteln\u00e9 propojen\u00ed se skute\u010dn\u00fdmi ud\u00e1lostmi a postavami. S\u00e9rie <strong>V\u00edde\u0148sk\u00e9 zlo\u010diny<\/strong> rozhodn\u011b pot\u011b\u0161\u00ed a pobav\u00ed v\u0161echny milovn\u00edky star\u00fdch dobr\u00fdch detektivn\u00edch p\u0159\u00edpad\u016f, historie na\u0161ich rakousk\u00fdch soused\u016f (kter\u00e1 zhusta souvis\u00ed tak\u00e9 s\u00a0n\u00e1mi), a k\u00a0tomu n\u00e1davkem i sympatick\u00fdch hlavn\u00edch hrdin\u016f. Vydejte se do V\u00eddn\u011b s komisa\u0159em Davidem a ur\u010dit\u011b neud\u011bl\u00e1te chybu.<\/p>\n<p>Helena Herynkov\u00e1<\/p>\n<p>&nbsp;<\/p>\n","protected":false},"excerpt":{"rendered":"<p>Krimin\u00e1ln\u00ed p\u0159\u00edpady, zhusta p\u0159ipom\u00ednaj\u00edc\u00ed p\u0159\u00edb\u011bhy z\u00a0dob rady Vac\u00e1tka a jeho party. Roky, v\u00fdznamn\u00e9 pro rakouskou historii, a vy\u0161et\u0159ovatel, s\u00a0n\u00edm\u017e budete cht\u00edt p\u00e1trat. To v\u0161echno p\u0159edstavuje nov\u00e1 s\u00e9rie V\u00edde\u0148sk\u00e9 zlo\u010diny. Andreas [&hellip;]<\/p>\n","protected":false},"author":4,"featured_media":15763,"comment_status":"open","ping_status":"open","sticky":false,"template":"","format":"standard","meta":{"_acf_changed":false,"_monsterinsights_skip_tracking":false,"_monsterinsights_sitenote_active":false,"_monsterinsights_sitenote_note":"","_monsterinsights_sitenote_category":0,"_EventAllDay":false,"_EventTimezone":"","_EventStartDate":"","_EventEndDate":"","_EventStartDateUTC":"","_EventEndDateUTC":"","_EventShowMap":false,"_EventShowMapLink":false,"_EventURL":"","_EventCost":"","_EventCostDescription":"","_EventCurrencySymbol":"","_EventCurrencyCode":"","_EventCurrencyPosition":"","_EventDateTimeSeparator":"","_EventTimeRangeSeparator":"","_EventOrganizerID":[],"_EventVenueID":[],"_OrganizerEmail":"","_OrganizerPhone":"","_OrganizerWebsite":"","_VenueAddress":"","_VenueCity":"","_VenueCountry":"","_VenueProvince":"","_VenueState":"","_VenueZip":"","_VenuePhone":"","_VenueURL":"","_VenueStateProvince":"","_VenueLat":"","_VenueLng":"","_VenueShowMap":false,"_VenueShowMapLink":false,"twitterCardType":"","cardImageID":0,"cardImage":"","cardTitle":"","cardDesc":"","cardImageAlt":"","cardPlayer":"","cardPlayerWidth":0,"cardPlayerHeight":0,"cardPlayerStream":"","cardPlayerCodec":"","footnotes":""},"categories":[7],"tags":[49,50,18349,20778,20731,21473,21472],"class_list":["post-15762","post","type-post","status-publish","format-standard","has-post-thumbnail","hentry","category-recenze","tag-detektivka","tag-humor","tag-klasika","tag-krimi","tag-napeti","tag-rada-vacatko","tag-viden"],"acf":{"related_products":null},"_links":{"self":[{"href":"https:\/\/www.luxor.cz\/blog\/wp-json\/wp\/v2\/posts\/15762","targetHints":{"allow":["GET"]}}],"collection":[{"href":"https:\/\/www.luxor.cz\/blog\/wp-json\/wp\/v2\/posts"}],"about":[{"href":"https:\/\/www.luxor.cz\/blog\/wp-json\/wp\/v2\/types\/post"}],"author":[{"embeddable":true,"href":"https:\/\/www.luxor.cz\/blog\/wp-json\/wp\/v2\/users\/4"}],"replies":[{"embeddable":true,"href":"https:\/\/www.luxor.cz\/blog\/wp-json\/wp\/v2\/comments?post=15762"}],"version-history":[{"count":0,"href":"https:\/\/www.luxor.cz\/blog\/wp-json\/wp\/v2\/posts\/15762\/revisions"}],"wp:featuredmedia":[{"embeddable":true,"href":"https:\/\/www.luxor.cz\/blog\/wp-json\/wp\/v2\/media\/15763"}],"wp:attachment":[{"href":"https:\/\/www.luxor.cz\/blog\/wp-json\/wp\/v2\/media?parent=15762"}],"wp:term":[{"taxonomy":"category","embeddable":true,"href":"https:\/\/www.luxor.cz\/blog\/wp-json\/wp\/v2\/categories?post=15762"},{"taxonomy":"post_tag","embeddable":true,"href":"https:\/\/www.luxor.cz\/blog\/wp-json\/wp\/v2\/tags?post=15762"}],"curies":[{"name":"wp","href":"https:\/\/api.w.org\/{rel}","templated":true}]}}