{"id":15536,"date":"2021-06-10T10:02:24","date_gmt":"2021-06-10T08:02:24","guid":{"rendered":"https:\/\/www.luxor.cz\/blog\/?p=15536"},"modified":"2021-06-03T16:05:35","modified_gmt":"2021-06-03T14:05:35","slug":"knizka-krasna-a-slozita-jako-sam-zivot","status":"publish","type":"post","link":"https:\/\/www.luxor.cz\/blog\/recenze\/knizka-krasna-a-slozita-jako-sam-zivot\/","title":{"rendered":"Kn\u00ed\u017eka kr\u00e1sn\u00e1 a slo\u017eit\u00e1 jako s\u00e1m \u017eivot"},"content":{"rendered":"<p><strong>Nen\u00ed to vypr\u00e1v\u011bn\u00ed v&nbsp;prav\u00e9m slova smyslu, p\u0159\u00edb\u011bh je skryt v&nbsp;moudrosti a zku\u0161enostech hlavn\u00edch protagonist\u016f. P\u0159esto kniha Chlapec, krtek, li\u0161ka a k\u016f\u0148 uchv\u00e1tila sv\u011bt a mo\u017en\u00e1 se j\u00ed to povede tak\u00e9 s&nbsp;v\u00e1mi.<\/strong><\/p>\n<p>Kniha <a href=\"https:\/\/www.luxor.cz\/product\/chlapec-krtek-liska-a-kun-zbo000403458\"><strong>Chlapec, krtek, li\u0161ka a k\u016f\u0148<\/strong><\/a> u\u017e od sv\u00e9ho vyd\u00e1n\u00ed posb\u00edrala celou \u0159adu p\u0159\u00eddomk\u016f a superlativ\u016f. \u010cten\u00e1\u0159i ji naz\u00fdvaj\u00ed \u201eMal\u00fdm princem pro 21. stolet\u00ed\u201c \u010di \u201enejmoud\u0159ej\u0161\u00ed knihou, jako kdy \u010detli\u201c. Nejv\u00edce v\u0161ak p\u0159ipom\u00edn\u00e1 vz\u00e1cn\u00fd pam\u00e1tn\u00edk, pln\u00fd moudr\u00fdch my\u0161lenek, jen\u017e si s&nbsp;nostalgi\u00ed schov\u00e1v\u00e1te na \u010destn\u00e9m m\u00edst\u011b u\u017e od z\u00e1kladn\u00ed \u0161koly.<\/p>\n<p>Ne\u010dekejte klasick\u00e9 vypr\u00e1v\u011bn\u00ed, autor <strong>Charlie Mackesy<\/strong> pojal p\u0159\u00edb\u011bh jinak. Dobrodru\u017enou cestu mal\u00e9ho chlapce, kter\u00fd hled\u00e1 sv\u016fj domov, vypr\u00e1v\u00ed pomoc\u00ed poetick\u00fdch ilustrac\u00ed (mo\u017en\u00e1 lze \u0159\u00edci i obraz\u016f). Ty dopl\u0148uj\u00ed nejd\u016fle\u017eit\u011bj\u0161\u00ed my\u0161lenky a odpov\u011bdi na zv\u00eddav\u00e9 ot\u00e1zky, t\u00fdkaj\u00edc\u00ed se p\u0159\u00e1telstv\u00ed, \u017eivota, strachu \u010di l\u00e1sky.<\/p>\n<p>Chlapec na sv\u00e9 cest\u011b potk\u00e1v\u00e1 velmi ne\u010dekan\u00e9 p\u0159\u00e1tele. Krtka, tou\u017e\u00edc\u00edho po z\u00e1kusku a porozum\u011bn\u00ed, li\u0161ku, kter\u00e1 se \u017eivotn\u00edmi trampotami nau\u010dila ostra\u017eitosti, a obrovsk\u00e9ho i n\u011b\u017en\u00e9ho kon\u011b. Spole\u010dn\u011b pak proch\u00e1zej\u00ed krajinou, m\u011bn\u00edc\u00ed se jako m\u00e1jov\u00e9 po\u010das\u00ed, a plynouc\u00ed jako s\u00e1m \u017eivot. Tento p\u0159\u00edb\u011bh si v\u0161ak \u010dten\u00e1\u0159 mus\u00ed mezi ilustracemi s\u00e1m naj\u00edt.<\/p>\n<p><img fetchpriority=\"high\" decoding=\"async\" class=\"alignnone size-full wp-image-15537\" src=\"https:\/\/www.luxor.cz\/blog\/wp-content\/uploads\/Chlapec-blog-2.png\" alt=\"\" width=\"780\" height=\"519\" title=\"\" srcset=\"https:\/\/www.luxor.cz\/blog\/wp-content\/uploads\/Chlapec-blog-2.png 780w, https:\/\/www.luxor.cz\/blog\/wp-content\/uploads\/Chlapec-blog-2-600x399.png 600w, https:\/\/www.luxor.cz\/blog\/wp-content\/uploads\/Chlapec-blog-2-300x200.png 300w, https:\/\/www.luxor.cz\/blog\/wp-content\/uploads\/Chlapec-blog-2-768x511.png 768w\" sizes=\"(max-width: 780px) 100vw, 780px\" \/><\/p>\n<p>Jeliko\u017e se nejedn\u00e1 o souvisl\u00fd d\u011bj, m\u016f\u017eete knihu <a href=\"https:\/\/www.luxor.cz\/product\/chlapec-krtek-liska-a-kun-zbo000403458\"><strong>Chlapec, krtek, li\u0161ka a k\u016f\u0148<\/strong><\/a> otev\u0159\u00edt prakticky na kter\u00e9koliv str\u00e1nce a nechat se uhranout kr\u00e1sou autorova v\u00fdtvarn\u00e9ho umu, a tak\u00e9 hloubkou i nal\u00e9havost\u00ed vysloven\u00fdch my\u0161lenek.<\/p>\n<p>Kn\u00ed\u017eku m\u016f\u017eete v\u011bnovat nejen milovn\u00edk\u016fm Mal\u00e9ho prince, ale sp\u00ed\u0161 se do n\u00ed okam\u017eit\u011b zamilujete a po prvn\u00edm p\u0159e\u010dten\u00ed ji ulo\u017e\u00edte na \u010destn\u00e9 m\u00edsto do knihovny, hned vedle onoho vz\u00e1cn\u00e9ho pam\u00e1tn\u00ed\u010dku ze z\u00e1kladn\u00ed \u0161koly. A a\u017e v\u00e1m n\u011bkdy bude \u00fazko, s&nbsp;radost\u00ed ji otev\u0159ete a p\u0159e\u010dtete ji znovu. A znovu a znovu.<\/p>\n<p><a href=\"https:\/\/www.luxor.cz\/product\/chlapec-krtek-liska-a-kun-zbo000403458\"><strong>Chlapec, krtek, li\u0161ka a k\u016f\u0148<\/strong><\/a> je laskav\u00fd p\u0159\u00edb\u011bh, kter\u00fd v\u016fbec nen\u00ed p\u0159\u00edb\u011bhem, ale p\u0159esto si jej velmi obl\u00edb\u00edte a budete se k&nbsp;n\u011bmu s&nbsp;l\u00e1skou vracet.<\/p>\n<p>&nbsp;<\/p>\n<p>Helena Herynkov\u00e1<\/p>\n","protected":false},"excerpt":{"rendered":"<p>Nen\u00ed to vypr\u00e1v\u011bn\u00ed v&nbsp;prav\u00e9m slova smyslu, p\u0159\u00edb\u011bh je skryt v&nbsp;moudrosti a zku\u0161enostech hlavn\u00edch protagonist\u016f. P\u0159esto kniha Chlapec, krtek, li\u0161ka a k\u016f\u0148 uchv\u00e1tila sv\u011bt a mo\u017en\u00e1 se j\u00ed to povede tak\u00e9 [&hellip;]<\/p>\n","protected":false},"author":4,"featured_media":15538,"comment_status":"open","ping_status":"open","sticky":false,"template":"","format":"standard","meta":{"_acf_changed":false,"_monsterinsights_skip_tracking":false,"_monsterinsights_sitenote_active":false,"_monsterinsights_sitenote_note":"","_monsterinsights_sitenote_category":0,"_EventAllDay":false,"_EventTimezone":"","_EventStartDate":"","_EventEndDate":"","_EventStartDateUTC":"","_EventEndDateUTC":"","_EventShowMap":false,"_EventShowMapLink":false,"_EventURL":"","_EventCost":"","_EventCostDescription":"","_EventCurrencySymbol":"","_EventCurrencyCode":"","_EventCurrencyPosition":"","_EventDateTimeSeparator":"","_EventTimeRangeSeparator":"","_EventOrganizerID":[],"_EventVenueID":[],"_OrganizerEmail":"","_OrganizerPhone":"","_OrganizerWebsite":"","_VenueAddress":"","_VenueCity":"","_VenueCountry":"","_VenueProvince":"","_VenueState":"","_VenueZip":"","_VenuePhone":"","_VenueURL":"","_VenueStateProvince":"","_VenueLat":"","_VenueLng":"","_VenueShowMap":false,"_VenueShowMapLink":false,"twitterCardType":"","cardImageID":0,"cardImage":"","cardTitle":"","cardDesc":"","cardImageAlt":"","cardPlayer":"","cardPlayerWidth":0,"cardPlayerHeight":0,"cardPlayerStream":"","cardPlayerCodec":"","footnotes":""},"categories":[7],"tags":[20746,21406,66,36,20707,20917,21408,21407],"class_list":["post-15536","post","type-post","status-publish","format-standard","has-post-thumbnail","hentry","category-recenze","tag-cas-na-cteni","tag-chlapec","tag-darek","tag-knihy","tag-literatura","tag-maly-princ","tag-moudrost","tag-poetika"],"acf":{"related_products":null},"_links":{"self":[{"href":"https:\/\/www.luxor.cz\/blog\/wp-json\/wp\/v2\/posts\/15536","targetHints":{"allow":["GET"]}}],"collection":[{"href":"https:\/\/www.luxor.cz\/blog\/wp-json\/wp\/v2\/posts"}],"about":[{"href":"https:\/\/www.luxor.cz\/blog\/wp-json\/wp\/v2\/types\/post"}],"author":[{"embeddable":true,"href":"https:\/\/www.luxor.cz\/blog\/wp-json\/wp\/v2\/users\/4"}],"replies":[{"embeddable":true,"href":"https:\/\/www.luxor.cz\/blog\/wp-json\/wp\/v2\/comments?post=15536"}],"version-history":[{"count":0,"href":"https:\/\/www.luxor.cz\/blog\/wp-json\/wp\/v2\/posts\/15536\/revisions"}],"wp:featuredmedia":[{"embeddable":true,"href":"https:\/\/www.luxor.cz\/blog\/wp-json\/wp\/v2\/media\/15538"}],"wp:attachment":[{"href":"https:\/\/www.luxor.cz\/blog\/wp-json\/wp\/v2\/media?parent=15536"}],"wp:term":[{"taxonomy":"category","embeddable":true,"href":"https:\/\/www.luxor.cz\/blog\/wp-json\/wp\/v2\/categories?post=15536"},{"taxonomy":"post_tag","embeddable":true,"href":"https:\/\/www.luxor.cz\/blog\/wp-json\/wp\/v2\/tags?post=15536"}],"curies":[{"name":"wp","href":"https:\/\/api.w.org\/{rel}","templated":true}]}}