{"id":15424,"date":"2021-06-03T13:50:50","date_gmt":"2021-06-03T11:50:50","guid":{"rendered":"https:\/\/www.luxor.cz\/blog\/?p=15424"},"modified":"2021-05-19T17:14:10","modified_gmt":"2021-05-19T15:14:10","slug":"ludmila-vankova-cas-voni-dalkou","status":"publish","type":"post","link":"https:\/\/www.luxor.cz\/blog\/rozhovor\/ludmila-vankova-cas-voni-dalkou\/","title":{"rendered":"Ludmila Va\u0148kov\u00e1: \u010cas von\u00ed d\u00e1lkou"},"content":{"rendered":"<p><strong>Koncem kv\u011btna vy\u0161el dvoud\u00edln\u00fd historick\u00fd rom\u00e1n \u010cas von\u00ed d\u00e1lkou o \u010desk\u00e9m vlastenci Vojtovi N\u00e1prstkovi, zamilovan\u00e9m do Katinky Kr\u00e1korov\u00e9, s kterou uprchne do Ameriky v obav\u011b p\u0159ed policejn\u00edm pron\u00e1sledov\u00e1n\u00edm v Rakousku. Zeptali jsme se autorky Ludmily Va\u0148kov\u00e9 na n\u011bkolik zaj\u00edmavost\u00ed k poutav\u011b vypr\u00e1v\u011bn\u00fdm p\u0159\u00edb\u011bh\u016fm lid\u00ed z poloviny 19. stolet\u00ed, kter\u00e9 \u010ce\u0161i dob\u0159e znaj\u00ed.\u00a0<\/strong><\/p>\n<p><strong><a href=\"https:\/\/www.luxor.cz\/product\/cas-voni-dalkou-zeme-svobodnych-domov-smelych-zbo000407589\">\u010cas von\u00ed d\u00e1lkou<\/a> jste napsala mimo kr\u00e1lovskou \u0159adu sv\u00fdch historick\u00fdch rom\u00e1n\u016f o \u010cesk\u00e9m kr\u00e1lovstv\u00ed a nep\u0159\u00edmo v\u00e1s k\u00a0tomu vyb\u00eddl Adolf Branald.<\/strong><br \/>\nTo v\u016fbec nebylo \u201enep\u0159\u00edmo\u201c. Sp\u00ed\u0161 jsem to dostala jako dom\u00e1c\u00ed \u00fakol. Jednou p\u0159i rodinn\u00e9 n\u00e1v\u0161t\u011bv\u011b u n\u00e1s v\u00a0\u0158evnic\u00edch vyt\u00e1hl z\u00a0kapsy v\u00fdst\u0159i\u017eek z\u00a0Lidov\u00fdch novin a \u0159ekl mi: <em>\u201eKoukni na to, ne\u017e si toho v\u0161imne n\u011bkdo jako (jm\u00e9no neuv\u00e1d\u00edm),\u00a0 j\u00e1 na ty \u017eensk\u00e9 zrovna nejsem a taky u\u017e m\u00e1m toho moc.\u201c<\/em> Byla to jen kr\u00e1tk\u00e1 noticka s\u00a0upozorn\u011bn\u00edm na vizitku, kter\u00e1 je mo\u017en\u00e1 dodnes k\u00a0vid\u011bn\u00ed ve strahovsk\u00e9m archivu v\u00a0poz\u016fstalosti Du\u0161ana Lambla. Sv\u011bd\u010d\u00ed pouze o tom, \u017ee kdysi na nedatovan\u00e9 n\u00e1v\u0161t\u011bv\u011b u Bo\u017eeny N\u011bmcov\u00e9 odevzdala svou vizitku jak\u00e1si Katinka Aigner-Krakorov\u00e1. Nic v\u00edc. Adolf (ve skute\u010dnosti se jmenoval Karel) byl zn\u00e1m\u00fd spisovatel a v\u00e1\u0161niv\u00fd sb\u011bratel podobn\u00fdch upom\u00ednek, ze kter\u00fdch spl\u00e9tal monografick\u00e9 medailony zapomenut\u00fdch herc\u016f minul\u00fdch generac\u00ed. J\u00e1 jsem toho tehdy taky m\u011bla \u201emoc\u201c a n\u00e1m\u011bt jsem ulo\u017eila do \u0161upl\u00edku a\u017e do dokon\u010den\u00ed posledn\u00ed \u010d\u00e1sti m\u00e9 kr\u00e1lovsk\u00e9 \u0159ady, tehdy jsem se domn\u00edvala, \u017ee to je Orel a had, t\u0159et\u00ed d\u00edl karolinsk\u00e9 s\u00e9rie, kter\u00fd vy\u0161el v\u00a0roce 1990. Po turbulenc\u00edch devades\u00e1t\u00e9ho roku, kter\u00fd s kni\u017en\u00edm trhem po\u0159\u00e1dn\u011b zam\u00e1val, jsem se kone\u010dn\u011b pustila do Naprsquaw pod hlavi\u010dkou nov\u00e9ho nakladatele \u0160ulc a spol. (dnes\u00a0 \u0160ulc-\u0160varc), kdy\u017e se po stolet\u00e9m p\u016fsoben\u00ed ve slu\u017eb\u00e1ch \u010desk\u00e9 literatury Melantrich, kde jsem a\u017e dotud publikovala, prom\u011bnil ve Wellnesscentrum na V\u00e1clavsk\u00e9m n\u00e1m\u011bst\u00ed.<\/p>\n<p><strong>Rom\u00e1n <a href=\"https:\/\/www.luxor.cz\/product\/cas-voni-dalkou-zeme-svobodnych-domov-smelych-zbo000407589\">\u010cas von\u00ed d\u00e1lkou<\/a> zachycuje kulturn\u00ed \u017eivot a historick\u00e9 ud\u00e1losti v\u00a0\u010cech\u00e1ch, v\u00a0Evrop\u011b i Americe, vystupuje v\u00a0n\u011bm mnoho postav a je d\u011bjov\u011b bohat\u00fd, ale hlavn\u00ed postavou je nakonec Katinka Kr\u00e1korov\u00e1. Do jak\u00e9 m\u00edry jej\u00ed p\u0159\u00edb\u011bh vy\u010dn\u00edval v\u00a0\u017eivot\u011b tehdej\u0161\u00ed \u010desk\u00e9 spole\u010dnosti?<\/strong><br \/>\nKatinka Krakorov\u00e1 byla dcera pra\u017esk\u00e9ho m\u011b\u0161\u0165ana a se sv\u00fdm bratrem rukavi\u010dk\u00e1\u0159em pro\u017eila \u010d\u00e1st \u017eivota ve V\u00eddni. Byla to \u017eivotn\u00ed l\u00e1ska Vojty N\u00e1prstka, s\u00a0kter\u00fdm po\u00a0 nezda\u0159en\u00e9m revolu\u010dn\u00edm roce 1848 uprchla do Ameriky, kde se pozd\u011bji provdala za n\u011bmeck\u00e9ho emigranta-revolucion\u00e1\u0159e Gustava Aignera.<\/p>\n<p>Vojtova matka i pozd\u011bj\u0161\u00ed man\u017eelka se spojen\u00fdmi silami pokou\u0161ely pov\u011bdom\u00ed o t\u00e9to pozoruhodn\u00e9 \u017een\u011b vymazat z\u00a0lidsk\u00e9 pam\u011bti a v\u00a0N\u00e1prstkov\u011b poz\u016fstalosti nenajdete o n\u00ed ani slovo, musela jsem hledat jinde. N\u00e1prstkovo muzeum v\u00a0Praze nab\u00edzelo na tohoto zn\u00e1m\u00e9ho \u010desk\u00e9ho vlastence bez jedin\u00e9 zm\u00ednky o n\u00ed mimo\u0159\u00e1dn\u011b zkreslen\u00fd pohled. Katinka se pohybovala p\u0159\u00edmo ve st\u0159edu tehdej\u0161\u00ed \u010desk\u00e9 kulturn\u00ed spole\u010dnosti a \u0161k\u00e1la jej\u00edch zn\u00e1most\u00ed je obs\u00e1hl\u00e1. Povahou se z\u0159ejm\u011b podobala Bo\u017een\u011b N\u011bmcov\u00e9. M\u011bly mnoho spole\u010dn\u00fdch p\u0159\u00e1tel, n\u011bkdy i d\u016fv\u011brn\u00fdch. Um\u011blecky se\u00a0pokou\u0161ela uplatnit sp\u00ed\u0161 v\u00a0divadle ne\u017e v\u00a0literatu\u0159e, ale to se j\u00ed s\u00a0v\u00fdznamn\u00fdm \u00fasp\u011bchem nepoda\u0159ilo. Jej\u00ed \u017eivot je na rozd\u00edl od v\u011bt\u0161iny \u017een jej\u00ed doby velice pestr\u00fd a dobrodru\u017en\u00fdm \u00fat\u011bkem s\u00a0milencem p\u0159es mo\u0159e jeho z\u00e1kruty neskon\u010dily.<\/p>\n<div id=\"attachment_15427\" style=\"width: 790px\" class=\"wp-caption alignnone\"><img fetchpriority=\"high\" decoding=\"async\" aria-describedby=\"caption-attachment-15427\" class=\"size-full wp-image-15427\" src=\"https:\/\/www.luxor.cz\/blog\/wp-content\/uploads\/Ludmila-Va\u0148kov\u00e1-blog-2.png\" alt=\"\" width=\"780\" height=\"519\" title=\"\" srcset=\"https:\/\/www.luxor.cz\/blog\/wp-content\/uploads\/Ludmila-Va\u0148kov\u00e1-blog-2.png 780w, https:\/\/www.luxor.cz\/blog\/wp-content\/uploads\/Ludmila-Va\u0148kov\u00e1-blog-2-600x399.png 600w, https:\/\/www.luxor.cz\/blog\/wp-content\/uploads\/Ludmila-Va\u0148kov\u00e1-blog-2-300x200.png 300w, https:\/\/www.luxor.cz\/blog\/wp-content\/uploads\/Ludmila-Va\u0148kov\u00e1-blog-2-768x511.png 768w\" sizes=\"(max-width: 780px) 100vw, 780px\" \/><p id=\"caption-attachment-15427\" class=\"wp-caption-text\">Ludmila Va\u0148kov\u00e1 z\u00edskala cenu za celo\u017eivotn\u00ed d\u00edlo v anket\u011b Kniha roku<\/p><\/div>\n<p><strong>V\u00a0dob\u011b zav\u0159en\u00fdch knihkupectv\u00ed vy\u0161ly i jin\u00e9 va\u0161e knihy. Na za\u010d\u00e1tku covidov\u00e9 \u00e9ry to byly <a href=\"https:\/\/www.luxor.cz\/product\/mosty-pres-propast-casu-zbo000321500\">Mosty p\u0159es propast \u010dasu<\/a> \u2013 vizion\u00e1\u0159sk\u00fd historick\u00fd rom\u00e1n s origin\u00e1ln\u00edm p\u0159\u00edstupem ke sci-fi. P\u0159ich\u00e1z\u00ed v\u00a0n\u011bm p\u0159es propast \u010dasu historie do sou\u010dasn\u00e9ho sv\u011bta nebo dokonce do budoucnosti?<\/strong><br \/>\nP\u0159\u00edtomnost je svorn\u00edk mezi minulost\u00ed a budoucnost\u00ed. V\u0161echny t\u0159i nelze ch\u00e1pat odd\u011blen\u011b. Tak jako minulost do na\u0161\u00ed p\u0159\u00edtomnosti zasahuje v\u017edycky, tak se v\u00a0budoucnu nepochybn\u011b projev\u00ed i stopy doby, ve\u00a0kter\u00e9 \u017eijeme. A\u017e na to, \u017ee te\u010f o tom nev\u00edme. A nedov\u00edme se.<\/p>\n<p><strong>Mezi druhou a t\u0159et\u00ed vlnou pandemie vy\u0161el <a href=\"https:\/\/www.luxor.cz\/product\/cas-ruzi-zbo000384722\">\u010cas r\u016f\u017e\u00ed<\/a>, dvoud\u00edln\u00e1 kniha o p\u00e1nech p\u011btilist\u00e9 r\u016f\u017ee. Jakou historii a p\u0159\u00edb\u011bhy v\u00a0n\u00ed \u010dten\u00e1\u0159i naleznou?<\/strong><br \/>\nJe to dopl\u0148uj\u00edc\u00ed p\u0159\u00edb\u011bh ke Karlovi IV. a jeho dva protagonist\u00e9, Vil\u00e9m z\u00a0Land\u0161tejna a Jind\u0159ich z Hradce, jsou v\u00fdznamn\u00e9 postavy na\u0161\u00ed minulosti. V\u00a0toku d\u011bn\u00ed doby c\u00edsa\u0159e a kr\u00e1le Karla jim pat\u0159\u00ed v\u00fdznamn\u011bj\u0161\u00ed m\u00edsto, ne\u017e bylo mo\u017en\u00e9 zachytit p\u0159i podrobn\u00e9m sledov\u00e1n\u00ed \u010din\u016f slavn\u00e9ho vlada\u0159e.<\/p>\n<p>D\u011bkujeme za rozhovor a t\u011b\u0161\u00edme se na dal\u0161\u00ed knihu.<\/p>\n","protected":false},"excerpt":{"rendered":"<p>Koncem kv\u011btna vy\u0161el dvoud\u00edln\u00fd historick\u00fd rom\u00e1n \u010cas von\u00ed d\u00e1lkou o \u010desk\u00e9m vlastenci Vojtovi N\u00e1prstkovi, zamilovan\u00e9m do Katinky Kr\u00e1korov\u00e9, s kterou uprchne do Ameriky v obav\u011b p\u0159ed policejn\u00edm pron\u00e1sledov\u00e1n\u00edm v Rakousku. [&hellip;]<\/p>\n","protected":false},"author":2,"featured_media":15425,"comment_status":"open","ping_status":"open","sticky":false,"template":"","format":"standard","meta":{"_acf_changed":false,"_monsterinsights_skip_tracking":false,"_monsterinsights_sitenote_active":false,"_monsterinsights_sitenote_note":"","_monsterinsights_sitenote_category":0,"_EventAllDay":false,"_EventTimezone":"","_EventStartDate":"","_EventEndDate":"","_EventStartDateUTC":"","_EventEndDateUTC":"","_EventShowMap":false,"_EventShowMapLink":false,"_EventURL":"","_EventCost":"","_EventCostDescription":"","_EventCurrencySymbol":"","_EventCurrencyCode":"","_EventCurrencyPosition":"","_EventDateTimeSeparator":"","_EventTimeRangeSeparator":"","_EventOrganizerID":[],"_EventVenueID":[],"_OrganizerEmail":"","_OrganizerPhone":"","_OrganizerWebsite":"","_VenueAddress":"","_VenueCity":"","_VenueCountry":"","_VenueProvince":"","_VenueState":"","_VenueZip":"","_VenuePhone":"","_VenueURL":"","_VenueStateProvince":"","_VenueLat":"","_VenueLng":"","_VenueShowMap":false,"_VenueShowMapLink":false,"twitterCardType":"","cardImageID":0,"cardImage":"","cardTitle":"","cardDesc":"","cardImageAlt":"","cardPlayer":"","cardPlayerWidth":0,"cardPlayerHeight":0,"cardPlayerStream":"","cardPlayerCodec":"","footnotes":""},"categories":[8],"tags":[20746,20795,36,21377,18344],"class_list":["post-15424","post","type-post","status-publish","format-standard","has-post-thumbnail","hentry","category-rozhovor","tag-cas-na-cteni","tag-historie","tag-knihy","tag-ludmila-vankova","tag-rozhovor"],"acf":{"related_products":null},"_links":{"self":[{"href":"https:\/\/www.luxor.cz\/blog\/wp-json\/wp\/v2\/posts\/15424","targetHints":{"allow":["GET"]}}],"collection":[{"href":"https:\/\/www.luxor.cz\/blog\/wp-json\/wp\/v2\/posts"}],"about":[{"href":"https:\/\/www.luxor.cz\/blog\/wp-json\/wp\/v2\/types\/post"}],"author":[{"embeddable":true,"href":"https:\/\/www.luxor.cz\/blog\/wp-json\/wp\/v2\/users\/2"}],"replies":[{"embeddable":true,"href":"https:\/\/www.luxor.cz\/blog\/wp-json\/wp\/v2\/comments?post=15424"}],"version-history":[{"count":0,"href":"https:\/\/www.luxor.cz\/blog\/wp-json\/wp\/v2\/posts\/15424\/revisions"}],"wp:featuredmedia":[{"embeddable":true,"href":"https:\/\/www.luxor.cz\/blog\/wp-json\/wp\/v2\/media\/15425"}],"wp:attachment":[{"href":"https:\/\/www.luxor.cz\/blog\/wp-json\/wp\/v2\/media?parent=15424"}],"wp:term":[{"taxonomy":"category","embeddable":true,"href":"https:\/\/www.luxor.cz\/blog\/wp-json\/wp\/v2\/categories?post=15424"},{"taxonomy":"post_tag","embeddable":true,"href":"https:\/\/www.luxor.cz\/blog\/wp-json\/wp\/v2\/tags?post=15424"}],"curies":[{"name":"wp","href":"https:\/\/api.w.org\/{rel}","templated":true}]}}