{"id":15318,"date":"2021-05-03T11:14:10","date_gmt":"2021-05-03T09:14:10","guid":{"rendered":"https:\/\/www.luxor.cz\/blog\/?p=15318"},"modified":"2023-02-01T14:08:10","modified_gmt":"2023-02-01T13:08:10","slug":"michal-viewegh-vypravet-zajimave-pribehy","status":"publish","type":"post","link":"https:\/\/www.luxor.cz\/blog\/rozhovor\/michal-viewegh-vypravet-zajimave-pribehy\/","title":{"rendered":"Michal Viewegh: Vypr\u00e1v\u011bt zaj\u00edmav\u00e9 p\u0159\u00edb\u011bhy"},"content":{"rendered":"<p><strong>St\u00e1le je jedn\u00edm z\u00a0nej\u010dten\u011bj\u0161\u00edch \u010desk\u00fdch autor\u016f sou\u010dasnosti. Vych\u00e1z\u00ed mu nov\u00fd den\u00edk zachycuj\u00edc\u00ed covidov\u00fd rok 2020, dopsal Dulu, z\u00e1v\u011bre\u010dnou \u010d\u00e1st sv\u00e9 biotrilogie, a na prahu \u0161edes\u00e1tky bilancuje.<\/strong><\/p>\n<p><strong>\u010cerstv\u011b vy\u0161el v\u00e1\u0161 <a href=\"https:\/\/www.luxor.cz\/product\/zruseny-rok-denik-2020-zbo000406846\">Zru\u0161en\u00fd rok \u2013 Den\u00edk 2020<\/a>. Pokud budeme br\u00e1t rok 2020, a bohu\u017eel mo\u017en\u00e1 i 2021 ne za zru\u0161en\u00fd, ale za pro\u017eit\u00fd, jak\u00e9 jsou va\u0161e posledn\u00ed m\u011bs\u00edce?<br \/>\n<\/strong>P\u0159ev\u00e1\u017en\u011b pracovn\u00ed a v tomto ohledu se jen m\u00e1lo li\u0161ily od jin\u00fdch let. Spisovatelstv\u00ed je povol\u00e1n\u00ed, kdy obvykle sed\u00edte a p\u00ed\u0161ete doma. D\u011blal jsem korektury Den\u00edku 2020, dokon\u010doval jsem Dulu, napsal p\u00e1r pov\u00eddek a dopisoval pam\u011bti&#8230;<\/p>\n<p><strong>Dula, pokud se nepletu, m\u00e1 b\u00fdt voln\u00e9 pokra\u010dov\u00e1n\u00ed <a href=\"https:\/\/www.luxor.cz\/product\/biomanzelka-zbo000119094\">Bioman\u017eelky<\/a> a <a href=\"https:\/\/www.luxor.cz\/product\/biomanzel-zbo000342729\">Bioman\u017eela<\/a>\u2026<\/strong><br \/>\nDokonce u\u017e jsem dopsal prvn\u00ed verzi \u2013 a jsem opravdu r\u00e1d, \u017ee m\u016f\u017eu \u0159\u00edct, \u017ee jsem se u toho bavil. To je v\u017edycky dobr\u00e9 znamen\u00ed.<\/p>\n<p><strong>Jak\u00e9 budou va\u0161e pam\u011bti? Jak\u00e9 je va\u0161e bilancov\u00e1n\u00ed? Nebo sp\u00ed\u0161, jak\u00e9 bude?<\/strong><br \/>\nPl\u00e1nuji je vydat p\u0159\u00ed\u0161t\u00ed rok. Nad\u011bl\u00edm si je symbolicky ke sv\u00fdm \u0161edes\u00e1tin\u00e1m. Pracovn\u00ed n\u00e1zev zat\u00edm maj\u00ed: \u0160edes\u00e1t (skoro) b\u00e1je\u010dn\u00fdch let. Psal jsem je s chut\u00ed, ale z\u00e1rove\u0148 jsem i sentiment\u00e1ln\u011b, posmutn\u011ble vzpom\u00ednal\u2026 Vzpom\u00ednky na d\u011btstv\u00ed mi pom\u00e1hala o\u017eivit maminka. Otev\u0159el jsem v\u017edycky l\u00e1hev prosecca, ona vypr\u00e1v\u011bla, j\u00e1 se ptal a nahr\u00e1val jej\u00ed odpov\u011bdi na mobil. Jedna z m\u00fdch ot\u00e1zek t\u0159eba byla: <em>\u201eTak\u017ee, maminko, kdy, kde a jak p\u0159esn\u011b jsem byl po\u010dat?\u201c<\/em> Na jej\u00ed odpov\u011b\u010f si ale je\u0161t\u011b budete muset po\u010dkat.<\/p>\n<p><strong>Vyhl\u00ed\u017e\u00edte u\u017e dal\u0161\u00ed b\u00e1je\u010dn\u00fd rok?<\/strong><br \/>\nNikoli. Roky 2005 a 2010 pro m\u011b opravdu byly v\u00edcem\u00e9n\u011b b\u00e1je\u010dn\u00e9, a proto jsem je tak mohl nazvat. M\u016fj rok 2020 bohu\u017eel \u00fapln\u011b b\u00e1je\u010dn\u00fdm nazvat nelze. A ty m\u00e9 p\u0159\u00ed\u0161t\u00ed? I kdyby byly v\u00a0budoucnu zlikvidov\u00e1ny v\u0161echny viry sv\u011bta, st\u00e1rnut\u00ed, probl\u00e9my spojen\u00e9 s nemocemi, rozvody a nejr\u016fzn\u011bj\u0161\u00ed dal\u0161\u00ed lidsk\u00e9 trable tu st\u00e1le budou, ty jaksi nevym\u00fdt\u00edme.<\/p>\n<p><strong>Jak\u00fd je posledn\u00ed motiv, kter\u00fd jste p\u0159idal do sv\u00fdch desek n\u00e1m\u011bt\u016f na knihy a pov\u00eddky?<\/strong><br \/>\nM\u016fj zat\u00edm posledn\u00ed n\u00e1pad vy\u0161el z\u00a0\u00favahy o tom, \u017ee kdy\u017e mi p\u0159\u00ed\u0161t\u00ed rok bude \u0161edes\u00e1t, je mo\u017en\u00e1 \u010das na naps\u00e1n\u00ed pam\u011bt\u00ed. A o tom u\u017e jsme se p\u0159ed chv\u00edli bavili.<\/p>\n<p><strong>Kdy\u017e se vr\u00e1t\u00edm ke <a href=\"https:\/\/www.luxor.cz\/product\/zruseny-rok-denik-2020-zbo000406846\">Zru\u0161en\u00e9mu roku<\/a> \u2013 jak inspirativn\u00ed je pro spisovatele koronavirov\u00e1 pandemie?<\/strong><br \/>\nNev\u00edm, jak kolegy, ale m\u011b pandemie zat\u00edm k ni\u010demu p\u0159\u00edmo neinspirovala \u2013 snad jen k n\u00e1zvu Den\u00edku 2020 \u2013 Zru\u0161en\u00fd rok\u2026 Voln\u00e9 pokra\u010dov\u00e1n\u00ed rom\u00e1n\u016f Bioman\u017eel a Bioman\u017eelka, kter\u00e9 jsem letos dopsal a kter\u00e9 vyjde na podzim, bych b\u00fdval napsal, i kdyby \u017e\u00e1dn\u00e1 pandemie nebyla, proto\u017ee jsem u\u017e d\u00e1vno zam\u00fd\u0161lel uzav\u0159\u00edt tuhle rom\u00e1novou trilogii.<\/p>\n<p><strong>\u0158\u00edk\u00e1te, \u017ee psan\u00ed je v\u017edycky terapie. Pomohlo i tentokr\u00e1t?<\/strong><br \/>\nAno. Psan\u00ed m\u016f\u017eeme nazvat terapi\u00ed. Je to pro m\u011b \u010dinnost, kter\u00e1 mi velmi \u010dasto dok\u00e1\u017ee dodat tolik pot\u0159ebn\u00fd pocit \u017eivotn\u00edho napln\u011bn\u00ed. Kdy\u017e toti\u017e od r\u00e1na do za\u010d\u00e1tku odpoledne nap\u00ed\u0161u \u010dty\u0159i dobr\u00e9 str\u00e1nky, pak m\u016fj den m\u011bl hlub\u0161\u00ed smysl \u2013 a ve\u010der si v televizi m\u016f\u017eu bez v\u00fd\u010ditek pustit n\u011bjakou relaxa\u010dn\u00ed blbost, nebo se p\u0159iop\u00edt s kamar\u00e1dy.<\/p>\n<p><strong>Jsou na\u0161e v\u0161edn\u00ed dny v\u00a0tomto obdob\u00ed vlastn\u011b sp\u00ed\u0161 nev\u0161edn\u00ed?<\/strong><br \/>\nAno, nicm\u00e9n\u011b je to \u2013 alespo\u0148 pro m\u011b \u2013 v\u00fdjime\u010dnost se z\u00e1porn\u00fdm znam\u00e9nkem: jsou to z velk\u00e9 \u010d\u00e1sti dny v\u00fdjime\u010dn\u011b pr\u00e1zdn\u00e9, v\u00fdjime\u010dn\u011b osam\u011bl\u00e9\u2026 Nev\u0161edn\u00ed jsou pro m\u011b pouze tou vleklou nudou\u2026<\/p>\n<p><strong>M\u016f\u017eeme d\u00edky zpomalen\u00ed v\u00edc vn\u00edmat, vid\u011bt, pro\u017e\u00edvat? Um\u00edme to?<\/strong><br \/>\nJ\u00e1 u\u017e p\u00e1r let p\u0159ed pandemi\u00ed \u017eil celkem pomalu \u2013 praskl\u00e1 aorta m\u011b zpomalila v prosinci 2012. Ale ano, nejsem zdravotn\u00ed sestra na ARO, tak\u017ee se te\u010f t\u011b\u017eko m\u016f\u017eu vymlouvat, \u017ee nem\u00e1m \u010das na usebr\u00e1n\u00ed se. M\u00e1m \u010dasu v\u00edc ne\u017e kdykoli p\u0159edt\u00edm.<\/p>\n<p><strong>Existuje naprost\u00e1 spisovatelsk\u00e1 svoboda?<\/strong><br \/>\nNaprost\u00e1 svoboda pro v\u011bt\u0161inu spisovatel\u016f neexistuje \u2013 p\u00ed\u0161eme, proto\u017ee mus\u00edme z n\u011b\u010deho \u017e\u00edt. A nav\u00edc mus\u00edme st\u00e1le br\u00e1t v potaz, \u017ee to, co nap\u00ed\u0161eme, mus\u00ed b\u00fdt srozumiteln\u00e9 i pro ostatn\u00ed a \u017ee to v neposledn\u00ed \u0159ad\u011b budou \u010d\u00edst tak\u00e9 na\u0161e partnerky, matky, \u0161vagrov\u00e9\u2026 Ani prezidenta nem\u016f\u017eu p\u00edsemn\u011b urazit tak svobodn\u011b, jak bych t\u0159eba cht\u011bl.<\/p>\n<p><strong>Kdy se d\u00e1 o psan\u00ed mluvit jako o posedlosti nebo o v\u00e1\u0161ni?<\/strong><br \/>\nKdy\u017e emoce spisovatele v\u00edt\u011bz\u00ed nad rozumem. Kdy\u017e p\u00ed\u0161e dvan\u00e1ct hodin denn\u011b m\u00edsto rozumn\u00fdch sedmi.<\/p>\n<p>***<\/p>\n<p><strong>Co je vlastn\u011b posl\u00e1n\u00edm spisovatele?<\/strong><br \/>\nVypr\u00e1v\u011bt p\u0159\u00edb\u011bhy, kter\u00e9 jsou n\u011b\u010d\u00edm zaj\u00edmav\u00e9. Kl\u00e1st spole\u010dnosti znepokojiv\u00e9 ot\u00e1zky. T\u0159eba jestli je skute\u010dn\u011b nutn\u00e9 p\u0159ejmenovat v z\u00e1jmu rasov\u00e9 korektnosti cik\u00e1nskou om\u00e1\u010dku na ma\u010farskou paprikovou? P\u0159em\u00fd\u0161let o lidsk\u00e9m \u017eivot\u011b, o lidsk\u00e9m \u00fad\u011blu a dob\u011b, v n\u00ed\u017e \u017eijeme.<\/p>\n<p><strong>Co byste te\u010f necel\u00fd rok p\u0159ed \u0161edes\u00e1tkou poradil sv\u00e9mu osmn\u00e1ctilet\u00e9mu j\u00e1?<\/strong><br \/>\nTak hele, ty naivn\u00ed troubo, pokusit se st\u00e1t spisovatelem nen\u00ed mo\u017en\u00e1 \u00fapln\u011b \u0161patn\u00fd n\u00e1pad, jen nezapome\u0148, \u017ee za n\u011bj zaplat\u00ed\u0161 osam\u011blost\u00ed a z\u00fa\u017een\u00fdm pohledem na sv\u011bt. I sex bez velk\u00e9 l\u00e1sky je sice opravdov\u00e1 slast, ne \u017ee ne, ale z\u00e1rove\u0148 je to, ty pitom\u010de, jasn\u00e1 past! Zamilovat se je kr\u00e1sn\u00e9, ale nezapome\u0148, \u017ee za velkou l\u00e1sku skoro v\u017edycky zaplat\u00ed\u0161 velkou bolest\u00ed. Bez l\u00e1sky ov\u0161em nebude\u0161 m\u00edt d\u011bti a d\u011bti jsou v\u016fbec nejv\u00edc, tak\u017ee to holt mus\u00ed\u0161 risknout. Ten n\u00e1pad postavit si d\u016fm na S\u00e1zav\u011b ti rozhodn\u011b schvaluju. Jo a m\u011bl bys m\u00ed\u0148 chlastat!<\/p>\n<p><em>Kompletn\u00ed rozhovor vy\u0161el ve vyd\u00e1n\u00ed 05\/2021 magaz\u00ednu Page.<\/em><\/p>\n<p>Pavl\u00edna Saudkov\u00e1<\/p>\n<p>&nbsp;<\/p>\n<p><img fetchpriority=\"high\" decoding=\"async\" class=\"alignnone size-full wp-image-15319\" src=\"https:\/\/www.luxor.cz\/blog\/wp-content\/uploads\/Michal-Viewegh-blog-1.png\" alt=\"\" width=\"780\" height=\"519\" title=\"\" srcset=\"https:\/\/www.luxor.cz\/blog\/wp-content\/uploads\/Michal-Viewegh-blog-1.png 780w, https:\/\/www.luxor.cz\/blog\/wp-content\/uploads\/Michal-Viewegh-blog-1-600x399.png 600w, https:\/\/www.luxor.cz\/blog\/wp-content\/uploads\/Michal-Viewegh-blog-1-300x200.png 300w, https:\/\/www.luxor.cz\/blog\/wp-content\/uploads\/Michal-Viewegh-blog-1-768x511.png 768w\" sizes=\"(max-width: 780px) 100vw, 780px\" \/><\/p>\n<p><strong><a href=\"https:\/\/www.luxor.cz\/product\/zruseny-rok-denik-2020-zbo000406846\"><em>Zru\u0161en\u00fd rok \u2013 Den\u00edk 2020<\/em><\/a><br \/>\n<\/strong><em>Michal Viewegh po n\u011bkolika letech op\u011bt p\u0159ich\u00e1z\u00ed s nejosobn\u011bj\u0161\u00edm a nejotev\u0159en\u011bj\u0161\u00edm \u017e\u00e1nrem \u2013 s den\u00edkem. Rok 2020 byl pro valnou \u010d\u00e1st obyvatel t\u00e9to planety z\u0159ejm\u011b t\u00edm nejpodivn\u011bj\u0161\u00edm, a bohu\u017eel mnohdy i t\u00edm nejbolestiv\u011bj\u0161\u00edm obdob\u00edm, jak\u00e9 kdy za\u017eili. Rokem, na kter\u00fd bychom mo\u017en\u00e1 v\u0161ichni r\u00e1di zapomn\u011bli, a p\u0159esto toho tolik zm\u011bnil a snad n\u00e1s i n\u011bco nau\u010dil. Pod\u00edvejte se na rok 2020 o\u010dima nejpopul\u00e1rn\u011bj\u0161\u00edho porevolu\u010dn\u00edho spisovatele. T\u0159i sta \u0161edes\u00e1t p\u011bt dn\u00ed v \u017eivot\u011b Michala Viewegha, t\u0159i sta \u0161edes\u00e1t p\u011bt dn\u00ed v \u017eivot\u011b \u010desk\u00e9 spole\u010dnosti.<\/em><\/p>\n","protected":false},"excerpt":{"rendered":"<p>St\u00e1le je jedn\u00edm z\u00a0nej\u010dten\u011bj\u0161\u00edch \u010desk\u00fdch autor\u016f sou\u010dasnosti. Vych\u00e1z\u00ed mu nov\u00fd den\u00edk zachycuj\u00edc\u00ed covidov\u00fd rok 2020, dopsal Dulu, z\u00e1v\u011bre\u010dnou \u010d\u00e1st sv\u00e9 biotrilogie, a na prahu \u0161edes\u00e1tky bilancuje. \u010cerstv\u011b vy\u0161el v\u00e1\u0161 Zru\u0161en\u00fd [&hellip;]<\/p>\n","protected":false},"author":2,"featured_media":15320,"comment_status":"open","ping_status":"open","sticky":false,"template":"","format":"standard","meta":{"_acf_changed":false,"_monsterinsights_skip_tracking":false,"_monsterinsights_sitenote_active":false,"_monsterinsights_sitenote_note":"","_monsterinsights_sitenote_category":0,"_EventAllDay":false,"_EventTimezone":"","_EventStartDate":"","_EventEndDate":"","_EventStartDateUTC":"","_EventEndDateUTC":"","_EventShowMap":false,"_EventShowMapLink":false,"_EventURL":"","_EventCost":"","_EventCostDescription":"","_EventCurrencySymbol":"","_EventCurrencyCode":"","_EventCurrencyPosition":"","_EventDateTimeSeparator":"","_EventTimeRangeSeparator":"","_EventOrganizerID":[],"_EventVenueID":[],"_OrganizerEmail":"","_OrganizerPhone":"","_OrganizerWebsite":"","_VenueAddress":"","_VenueCity":"","_VenueCountry":"","_VenueProvince":"","_VenueState":"","_VenueZip":"","_VenuePhone":"","_VenueURL":"","_VenueStateProvince":"","_VenueLat":"","_VenueLng":"","_VenueShowMap":false,"_VenueShowMapLink":false,"twitterCardType":"","cardImageID":0,"cardImage":"","cardTitle":"","cardDesc":"","cardImageAlt":"","cardPlayer":"","cardPlayerWidth":0,"cardPlayerHeight":0,"cardPlayerStream":"","cardPlayerCodec":"","footnotes":""},"categories":[21655,8],"tags":[21350,21349,20787,18369,36,20719,21348,18344,18363],"class_list":["post-15318","post","type-post","status-publish","format-standard","has-post-thumbnail","hentry","category-magazin-luxor","category-rozhovor","tag-biomanzel","tag-biomanzelka","tag-ceska-literatura","tag-denik","tag-knihy","tag-magazin-page","tag-michal-viewegh","tag-rozhovor","tag-zabava"],"acf":{"related_products":null},"_links":{"self":[{"href":"https:\/\/www.luxor.cz\/blog\/wp-json\/wp\/v2\/posts\/15318","targetHints":{"allow":["GET"]}}],"collection":[{"href":"https:\/\/www.luxor.cz\/blog\/wp-json\/wp\/v2\/posts"}],"about":[{"href":"https:\/\/www.luxor.cz\/blog\/wp-json\/wp\/v2\/types\/post"}],"author":[{"embeddable":true,"href":"https:\/\/www.luxor.cz\/blog\/wp-json\/wp\/v2\/users\/2"}],"replies":[{"embeddable":true,"href":"https:\/\/www.luxor.cz\/blog\/wp-json\/wp\/v2\/comments?post=15318"}],"version-history":[{"count":0,"href":"https:\/\/www.luxor.cz\/blog\/wp-json\/wp\/v2\/posts\/15318\/revisions"}],"wp:featuredmedia":[{"embeddable":true,"href":"https:\/\/www.luxor.cz\/blog\/wp-json\/wp\/v2\/media\/15320"}],"wp:attachment":[{"href":"https:\/\/www.luxor.cz\/blog\/wp-json\/wp\/v2\/media?parent=15318"}],"wp:term":[{"taxonomy":"category","embeddable":true,"href":"https:\/\/www.luxor.cz\/blog\/wp-json\/wp\/v2\/categories?post=15318"},{"taxonomy":"post_tag","embeddable":true,"href":"https:\/\/www.luxor.cz\/blog\/wp-json\/wp\/v2\/tags?post=15318"}],"curies":[{"name":"wp","href":"https:\/\/api.w.org\/{rel}","templated":true}]}}