{"id":15078,"date":"2021-03-15T11:57:55","date_gmt":"2021-03-15T10:57:55","guid":{"rendered":"https:\/\/www.luxor.cz\/blog\/?p=15078"},"modified":"2021-03-12T09:28:50","modified_gmt":"2021-03-12T08:28:50","slug":"tembr-zni-posluchacum-audioknih-v-usich-jiz-1-rok","status":"publish","type":"post","link":"https:\/\/www.luxor.cz\/blog\/knizni-zajimavosti\/tembr-zni-posluchacum-audioknih-v-usich-jiz-1-rok\/","title":{"rendered":"T\u00e9mbr zn\u00ed poslucha\u010d\u016fm audioknih v\u00a0u\u0161\u00edch ji\u017e 1 rok!"},"content":{"rendered":"<p><strong>Sv\u011bt okolo n\u00e1s se skoro zastavil. Nicm\u00e9n\u011b \u010das n\u011bkdy ut\u00edk\u00e1 jako zbl\u00e1zn\u011bn\u00fd. Je to k\u00a0neuv\u011b\u0159en\u00ed, ale ned\u00e1vno ub\u011bhl u\u017e cel\u00fd rok od vzniku nakladatelsk\u00e9 zna\u010dky T\u00e9mbr.<\/strong><\/p>\n<p>Ano, je to u\u017e skute\u010dn\u011b rok. Zd\u00e1 se jako by to bylo v\u010dera, kdy vy\u0161la pod nakladatelskou zna\u010dkou T\u00e9mbr prvn\u00ed audiokniha, kterou byl vynikaj\u00edc\u00ed krimithriller <a href=\"https:\/\/www.luxor.cz\/product\/konec-hry-audioknihovna-zbo000303323\"><strong>Konec hry<\/strong><\/a> od Daniela Colea. Co se p\u0159esn\u011b za ten rok v\u00a0T\u00e9mbru ud\u00e1lo a upeklo?<\/p>\n<p>Nakladatelstv\u00ed T\u00e9mbr vzniklo 4. 3. 2020 a svou produkc\u00ed se soust\u0159ed\u00ed na audioknihy r\u016fzn\u00fdch \u017e\u00e1nr\u016f \u2013 beletrie, krimi, young adult, fantasy, non-fiction i d\u011btskou literaturu. Mezi 5 nejprod\u00e1van\u011bj\u0161\u00edch audioknih roku 2020 se \u0159ad\u00ed:<\/p>\n<ol>\n<li>T\u0159icet let pod p\u0159\u00edsahou Roberta \u0160lachty a Josefa Kl\u00edmy<\/li>\n<li><a href=\"https:\/\/www.luxor.cz\/product\/sarlatan-zbo000310305\">\u0160arlat\u00e1n<\/a> Marka Epsteina a Josefa Kl\u00edmy<\/li>\n<li><a href=\"https:\/\/www.luxor.cz\/product\/myslenky-za-volantem-audioknihovna-zbo000380217\">My\u0161lenky za volantem<\/a> od Marka Ebena<\/li>\n<li><a href=\"https:\/\/www.luxor.cz\/product\/vladimir-benes-me-cesty-do-hlubin-mozku-audioknihovna-zbo000339737\">M\u00e9 cesty do hlubin mozku<\/a> Vladim\u00edra Bene\u0161e a Martina Moravce<\/li>\n<li><a href=\"https:\/\/www.luxor.cz\/product\/motiv-x-audioknihovna-zbo000309003\">Motiv X<\/a> od Stefana Ahnhema<\/li>\n<\/ol>\n<p>Pr\u00e1v\u011b ji\u017e zm\u00edn\u011bn\u00e1 audiokniha <a href=\"https:\/\/www.luxor.cz\/product\/slachta-tricet-let-pod-prisahou-audioknihovna-zbo000317321\"><strong>T\u0159icet let pod p\u0159\u00edsahou<\/strong><\/a> se stala dokonce celkov\u011b neprod\u00e1van\u011bj\u0161\u00ed audioknihou uplynul\u00e9ho roku. Pt\u00e1te se, jak\u00e9 dal\u0161\u00ed skv\u011bl\u00e9 audioknihy v\u00a0roce 2020 nakladatelstv\u00ed T\u00e9mbr vydalo? Za doporu\u010den\u00ed jist\u011b stoj\u00ed psychothriller <a href=\"https:\/\/www.luxor.cz\/product\/someone-we-know-audioknihovna-zbo000306073\"><strong>Jeden z\u00a0n\u00e1s<\/strong><\/a>, klasika <a href=\"https:\/\/www.luxor.cz\/product\/maly-princ-luxusni-vydani-audioknihovna-zbo000306558\"><strong>Mal\u00fd princ<\/strong><\/a>, fantasy <strong>P\u016fl kr\u00e1le<\/strong> nebo historick\u00e1 detektivka <a href=\"https:\/\/www.luxor.cz\/product\/smrt-nosi-rude-skorne-audioknihovna-zbo000337441\"><strong>Smrt nos\u00ed rud\u00e9 \u0161korn\u011b<\/strong><\/a>.<\/p>\n<p>Za jednu z\u00a0nejzda\u0159ilej\u0161\u00edch audioknih je dle recenz\u00ed pova\u017eov\u00e1n krimithriller <a href=\"https:\/\/www.luxor.cz\/product\/ja-poutnik-audioknihovna-zbo000310485\"><strong>J\u00e1, Poutn\u00edk<\/strong><\/a> od Terryho Hayese. Interpretace se ujal zku\u0161en\u00fd herec Martin Str\u00e1nsk\u00fd, jeho\u017e hlas je skute\u010dn\u011b nezapomenuteln\u00fd.<\/p>\n<p><img fetchpriority=\"high\" decoding=\"async\" class=\"aligncenter size-full wp-image-15081\" src=\"https:\/\/www.luxor.cz\/blog\/wp-content\/uploads\/T\u00e9mbr-blog-1.png\" alt=\"\" width=\"780\" height=\"519\" title=\"\" srcset=\"https:\/\/www.luxor.cz\/blog\/wp-content\/uploads\/T\u00e9mbr-blog-1.png 780w, https:\/\/www.luxor.cz\/blog\/wp-content\/uploads\/T\u00e9mbr-blog-1-600x399.png 600w, https:\/\/www.luxor.cz\/blog\/wp-content\/uploads\/T\u00e9mbr-blog-1-300x200.png 300w, https:\/\/www.luxor.cz\/blog\/wp-content\/uploads\/T\u00e9mbr-blog-1-768x511.png 768w\" sizes=\"(max-width: 780px) 100vw, 780px\" \/><\/p>\n<p>R\u00e1di poslouch\u00e1te audioknihy a zaj\u00edm\u00e1 v\u00e1s, co se v\u00a0T\u00e9mbru p\u0159ipravuje na leto\u0161n\u00ed rok? Bude toho na v\u00fdb\u011br opravdu hodn\u011b, jeliko\u017e se p\u0159ipravuje bezm\u00e1la 100 nov\u00fdch audioknih, mezi kter\u00fdmi bude nap\u0159\u00edklad nov\u00fd psychothriller Shari Lapeny <strong>Jej\u00ed konec<\/strong>, rom\u00e1n Zuzany Dost\u00e1lov\u00e9 <strong>Sob\u011bsta\u010dn\u00fd<\/strong> \u010di <strong>Tancuj, tancuj, tancuj<\/strong> od Huraki Murakamiho.<\/p>\n<p>Rok 2021 se minim\u00e1ln\u011b po t\u00e9 audiokni\u017en\u00ed str\u00e1nce jev\u00ed \u00fa\u017easn\u011b. P\u0159ejeme nakladatelstv\u00ed T\u00e9mbr k\u00a0jeho prvn\u00edm narozenin\u00e1m mnoho spokojen\u00fdch poslucha\u010d\u016f a audiokni\u017en\u00edch \u00fasp\u011bch\u016f.<\/p>\n<p>Karol\u00edna Sk\u00e1celov\u00e1<\/p>\n","protected":false},"excerpt":{"rendered":"<p>Sv\u011bt okolo n\u00e1s se skoro zastavil. Nicm\u00e9n\u011b \u010das n\u011bkdy ut\u00edk\u00e1 jako zbl\u00e1zn\u011bn\u00fd. Je to k\u00a0neuv\u011b\u0159en\u00ed, ale ned\u00e1vno ub\u011bhl u\u017e cel\u00fd rok od vzniku nakladatelsk\u00e9 zna\u010dky T\u00e9mbr. Ano, je to u\u017e [&hellip;]<\/p>\n","protected":false},"author":2,"featured_media":15079,"comment_status":"closed","ping_status":"open","sticky":false,"template":"","format":"standard","meta":{"_acf_changed":false,"_monsterinsights_skip_tracking":false,"_monsterinsights_sitenote_active":false,"_monsterinsights_sitenote_note":"","_monsterinsights_sitenote_category":0,"_EventAllDay":false,"_EventTimezone":"","_EventStartDate":"","_EventEndDate":"","_EventStartDateUTC":"","_EventEndDateUTC":"","_EventShowMap":false,"_EventShowMapLink":false,"_EventURL":"","_EventCost":"","_EventCostDescription":"","_EventCurrencySymbol":"","_EventCurrencyCode":"","_EventCurrencyPosition":"","_EventDateTimeSeparator":"","_EventTimeRangeSeparator":"","_EventOrganizerID":[],"_EventVenueID":[],"_OrganizerEmail":"","_OrganizerPhone":"","_OrganizerWebsite":"","_VenueAddress":"","_VenueCity":"","_VenueCountry":"","_VenueProvince":"","_VenueState":"","_VenueZip":"","_VenuePhone":"","_VenueURL":"","_VenueStateProvince":"","_VenueLat":"","_VenueLng":"","_VenueShowMap":false,"_VenueShowMapLink":false,"twitterCardType":"","cardImageID":0,"cardImage":"","cardTitle":"","cardDesc":"","cardImageAlt":"","cardPlayer":"","cardPlayerWidth":0,"cardPlayerHeight":0,"cardPlayerStream":"","cardPlayerCodec":"","footnotes":""},"categories":[6],"tags":[20914,20767,20698,20926,20925,20700,21256],"class_list":["post-15078","post","type-post","status-publish","format-standard","has-post-thumbnail","hentry","category-knizni-zajimavosti","tag-audio","tag-audiokniha","tag-audioknihy","tag-narozeniny","tag-oslava","tag-tembr","tag-vyroci"],"acf":{"related_products":null},"_links":{"self":[{"href":"https:\/\/www.luxor.cz\/blog\/wp-json\/wp\/v2\/posts\/15078","targetHints":{"allow":["GET"]}}],"collection":[{"href":"https:\/\/www.luxor.cz\/blog\/wp-json\/wp\/v2\/posts"}],"about":[{"href":"https:\/\/www.luxor.cz\/blog\/wp-json\/wp\/v2\/types\/post"}],"author":[{"embeddable":true,"href":"https:\/\/www.luxor.cz\/blog\/wp-json\/wp\/v2\/users\/2"}],"replies":[{"embeddable":true,"href":"https:\/\/www.luxor.cz\/blog\/wp-json\/wp\/v2\/comments?post=15078"}],"version-history":[{"count":0,"href":"https:\/\/www.luxor.cz\/blog\/wp-json\/wp\/v2\/posts\/15078\/revisions"}],"wp:featuredmedia":[{"embeddable":true,"href":"https:\/\/www.luxor.cz\/blog\/wp-json\/wp\/v2\/media\/15079"}],"wp:attachment":[{"href":"https:\/\/www.luxor.cz\/blog\/wp-json\/wp\/v2\/media?parent=15078"}],"wp:term":[{"taxonomy":"category","embeddable":true,"href":"https:\/\/www.luxor.cz\/blog\/wp-json\/wp\/v2\/categories?post=15078"},{"taxonomy":"post_tag","embeddable":true,"href":"https:\/\/www.luxor.cz\/blog\/wp-json\/wp\/v2\/tags?post=15078"}],"curies":[{"name":"wp","href":"https:\/\/api.w.org\/{rel}","templated":true}]}}