{"id":15040,"date":"2021-03-08T14:31:52","date_gmt":"2021-03-08T13:31:52","guid":{"rendered":"https:\/\/www.luxor.cz\/blog\/?p=15040"},"modified":"2021-03-08T14:31:52","modified_gmt":"2021-03-08T13:31:52","slug":"vydrazte-si-s-unicef-knihu-na-dobrou-vec","status":"publish","type":"post","link":"https:\/\/www.luxor.cz\/blog\/aktuality\/vydrazte-si-s-unicef-knihu-na-dobrou-vec\/","title":{"rendered":"Vydra\u017ete si s\u00a0UNICEF knihu na dobrou v\u011bc"},"content":{"rendered":"<p><strong>Z\u00fa\u010dastn\u011bte se jedine\u010dn\u00e9 dra\u017eby knih s osobn\u00edm dopisem ur\u010den\u00fdm pouze pro \u010dten\u00e1\u0159e, kter\u00fd knihu vydra\u017e\u00ed. M\u016f\u017eete si vybrat jednoho z\u00a0dvaadvaceti autor\u016f, 22 knih a 22 tajn\u00fdch dopis\u016f.<\/strong><\/p>\n<p><strong>UNICEF<\/strong> ve spolupr\u00e1ci s\u00a0<strong>knihkupectv\u00edm Luxor<\/strong> oslovil \u010desk\u00e9 spisovatele, kte\u0159\u00ed v\u011bnovali sv\u00e9 knihy do charitativn\u00ed aukce. Sou\u010d\u00e1st\u00ed vlastnoru\u010dn\u011b podepsan\u00e9 knihy je tak\u00e9\u00a0<strong>osobn\u00ed dopis ur\u010den\u00fd pouze pro \u010dten\u00e1\u0159e<\/strong>, kter\u00fd knihu vydra\u017e\u00ed. Mezi 22\u00a0hodnotn\u00fdmi liter\u00e1rn\u00edmi d\u00edly nechyb\u00ed kniha\u00a0od <strong>Michala Viewegha<\/strong>, <strong>Aleny Morn\u0161tajnov\u00e9<\/strong>, <strong>Radkina Honz\u00e1ka<\/strong>, <strong>Erika Taberyho<\/strong>, <strong>B\u00e1ry Nesvadbov\u00e9<\/strong>, <strong>Arno\u0161ta Goldflama<\/strong>, <strong>V\u00e1clava Marhoula<\/strong> nebo <strong>Ji\u0159\u00edho \u017d\u00e1\u010dka<\/strong>. V\u00fdt\u011b\u017eek aukce podpo\u0159\u00ed vzd\u011bl\u00e1vac\u00ed programy UNICEF.<\/p>\n<p>&nbsp;<\/p>\n<p><img fetchpriority=\"high\" decoding=\"async\" class=\"aligncenter size-full wp-image-15045\" src=\"https:\/\/www.luxor.cz\/blog\/wp-content\/uploads\/Unicef-blog-2-1.png\" alt=\"\" width=\"780\" height=\"519\" title=\"\" srcset=\"https:\/\/www.luxor.cz\/blog\/wp-content\/uploads\/Unicef-blog-2-1.png 780w, https:\/\/www.luxor.cz\/blog\/wp-content\/uploads\/Unicef-blog-2-1-600x399.png 600w, https:\/\/www.luxor.cz\/blog\/wp-content\/uploads\/Unicef-blog-2-1-300x200.png 300w, https:\/\/www.luxor.cz\/blog\/wp-content\/uploads\/Unicef-blog-2-1-768x511.png 768w\" sizes=\"(max-width: 780px) 100vw, 780px\" \/><\/p>\n<p>Vyvol\u00e1vac\u00ed cena knihy je <strong>272 K\u010d<\/strong>. To je toti\u017e \u010d\u00e1stka, za kterou UNICEF zajist\u00ed kompletn\u00ed \u0161koln\u00ed v\u00fdbavu pro jedno d\u00edt\u011b. A \u017ee je z \u010deho vyb\u00edrat \u2013 od poh\u00e1dek, p\u0159es rom\u00e1ny po nau\u010dnou literaturu a publicistiku. Pot\u011b\u0161te sebe \u010di sv\u00e9 bl\u00edzk\u00e9 zakoupen\u00edm knihy a v\u011bnujte pot\u0159ebn\u00fdm d\u011btem \u0161anci na lep\u0161\u00ed budoucnost.<\/p>\n<p>Dra\u017eba knih prob\u00edh\u00e1\u00a0od 3. do 21. b\u0159ezna\u00a0na webu\u00a0<strong><a href=\"https:\/\/www.aukceunicef.cz\/\" target=\"_blank\" rel=\"noopener\">aukceunicef.cz<\/a><\/strong>.<\/p>\n<p>Luxor, nejen knihkupectv\u00ed<\/p>\n<p>&nbsp;<\/p>\n<p>&nbsp;<\/p>\n","protected":false},"excerpt":{"rendered":"<p>Z\u00fa\u010dastn\u011bte se jedine\u010dn\u00e9 dra\u017eby knih s osobn\u00edm dopisem ur\u010den\u00fdm pouze pro \u010dten\u00e1\u0159e, kter\u00fd knihu vydra\u017e\u00ed. M\u016f\u017eete si vybrat jednoho z\u00a0dvaadvaceti autor\u016f, 22 knih a 22 tajn\u00fdch dopis\u016f. UNICEF ve spolupr\u00e1ci [&hellip;]<\/p>\n","protected":false},"author":2,"featured_media":15042,"comment_status":"open","ping_status":"open","sticky":false,"template":"","format":"standard","meta":{"_acf_changed":false,"_monsterinsights_skip_tracking":false,"_monsterinsights_sitenote_active":false,"_monsterinsights_sitenote_note":"","_monsterinsights_sitenote_category":0,"_EventAllDay":false,"_EventTimezone":"","_EventStartDate":"","_EventEndDate":"","_EventStartDateUTC":"","_EventEndDateUTC":"","_EventShowMap":false,"_EventShowMapLink":false,"_EventURL":"","_EventCost":"","_EventCostDescription":"","_EventCurrencySymbol":"","_EventCurrencyCode":"","_EventCurrencyPosition":"","_EventDateTimeSeparator":"","_EventTimeRangeSeparator":"","_EventOrganizerID":[],"_EventVenueID":[],"_OrganizerEmail":"","_OrganizerPhone":"","_OrganizerWebsite":"","_VenueAddress":"","_VenueCity":"","_VenueCountry":"","_VenueProvince":"","_VenueState":"","_VenueZip":"","_VenuePhone":"","_VenueURL":"","_VenueStateProvince":"","_VenueLat":"","_VenueLng":"","_VenueShowMap":false,"_VenueShowMapLink":false,"twitterCardType":"","cardImageID":0,"cardImage":"","cardTitle":"","cardDesc":"","cardImageAlt":"","cardPlayer":"","cardPlayerWidth":0,"cardPlayerHeight":0,"cardPlayerStream":"","cardPlayerCodec":"","footnotes":""},"categories":[5],"tags":[20787,21234,37,21233,36,21235],"class_list":["post-15040","post","type-post","status-publish","format-standard","has-post-thumbnail","hentry","category-aktuality","tag-ceska-literatura","tag-charita","tag-cteni","tag-drazba","tag-knihy","tag-unicef"],"acf":{"related_products":null},"_links":{"self":[{"href":"https:\/\/www.luxor.cz\/blog\/wp-json\/wp\/v2\/posts\/15040","targetHints":{"allow":["GET"]}}],"collection":[{"href":"https:\/\/www.luxor.cz\/blog\/wp-json\/wp\/v2\/posts"}],"about":[{"href":"https:\/\/www.luxor.cz\/blog\/wp-json\/wp\/v2\/types\/post"}],"author":[{"embeddable":true,"href":"https:\/\/www.luxor.cz\/blog\/wp-json\/wp\/v2\/users\/2"}],"replies":[{"embeddable":true,"href":"https:\/\/www.luxor.cz\/blog\/wp-json\/wp\/v2\/comments?post=15040"}],"version-history":[{"count":0,"href":"https:\/\/www.luxor.cz\/blog\/wp-json\/wp\/v2\/posts\/15040\/revisions"}],"wp:featuredmedia":[{"embeddable":true,"href":"https:\/\/www.luxor.cz\/blog\/wp-json\/wp\/v2\/media\/15042"}],"wp:attachment":[{"href":"https:\/\/www.luxor.cz\/blog\/wp-json\/wp\/v2\/media?parent=15040"}],"wp:term":[{"taxonomy":"category","embeddable":true,"href":"https:\/\/www.luxor.cz\/blog\/wp-json\/wp\/v2\/categories?post=15040"},{"taxonomy":"post_tag","embeddable":true,"href":"https:\/\/www.luxor.cz\/blog\/wp-json\/wp\/v2\/tags?post=15040"}],"curies":[{"name":"wp","href":"https:\/\/api.w.org\/{rel}","templated":true}]}}