{"id":14933,"date":"2021-02-03T13:02:25","date_gmt":"2021-02-03T12:02:25","guid":{"rendered":"https:\/\/www.luxor.cz\/blog\/?p=14933"},"modified":"2021-02-03T13:02:25","modified_gmt":"2021-02-03T12:02:25","slug":"karvinska-romanova-kronika-pokracuje","status":"publish","type":"post","link":"https:\/\/www.luxor.cz\/blog\/recenze\/karvinska-romanova-kronika-pokracuje\/","title":{"rendered":"Karvinsk\u00e1 rom\u00e1nov\u00e1 kronika pokra\u010duje"},"content":{"rendered":"<p><strong>Po obrovsk\u00e9m \u00fasp\u011bchu debutov\u00e9ho rom\u00e1nu <a href=\"https:\/\/www.luxor.cz\/product\/sikmy-kostel-zbo000305618\">\u0160ikm\u00fd kostel<\/a> se autorka (a nakladatelka) Karin Lednick\u00e1 vrac\u00ed ke sv\u00fdm hrdin\u016fm, aby nedo\u010dkav\u00e9 \u010dten\u00e1\u0159e provedla jejich dal\u0161\u00edmi osudy. <a href=\"https:\/\/www.luxor.cz\/product\/sikmy-kostel-2-romanova-kronika-ztraceneho-mesta-leta-1921-1945-zbo000394890\">\u0160ikm\u00fd kostel 2<\/a> v\u00e1s op\u011bt vezme na horskou dr\u00e1hu vztah\u016f a ud\u00e1lost\u00ed v\u00a0hornick\u00e9 oblasti Karvinska.<\/strong><\/p>\n<p>Vrac\u00edme se p\u0159esn\u011b do m\u00edsta, kde jsme hrdiny s\u00e1gy <strong>\u0160ikm\u00fd kostel<\/strong> opustili. Nastala dvac\u00e1t\u00e1 l\u00e9ta 20. stolet\u00ed, nov\u00e1 republika \u010ceskoslovensko se probouz\u00ed a ve v\u0161ech oblastech vzkv\u00e9t\u00e1. Karwin\u00e1 sice zm\u011bnila sv\u00e9 jm\u00e9no na Karvinnou, ale lid\u00e9 ve m\u011bst\u011b ani okol\u00ed se nezm\u011bnili. Ve spole\u010dnosti st\u00e1le p\u0159etrv\u00e1vaj\u00ed n\u00e1rodnostn\u00ed t\u0159enice, \u010ce\u0161i proti Pol\u00e1k\u016fm a obr\u00e1cen\u011b, a probubl\u00e1vaj\u00ed tak\u00e9 do p\u0159\u00edbuzensk\u00fdch a p\u0159\u00e1telsk\u00fdch vztah\u016f hlavn\u00edch hrdin\u016f.<\/p>\n<p>Tak za\u010d\u00edn\u00e1 druh\u00fd d\u00edl velk\u00e9ho rom\u00e1nu <a href=\"https:\/\/www.luxor.cz\/product\/sikmy-kostel-2-romanova-kronika-ztraceneho-mesta-leta-1921-1945-zbo000394890\"><strong>\u0160ikm\u00fd kostel<\/strong><\/a> autorky <strong>Karin Lednick\u00e9<\/strong>. Na sc\u00e9nu se vracej\u00ed Barka, Ludwik, Julka i jejich p\u0159\u00e1tel\u00e9, p\u0159\u00edbuzn\u00ed a potomci, aby rozehr\u00e1li dal\u0161\u00ed velkou hru. A bu\u010fte si jisti, \u017ee to op\u011bt bude j\u00edzda. Lednick\u00e1 pokra\u010duje v\u00a0poutav\u00e9m vypr\u00e1v\u011bn\u00ed od roku 1921, p\u0159es vzestup a relativn\u011b klidn\u00e9 obdob\u00ed, k\u00a0temn\u00fdm \u010das\u016fm nacistick\u00e9 okupace a\u017e po konec druh\u00e9 sv\u011btov\u00e9 v\u00e1lky. Osudy v\u0161ech se neuv\u011b\u0159iteln\u011b zamotaj\u00ed a zase rozpletou, za\u017eijete s\u00a0nimi vzlety i p\u00e1dy, abyste nakonec dosp\u011bli k\u00a0posledn\u00edmu slovu a za\u010dali si okusovat nehty, kdy vyjde t\u0159et\u00ed d\u00edl.<\/p>\n<p><strong>Karin Lednick\u00e1<\/strong> uhranula \u010dten\u00e1\u0159e u\u017e prvn\u00edm d\u00edlem, <a href=\"https:\/\/www.luxor.cz\/product\/sikmy-kostel-zbo000305618\"><strong>\u0160ikm\u00fd kostel<\/strong><\/a> se vloni stal absolutn\u00edm v\u00edt\u011bzem \u010dten\u00e1\u0159sk\u00e9 <a href=\"https:\/\/www.kniharoku.cz\/vysledek-ankety-2020\" target=\"_blank\" rel=\"noopener\">ankety Kniha roku<\/a> a za\u0159adil se mezi 50 nej\u010dten\u011bj\u0161\u00edch knih roku 2020. Kouzlem druh\u00e9ho d\u00edlu je hned od za\u010d\u00e1tku to, \u017ee hrdiny \u201epotk\u00e1v\u00e1me\u201c p\u0159esn\u011b tam, kde jsme se s\u00a0nimi rozlou\u010dili. Jakmile se za\u010dtete do prvn\u00ed kapitoly, propadnete se zp\u011bt do p\u0159\u00edb\u011bhu, jako byste pokra\u010dovali v\u00a0p\u0159edlouh\u00e9m rozhovoru s\u00a0n\u011bk\u00fdm mil\u00fdm a zn\u00e1m\u00fdm, s\u00a0n\u00edm\u017e chcete tr\u00e1vit v\u0161echen \u010das.<\/p>\n<p>Ud\u011blejte si ke \u010dten\u00ed pohodl\u00ed a dost \u010dasu. P\u0159ipravte se na velkou knihu, kterou nebudete cht\u00edt odlo\u017eit. A ne\u017e se pust\u00edte do <strong><a href=\"https:\/\/www.luxor.cz\/product\/sikmy-kostel-2-romanova-kronika-ztraceneho-mesta-leta-1921-1945-zbo000394890\">\u0160ikm\u00e9ho kostela 2<\/a><\/strong>, v\u0159ele doporu\u010duji p\u0159ipomenout si jm\u00e9na hrdin\u016f, abyste se mohli rovnou pono\u0159it do p\u0159\u00edb\u011bhu a p\u0159\u00edpadn\u011b net\u00e1pali, kdo je kdo. Star\u00e9 zn\u00e1m\u00e9 z\u00a0minul\u00e9ho d\u00edlu samoz\u0159ejm\u011b hned pozn\u00e1te, k\u00a0Julce, Jurkovi a Barbo\u0159in\u00fdm dcer\u00e1m se v\u0161ak postupn\u011b nabaluje dal\u0161\u00ed generace, aby tak\u00e9 od\u017eila sv\u016fj d\u00edl hornick\u00fdch d\u011bjin.<\/p>\n<p><a href=\"https:\/\/www.luxor.cz\/product\/sikmy-kostel-2-romanova-kronika-ztraceneho-mesta-leta-1921-1945-zbo000394890\"><strong>\u0160ikm\u00fd kostel 2<\/strong><\/a> je naprostou nutnost\u00ed pro v\u0161echny, kter\u00fdm u\u010darovaly osudy m\u011bsta, z\u00a0n\u011bho\u017e do dne\u0161n\u00edch dn\u016f zbyla jen jedin\u00e1 stavba. Kostel naklon\u011bn\u00fd t\u011b\u017ebou uhl\u00ed v\u00a0m\u00edstech, kde se psaly d\u011bjiny Karvinska, ale p\u0159edev\u0161\u00edm oby\u010dejn\u00fdch lid\u00ed. A pokud jste je\u0161t\u011b nepropadli kouzlu t\u00e9to s\u00e1gy, s\u00a0chut\u00ed se do n\u00ed pus\u0165te <em>(ale za\u010dn\u011bte rozhodn\u011b prvn\u00edm d\u00edlem)<\/em>.<\/p>\n<p>Dobrou zpr\u00e1vou pro poslucha\u010de audioknih je, \u017ee tak\u00e9 <a href=\"https:\/\/www.luxor.cz\/product\/sikmy-kostel-2-romanova-kronika-ztraceneho-mesta-leta-1921-1945-zbo000394890\"><strong>\u0160ikm\u00fd kostel 2<\/strong><\/a> se do\u010dk\u00e1 audiokni\u017en\u00ed podoby v\u00a0kr\u00e1sn\u00e9m pod\u00e1n\u00ed here\u010dky <strong><em>Vilmy Cibulkov\u00e9<\/em><\/strong>.<\/p>\n<p>Helena Herynkov\u00e1<\/p>\n","protected":false},"excerpt":{"rendered":"<p>Po obrovsk\u00e9m \u00fasp\u011bchu debutov\u00e9ho rom\u00e1nu \u0160ikm\u00fd kostel se autorka (a nakladatelka) Karin Lednick\u00e1 vrac\u00ed ke sv\u00fdm hrdin\u016fm, aby nedo\u010dkav\u00e9 \u010dten\u00e1\u0159e provedla jejich dal\u0161\u00edmi osudy. \u0160ikm\u00fd kostel 2 v\u00e1s op\u011bt vezme [&hellip;]<\/p>\n","protected":false},"author":4,"featured_media":14934,"comment_status":"open","ping_status":"open","sticky":false,"template":"","format":"standard","meta":{"_acf_changed":false,"_monsterinsights_skip_tracking":false,"_monsterinsights_sitenote_active":false,"_monsterinsights_sitenote_note":"","_monsterinsights_sitenote_category":0,"_EventAllDay":false,"_EventTimezone":"","_EventStartDate":"","_EventEndDate":"","_EventStartDateUTC":"","_EventEndDateUTC":"","_EventShowMap":false,"_EventShowMapLink":false,"_EventURL":"","_EventCost":"","_EventCostDescription":"","_EventCurrencySymbol":"","_EventCurrencyCode":"","_EventCurrencyPosition":"","_EventDateTimeSeparator":"","_EventTimeRangeSeparator":"","_EventOrganizerID":[],"_EventVenueID":[],"_OrganizerEmail":"","_OrganizerPhone":"","_OrganizerWebsite":"","_VenueAddress":"","_VenueCity":"","_VenueCountry":"","_VenueProvince":"","_VenueState":"","_VenueZip":"","_VenuePhone":"","_VenueURL":"","_VenueStateProvince":"","_VenueLat":"","_VenueLng":"","_VenueShowMap":false,"_VenueShowMapLink":false,"twitterCardType":"","cardImageID":0,"cardImage":"","cardTitle":"","cardDesc":"","cardImageAlt":"","cardPlayer":"","cardPlayerWidth":0,"cardPlayerHeight":0,"cardPlayerStream":"","cardPlayerCodec":"","footnotes":""},"categories":[7],"tags":[20767,20698,20787,20768,20769,21199,21198,18341],"class_list":["post-14933","post","type-post","status-publish","format-standard","has-post-thumbnail","hentry","category-recenze","tag-audiokniha","tag-audioknihy","tag-ceska-literatura","tag-karin-lednicka","tag-karvina","tag-karvinsko","tag-ostravsko","tag-recenze"],"acf":{"related_products":null},"_links":{"self":[{"href":"https:\/\/www.luxor.cz\/blog\/wp-json\/wp\/v2\/posts\/14933","targetHints":{"allow":["GET"]}}],"collection":[{"href":"https:\/\/www.luxor.cz\/blog\/wp-json\/wp\/v2\/posts"}],"about":[{"href":"https:\/\/www.luxor.cz\/blog\/wp-json\/wp\/v2\/types\/post"}],"author":[{"embeddable":true,"href":"https:\/\/www.luxor.cz\/blog\/wp-json\/wp\/v2\/users\/4"}],"replies":[{"embeddable":true,"href":"https:\/\/www.luxor.cz\/blog\/wp-json\/wp\/v2\/comments?post=14933"}],"version-history":[{"count":0,"href":"https:\/\/www.luxor.cz\/blog\/wp-json\/wp\/v2\/posts\/14933\/revisions"}],"wp:featuredmedia":[{"embeddable":true,"href":"https:\/\/www.luxor.cz\/blog\/wp-json\/wp\/v2\/media\/14934"}],"wp:attachment":[{"href":"https:\/\/www.luxor.cz\/blog\/wp-json\/wp\/v2\/media?parent=14933"}],"wp:term":[{"taxonomy":"category","embeddable":true,"href":"https:\/\/www.luxor.cz\/blog\/wp-json\/wp\/v2\/categories?post=14933"},{"taxonomy":"post_tag","embeddable":true,"href":"https:\/\/www.luxor.cz\/blog\/wp-json\/wp\/v2\/tags?post=14933"}],"curies":[{"name":"wp","href":"https:\/\/api.w.org\/{rel}","templated":true}]}}