{"id":14663,"date":"2020-11-30T19:02:39","date_gmt":"2020-11-30T18:02:39","guid":{"rendered":"https:\/\/www.luxor.cz\/blog\/?p=14663"},"modified":"2020-11-30T19:02:39","modified_gmt":"2020-11-30T18:02:39","slug":"co-bychom-chteli-najit-pod-stromeckem","status":"publish","type":"post","link":"https:\/\/www.luxor.cz\/blog\/aktuality\/co-bychom-chteli-najit-pod-stromeckem\/","title":{"rendered":"Co bychom cht\u011bli naj\u00edt pod strome\u010dkem"},"content":{"rendered":"<p><strong>Ka\u017ed\u00fd knihomol potvrd\u00ed, \u017ee kn\u00ed\u017eka je nejlep\u0161\u00ed tvrd\u00fd d\u00e1rek ze v\u0161ech. A bude m\u00edt samoz\u0159ejm\u011b pravdu <\/strong>?<strong> Abyste se vyznali v\u00a0nep\u0159ebern\u00e9m mno\u017estv\u00ed vych\u00e1zej\u00edc\u00edch novinek, m\u00e1me pro v\u00e1s n\u011bkolik tip\u016f, co bychom si p\u0159\u00e1li naj\u00edt pod strome\u010dkem my sami z\u00a0Luxoru.<\/strong><\/p>\n<p><strong>Thrillery pro nap\u011bt\u00ed chtiv\u00e9<\/strong><br \/>\nPod strome\u010dkem samoz\u0159ejm\u011b nesm\u00ed chyb\u011bt prvot\u0159\u00eddn\u00ed thriller pro ty, kte\u0159\u00ed r\u00e1di p\u00e1traj\u00ed, a tak trochu se boj\u00ed. <a href=\"https:\/\/www.luxor.cz\/product\/hadrovy-panak-1-3-zbo000381540\"><strong>D\u00e1rkov\u00e9 vyd\u00e1n\u00ed trilogie Hadrov\u00fd pan\u00e1k<\/strong><\/a> vezme dech i t\u011bm, kdo u\u017e knihy \u010detli! Samoz\u0159ejm\u011b ale v\u011bt\u0161\u00ed radost budou m\u00edt ti, kter\u00e9 trilogie <strong>Daniela Colea<\/strong> dosud m\u00edjela. A nen\u00ed nic lep\u0161\u00edho ne\u017e rovnou u otev\u0159en\u00ed prvn\u00ed knihy v\u011bd\u011bt, \u017ee m\u00e1m je\u0161t\u011b dv\u011b \u010dekaj\u00edc\u00ed.<\/p>\n<p><img fetchpriority=\"high\" decoding=\"async\" class=\"aligncenter size-full wp-image-14666\" src=\"https:\/\/www.luxor.cz\/blog\/wp-content\/uploads\/vanoce-blog6.png\" alt=\"\" width=\"780\" height=\"519\" title=\"\" srcset=\"https:\/\/www.luxor.cz\/blog\/wp-content\/uploads\/vanoce-blog6.png 780w, https:\/\/www.luxor.cz\/blog\/wp-content\/uploads\/vanoce-blog6-600x399.png 600w, https:\/\/www.luxor.cz\/blog\/wp-content\/uploads\/vanoce-blog6-300x200.png 300w, https:\/\/www.luxor.cz\/blog\/wp-content\/uploads\/vanoce-blog6-768x511.png 768w\" sizes=\"(max-width: 780px) 100vw, 780px\" \/><\/p>\n<p>Letos rovn\u011b\u017e slav\u00edme hned dv\u011b kulat\u00e1 v\u00fdro\u010d\u00ed spojen\u00e1 s <strong>Agathou Christie<\/strong>! Je to 130 let od narozen\u00ed t\u00e9to geni\u00e1ln\u00ed spisovatelky a p\u0159esn\u011b 100 let od chv\u00edle, kdy vy\u0161el prvn\u00ed p\u0159\u00edb\u011bh <strong>Hercula Poirota: Z\u00e1hada na z\u00e1mku Styles<\/strong>. Nyn\u00ed p\u0159ed V\u00e1nocemi vy\u0161lo elegantn\u00ed vyd\u00e1n\u00ed, ve <a href=\"https:\/\/www.luxor.cz\/product\/hercule-poirot-prvni-a-posledni-pripad-zbo000346299\"><strong>stylov\u00e9m boxu<\/strong><\/a>, pr\u00e1v\u011b onoho prvn\u00edho, a k tomu posledn\u00edho Poirotova p\u0159\u00edpadu <strong>Opona<\/strong>.<\/p>\n<p><img decoding=\"async\" class=\"aligncenter size-full wp-image-14667\" src=\"https:\/\/www.luxor.cz\/blog\/wp-content\/uploads\/vanoce-blog7.png\" alt=\"\" width=\"780\" height=\"519\" title=\"\" srcset=\"https:\/\/www.luxor.cz\/blog\/wp-content\/uploads\/vanoce-blog7.png 780w, https:\/\/www.luxor.cz\/blog\/wp-content\/uploads\/vanoce-blog7-600x399.png 600w, https:\/\/www.luxor.cz\/blog\/wp-content\/uploads\/vanoce-blog7-300x200.png 300w, https:\/\/www.luxor.cz\/blog\/wp-content\/uploads\/vanoce-blog7-768x511.png 768w\" sizes=\"(max-width: 780px) 100vw, 780px\" \/><\/p>\n<p><strong>N\u011bco pro dosp\u00edvaj\u00edc\u00ed hlta\u010de knih<br \/>\n<\/strong>\u0158\u00edk\u00e1 se, \u017ee teenage\u0159i moc ne\u010dtou, ale <strong>s\u00e9rie After<\/strong> dlouhodob\u011b dokazuje opak! V\u0161ichni mlad\u00ed \u010dten\u00e1\u0159i, kte\u0159\u00ed se do p\u0159\u00edb\u011bhu pono\u0159ili, jej nemohli odlo\u017eit! Sv\u011bd\u010d\u00ed o tom nad\u0161en\u00e9 ohlasy i \u00fasp\u011bch film\u016f. Romantick\u00e1 s\u00e9rie <strong>Anny Todd<\/strong> nyn\u00ed kone\u010dn\u011b vych\u00e1z\u00ed <a href=\"https:\/\/www.luxor.cz\/product\/after-1-5-komplet-zbo000378865\"><strong>kompletn\u011b, a nav\u00edc v\u00a0p\u011bkn\u00e9 krabici<\/strong><\/a>, kter\u00e1 se bude pohodln\u011b balit.<\/p>\n<p><img decoding=\"async\" class=\"aligncenter size-full wp-image-14668\" src=\"https:\/\/www.luxor.cz\/blog\/wp-content\/uploads\/vanoce-blog5.png\" alt=\"\" width=\"780\" height=\"519\" title=\"\" srcset=\"https:\/\/www.luxor.cz\/blog\/wp-content\/uploads\/vanoce-blog5.png 780w, https:\/\/www.luxor.cz\/blog\/wp-content\/uploads\/vanoce-blog5-600x399.png 600w, https:\/\/www.luxor.cz\/blog\/wp-content\/uploads\/vanoce-blog5-300x200.png 300w, https:\/\/www.luxor.cz\/blog\/wp-content\/uploads\/vanoce-blog5-768x511.png 768w\" sizes=\"(max-width: 780px) 100vw, 780px\" \/><\/p>\n<p>K\u00a0mlad\u0161\u00edm \u010dten\u00e1\u0159\u016fm m\u00ed\u0159\u00ed tak\u00e9 dvan\u00e1ct v\u00e1no\u010dn\u011b lad\u011bn\u00fdch pov\u00eddek od 12 mlad\u00fdch \u010desk\u00fdch autor\u016f. Ve sb\u00edrce <a href=\"https:\/\/www.luxor.cz\/product\/nejkrasnejsi-darek-zbo000382638\"><strong>Nejkr\u00e1sn\u011bj\u0161\u00ed d\u00e1rek<\/strong><\/a> najdete pov\u00eddky od Theo Addaira, Anny Musilov\u00e9, Magdaleny Mintov\u00e9, Kate\u0159iny \u0160ardick\u00fd nebo Al\u017eb\u011bty B\u00edlkov\u00e9. A nav\u00edc n\u00e1dhern\u00e9 ilustrace \u010desk\u00e9 v\u00fdtvarnice Myokard. Kniha dokazuje, \u017ee V\u00e1noce mohou b\u00fdt \u0161\u0165astn\u00e9 a vesel\u00e9, romantick\u00e9, ale tak\u00e9 temn\u00e9 a melancholick\u00e9. Kn\u00ed\u017eku <a href=\"https:\/\/www.luxor.cz\/blog\/ukazky\/nejkrasnejsi-darek-12-povidek-s-tematem-vanoc\/\"><strong>doporu\u010duje i Radek Bla\u017eek<\/strong><\/a>, n\u00e1\u0161 kolega a autor jedn\u00e9 z\u00a0pov\u00eddek.<\/p>\n<p><img loading=\"lazy\" decoding=\"async\" class=\"aligncenter size-full wp-image-14669\" src=\"https:\/\/www.luxor.cz\/blog\/wp-content\/uploads\/vanoce-blog2.png\" alt=\"\" width=\"780\" height=\"519\" title=\"\" srcset=\"https:\/\/www.luxor.cz\/blog\/wp-content\/uploads\/vanoce-blog2.png 780w, https:\/\/www.luxor.cz\/blog\/wp-content\/uploads\/vanoce-blog2-600x399.png 600w, https:\/\/www.luxor.cz\/blog\/wp-content\/uploads\/vanoce-blog2-300x200.png 300w, https:\/\/www.luxor.cz\/blog\/wp-content\/uploads\/vanoce-blog2-768x511.png 768w\" sizes=\"(max-width: 780px) 100vw, 780px\" \/><\/p>\n<p><strong>\u010cesk\u00e1 poezie v\u00a0kr\u00e1sn\u00e9m kab\u00e1t\u011b M\u00edly F\u00fcrstov\u00e9<br \/>\n<\/strong>Sb\u00edrka balad <strong>Karla Jarom\u00edra Erbena<\/strong> je nesmrteln\u00e1 a z\u0159ejm\u011b v\u0161ichni jsme ji \u010detli v\u0161ichni v r\u00e1mci povinn\u00e9 \u010detby. Ned\u00e1vno ale vy\u0161lo luxusn\u00ed vyd\u00e1n\u00ed <a href=\"https:\/\/www.luxor.cz\/product\/kytice-zbo000382117\"><strong>Kytice<\/strong><\/a> s\u00a0p\u0159ekr\u00e1sn\u00fdmi melancholick\u00fdmi ilustracemi slavn\u00e9 v\u00fdtvarnice <strong>M\u00edly F\u00fcrstov\u00e9<\/strong>, kter\u00e1 navrhovala nap\u0159\u00edklad i ob\u00e1lku alba kapely Coldplay. Nad t\u00edmto vyd\u00e1n\u00edm zaples\u00e1 srdce milovn\u00edk\u016fm poezie i um\u011bn\u00ed.<\/p>\n<div id=\"attachment_14670\" style=\"width: 790px\" class=\"wp-caption aligncenter\"><img loading=\"lazy\" decoding=\"async\" aria-describedby=\"caption-attachment-14670\" class=\"size-full wp-image-14670\" src=\"https:\/\/www.luxor.cz\/blog\/wp-content\/uploads\/vanoce-blog8.png\" alt=\"\" width=\"780\" height=\"519\" title=\"\" srcset=\"https:\/\/www.luxor.cz\/blog\/wp-content\/uploads\/vanoce-blog8.png 780w, https:\/\/www.luxor.cz\/blog\/wp-content\/uploads\/vanoce-blog8-600x399.png 600w, https:\/\/www.luxor.cz\/blog\/wp-content\/uploads\/vanoce-blog8-300x200.png 300w, https:\/\/www.luxor.cz\/blog\/wp-content\/uploads\/vanoce-blog8-768x511.png 768w\" sizes=\"(max-width: 780px) 100vw, 780px\" \/><p id=\"caption-attachment-14670\" class=\"wp-caption-text\">Mal\u00ed\u0159ka a ilustr\u00e1torka M\u00edla F\u00fcrstov\u00e1 s knihou<\/p><\/div>\n<p><strong>Romantik\u016fm i historik\u016fm<br \/>\n<\/strong>M\u00e1me samoz\u0159ejm\u011b kni\u017en\u00ed tip i pro v\u0161echny romantick\u00e9 du\u0161e. Novinka <strong>Jojo Moyesov\u00e9<\/strong> <a href=\"https:\/\/www.luxor.cz\/product\/jako-hvezdy-v-temnote-zbo000388404\"><strong>Jako hv\u011bzdy v\u00a0temn\u00e9 noci<\/strong><\/a> sice vyjde a\u017e 18. prosince, ale i tak se m\u016f\u017ee st\u00e1t jedn\u00edm z\u00a0va\u0161ich d\u00e1rk\u016f ? Autor\u010diny knihy jsou v\u017edycky z\u00e1rukou n\u00e1dhern\u00e9ho zamilovan\u00e9ho p\u0159\u00edb\u011bhu, kter\u00fd zah\u0159eje u srdce a na du\u0161i.<\/p>\n<p><img loading=\"lazy\" decoding=\"async\" class=\"aligncenter size-full wp-image-14671\" src=\"https:\/\/www.luxor.cz\/blog\/wp-content\/uploads\/vanoce-blog3.png\" alt=\"\" width=\"780\" height=\"519\" title=\"\" srcset=\"https:\/\/www.luxor.cz\/blog\/wp-content\/uploads\/vanoce-blog3.png 780w, https:\/\/www.luxor.cz\/blog\/wp-content\/uploads\/vanoce-blog3-600x399.png 600w, https:\/\/www.luxor.cz\/blog\/wp-content\/uploads\/vanoce-blog3-300x200.png 300w, https:\/\/www.luxor.cz\/blog\/wp-content\/uploads\/vanoce-blog3-768x511.png 768w\" sizes=\"(max-width: 780px) 100vw, 780px\" \/><\/p>\n<p>Kdo miluje historick\u00e9 rom\u00e1ny, toho pod strome\u010dkem stoprocentn\u011b pot\u011b\u0161\u00ed <a href=\"https:\/\/www.luxor.cz\/product\/kejklir-zbo000344551\"><strong>Kejkl\u00ed\u0159<\/strong><\/a>. Rom\u00e1nov\u00e9 zpracov\u00e1n\u00ed \u017eivotn\u00edho p\u0159\u00edb\u011bhu Johanna Georga Fausta, historick\u00e9 postavy op\u0159eden\u00e9 tolika pov\u011bstmi, \u017ee spousta lid\u00ed ani netu\u0161\u00ed, \u017ee skute\u010dn\u011b \u017eil. Knihu napsal <strong>Oliver P\u00f6tzsch<\/strong>, autor zn\u00e1m\u00e9 s\u00e1gy <a href=\"https:\/\/www.luxor.cz\/product\/katova-dcera-a-hra-se-smrti-zbo000112958\">Katova dcera<\/a>.<\/p>\n<p><strong>Nejmen\u0161\u00edm ud\u011bl\u00e1 radost p\u0159\u00edb\u011bh i hra\u010dka<\/strong><br \/>\nVloni se pod spoustou stromk\u016f objevila d\u011btsk\u00e1 kn\u00ed\u017eka <a href=\"https:\/\/www.luxor.cz\/product\/stela-a-sestnact-huskyu-zbo000264722\">Stela a 16 husky\u016f<\/a>. Autorka letos napsala dal\u0161\u00ed dobrodru\u017estv\u00ed mal\u00e9 Stely, tentokr\u00e1t v\u00a0p\u0159\u00edb\u011bhu <a href=\"https:\/\/www.luxor.cz\/product\/stela-v-zemi-tucnaku-zbo000383317\"><strong>Stela v\u00a0zemi tu\u010d\u0148\u00e1k\u016f<\/strong><\/a> p\u0159enese mal\u00e9 \u010dten\u00e1\u0159e na Antarktidu! Kniha je kr\u00e1sn\u011b ilustrovan\u00e1, a jestli va\u0161e drobotina je\u0161t\u011b neum\u00ed \u00fapln\u011b dob\u0159e \u010d\u00edst, m\u016f\u017eete jim o V\u00e1noc\u00edch p\u0159ed\u010d\u00edtat.<\/p>\n<p>Nemus\u00edte samoz\u0159ejm\u011b z\u016fstat pouze u knih, ty nejmen\u0161\u00ed m\u016f\u017eete pot\u011b\u0161it tak\u00e9 stylovou hra\u010dkou. Zd\u00e1 se, \u017ee hitem leto\u0161n\u00edch V\u00e1noc budou <a href=\"https:\/\/www.luxor.cz\/product\/rainbocorns-3-serie-plysovy-jednorozec-zbo000384087\"><strong>Rainbocorns<\/strong><\/a>, jeliko\u017e po nich kdejak\u00e9 d\u00edt\u011b tou\u017e\u00ed ? Jedn\u00e1 se o kolekci roztomil\u00fdch ply\u0161ov\u00fdch jednoro\u017ec\u016f s flitrov\u00fdm srd\u00ed\u010dkem a spoustou p\u0159ekvapen\u00ed. Odhalte tajemstv\u00ed skr\u00fdvaj\u00edc\u00ed se v obrovsk\u00e9m vaj\u00ed\u010dku.<\/p>\n<p><img loading=\"lazy\" decoding=\"async\" class=\"aligncenter size-full wp-image-14672\" src=\"https:\/\/www.luxor.cz\/blog\/wp-content\/uploads\/vanoce-blog10.png\" alt=\"\" width=\"780\" height=\"519\" title=\"\" srcset=\"https:\/\/www.luxor.cz\/blog\/wp-content\/uploads\/vanoce-blog10.png 780w, https:\/\/www.luxor.cz\/blog\/wp-content\/uploads\/vanoce-blog10-600x399.png 600w, https:\/\/www.luxor.cz\/blog\/wp-content\/uploads\/vanoce-blog10-300x200.png 300w, https:\/\/www.luxor.cz\/blog\/wp-content\/uploads\/vanoce-blog10-768x511.png 768w\" sizes=\"(max-width: 780px) 100vw, 780px\" \/><\/p>\n<p><strong>Hrav\u00fdm du\u0161\u00edm i pl\u00e1nova\u010d\u016fm<br \/>\n<\/strong>M\u00e1te doma ne\u010dten\u00e1\u0159e? Nevad\u00ed, v\u00a0Luxoru m\u00e1te spoustu kr\u00e1sn\u00fdch d\u00e1rk\u016f i pro ty, kter\u00fdm knihy \u00fapln\u011b neuhranuly. Nap\u0159\u00edklad milovn\u00edky fotbalu uct\u00edte skv\u011blou spole\u010denskou hrou <a href=\"https:\/\/www.luxor.cz\/product\/fanzona-fotbalovy-kviz-zbo000380179\"><strong>Fanz\u00f3na<\/strong><\/a>, kter\u00e1 prov\u011b\u0159\u00ed jejich znalosti a osv\u011b\u017e\u00ed z\u00e1\u017eitky ze sledov\u00e1n\u00ed fotbalov\u00fdch utk\u00e1n\u00ed. Fotbalov\u00fd kv\u00edz Fanz\u00f3na doporu\u010duje i sportovn\u00ed koment\u00e1tor <em>Petr Sv\u011bcen\u00fd<\/em> ?<\/p>\n<p><img loading=\"lazy\" decoding=\"async\" class=\"aligncenter size-full wp-image-14673\" src=\"https:\/\/www.luxor.cz\/blog\/wp-content\/uploads\/vanoce-blog9.png\" alt=\"\" width=\"780\" height=\"519\" title=\"\" srcset=\"https:\/\/www.luxor.cz\/blog\/wp-content\/uploads\/vanoce-blog9.png 780w, https:\/\/www.luxor.cz\/blog\/wp-content\/uploads\/vanoce-blog9-600x399.png 600w, https:\/\/www.luxor.cz\/blog\/wp-content\/uploads\/vanoce-blog9-300x200.png 300w, https:\/\/www.luxor.cz\/blog\/wp-content\/uploads\/vanoce-blog9-768x511.png 768w\" sizes=\"(max-width: 780px) 100vw, 780px\" \/><\/p>\n<p>A proto\u017ee jsme se rozhodli, \u017ee v p\u0159\u00ed\u0161t\u00edm roce rozhodn\u011b budeme pl\u00e1novat, pot\u0159ebujeme pod stromkem tak\u00e9 n\u011bjak\u00fd ten po\u0159\u00e1dn\u00fd di\u00e1\u0159. Doporu\u010dujeme nap\u0159\u00edklad <a href=\"https:\/\/www.luxor.cz\/product\/diar-ester-josefina-2021-zbo000381327\"><strong>di\u00e1\u0159 z d\u00edlny obl\u00edben\u00e9ho dua Ester a Josef\u00edna<\/strong><\/a>, kter\u00e9 se rozhodly po sd\u00edlen\u00ed ciz\u00edch konverzac\u00ed v <a href=\"https:\/\/www.luxor.cz\/product\/terapie-sdilenim-vol-2-zbo000186533\">Terapii sd\u00edlen\u00edm<\/a> zasd\u00edlet v di\u00e1\u0159i konverzace svoje.<\/p>\n<p><img loading=\"lazy\" decoding=\"async\" class=\"aligncenter size-full wp-image-14674\" src=\"https:\/\/www.luxor.cz\/blog\/wp-content\/uploads\/vanoce-blog4.png\" alt=\"\" width=\"780\" height=\"519\" title=\"\" srcset=\"https:\/\/www.luxor.cz\/blog\/wp-content\/uploads\/vanoce-blog4.png 780w, https:\/\/www.luxor.cz\/blog\/wp-content\/uploads\/vanoce-blog4-600x399.png 600w, https:\/\/www.luxor.cz\/blog\/wp-content\/uploads\/vanoce-blog4-300x200.png 300w, https:\/\/www.luxor.cz\/blog\/wp-content\/uploads\/vanoce-blog4-768x511.png 768w\" sizes=\"(max-width: 780px) 100vw, 780px\" \/><\/p>\n<p>A\u0165 u\u017e si vyberete jak\u00e9koliv knihy (nebo hry a hra\u010dky), jsme si jisti, \u017ee sv\u00fdm bl\u00edzk\u00fdm ud\u011bl\u00e1te radost a spole\u010dn\u011b si u\u017eijete kr\u00e1sn\u00e9 (nejen) kni\u017en\u00ed V\u00e1noce!<\/p>\n<p>Luxor, nejen knihkupectv\u00ed<\/p>\n","protected":false},"excerpt":{"rendered":"<p>Ka\u017ed\u00fd knihomol potvrd\u00ed, \u017ee kn\u00ed\u017eka je nejlep\u0161\u00ed tvrd\u00fd d\u00e1rek ze v\u0161ech. A bude m\u00edt samoz\u0159ejm\u011b pravdu ? Abyste se vyznali v\u00a0nep\u0159ebern\u00e9m mno\u017estv\u00ed vych\u00e1zej\u00edc\u00edch novinek, m\u00e1me pro v\u00e1s n\u011bkolik tip\u016f, co [&hellip;]<\/p>\n","protected":false},"author":2,"featured_media":14664,"comment_status":"open","ping_status":"open","sticky":false,"template":"","format":"standard","meta":{"_acf_changed":false,"_monsterinsights_skip_tracking":false,"_monsterinsights_sitenote_active":false,"_monsterinsights_sitenote_note":"","_monsterinsights_sitenote_category":0,"_EventAllDay":false,"_EventTimezone":"","_EventStartDate":"","_EventEndDate":"","_EventStartDateUTC":"","_EventEndDateUTC":"","_EventShowMap":false,"_EventShowMapLink":false,"_EventURL":"","_EventCost":"","_EventCostDescription":"","_EventCurrencySymbol":"","_EventCurrencyCode":"","_EventCurrencyPosition":"","_EventDateTimeSeparator":"","_EventTimeRangeSeparator":"","_EventOrganizerID":[],"_EventVenueID":[],"_OrganizerEmail":"","_OrganizerPhone":"","_OrganizerWebsite":"","_VenueAddress":"","_VenueCity":"","_VenueCountry":"","_VenueProvince":"","_VenueState":"","_VenueZip":"","_VenuePhone":"","_VenueURL":"","_VenueStateProvince":"","_VenueLat":"","_VenueLng":"","_VenueShowMap":false,"_VenueShowMapLink":false,"twitterCardType":"","cardImageID":0,"cardImage":"","cardTitle":"","cardDesc":"","cardImageAlt":"","cardPlayer":"","cardPlayerWidth":0,"cardPlayerHeight":0,"cardPlayerStream":"","cardPlayerCodec":"","footnotes":""},"categories":[5],"tags":[21103,21113,21115,21114,36,48,21111,41,21112,21110,21000],"class_list":["post-14663","post","type-post","status-publish","format-standard","has-post-thumbnail","hentry","category-aktuality","tag-darky","tag-darky-z-luxoru","tag-hracky","tag-hry","tag-knihy","tag-knizni-klub","tag-knizni-tipy","tag-luxor","tag-svatky","tag-tipy-na-darky","tag-vanoce"],"acf":{"related_products":null},"_links":{"self":[{"href":"https:\/\/www.luxor.cz\/blog\/wp-json\/wp\/v2\/posts\/14663","targetHints":{"allow":["GET"]}}],"collection":[{"href":"https:\/\/www.luxor.cz\/blog\/wp-json\/wp\/v2\/posts"}],"about":[{"href":"https:\/\/www.luxor.cz\/blog\/wp-json\/wp\/v2\/types\/post"}],"author":[{"embeddable":true,"href":"https:\/\/www.luxor.cz\/blog\/wp-json\/wp\/v2\/users\/2"}],"replies":[{"embeddable":true,"href":"https:\/\/www.luxor.cz\/blog\/wp-json\/wp\/v2\/comments?post=14663"}],"version-history":[{"count":0,"href":"https:\/\/www.luxor.cz\/blog\/wp-json\/wp\/v2\/posts\/14663\/revisions"}],"wp:featuredmedia":[{"embeddable":true,"href":"https:\/\/www.luxor.cz\/blog\/wp-json\/wp\/v2\/media\/14664"}],"wp:attachment":[{"href":"https:\/\/www.luxor.cz\/blog\/wp-json\/wp\/v2\/media?parent=14663"}],"wp:term":[{"taxonomy":"category","embeddable":true,"href":"https:\/\/www.luxor.cz\/blog\/wp-json\/wp\/v2\/categories?post=14663"},{"taxonomy":"post_tag","embeddable":true,"href":"https:\/\/www.luxor.cz\/blog\/wp-json\/wp\/v2\/tags?post=14663"}],"curies":[{"name":"wp","href":"https:\/\/api.w.org\/{rel}","templated":true}]}}