{"id":14637,"date":"2020-11-23T11:17:30","date_gmt":"2020-11-23T10:17:30","guid":{"rendered":"https:\/\/www.luxor.cz\/blog\/?p=14637"},"modified":"2020-11-23T11:17:31","modified_gmt":"2020-11-23T10:17:31","slug":"darek-pro-fanousky-biatlonu","status":"publish","type":"post","link":"https:\/\/www.luxor.cz\/blog\/recenze\/darek-pro-fanousky-biatlonu\/","title":{"rendered":"D\u00e1rek pro fanou\u0161ky biatlonu"},"content":{"rendered":"<p><strong>B\u011bh na ly\u017e\u00edch a st\u0159elba. Biatlon. Sportovn\u00ed discipl\u00edna, na jej\u00ed\u017e \u010desk\u00e9 z\u00e1stupce rozhodn\u011b m\u016f\u017eeme b\u00fdt hrd\u00ed. Jako v\u00e1no\u010dn\u00ed d\u00e1rek pro v\u0161echny fanou\u0161ky biatlonu vych\u00e1z\u00ed kniha P\u0159\u00edb\u011bhy biatlonov\u00e9ho \u0161\u00edlenstv\u00ed.<\/strong><\/p>\n<p>Obs\u00e1hl\u00e1 publikace <a href=\"https:\/\/www.luxor.cz\/product\/pribehy-biatlonoveho-silenstvi-zbo000387272\"><strong>P\u0159\u00edb\u011bhy biatlonov\u00e9ho \u0161\u00edlenstv\u00ed<\/strong><\/a> je kronikou prozat\u00edm nejslavn\u011bj\u0161\u00edho \u010desk\u00e9ho biatlonov\u00e9ho obdob\u00ed. D\u00edky skv\u011bl\u00fdm \u00fasp\u011bch\u016fm na\u0161eho t\u00fdmu se d\u0159\u00edve pon\u011bkud opom\u00edjen\u00fd sport dostal do hled\u00e1\u010dku nejen \u010desk\u00fdch fanou\u0161k\u016f a pat\u0159\u00ed mezi nejsledovan\u011bj\u0161\u00ed discipl\u00edny ze zimn\u00edch sport\u016f. V\u017edy\u0165, kdo by neznal Gabrielu Soukalovou (nyn\u00ed ji\u017e Koukalovou), Ond\u0159eje Moravce, Veroniku V\u00edtkovou \u010di Michala \u0160lesingra. V\u0161ichni jim fand\u00edme, bez dechu sledujeme ka\u017edou r\u00e1nu a radujeme se z\u00a0ka\u017ed\u00e9 medaile.<\/p>\n<p>Nyn\u00ed si m\u016f\u017eete d\u00edky knize sportovn\u00edho novin\u00e1\u0159e <strong>Tom\u00e1\u0161e Macka<\/strong> p\u0159ipomenout nejlep\u0161\u00ed a nejnap\u00ednav\u011bj\u0161\u00ed biatlonov\u00e1 kl\u00e1n\u00ed mezi lety 2012 a\u017e 2020. Macek se zam\u011b\u0159il na medailov\u00e9 bitvy na olympijsk\u00fdch hr\u00e1ch, sv\u011btov\u00fdch \u0161ampion\u00e1tech a ostatn\u00edch vrcholov\u00fdch akc\u00edch. Report\u00e1\u017en\u011b lad\u011bn\u00e9 vypr\u00e1v\u011bn\u00ed dopl\u0148uj\u00ed atraktivn\u00ed a autentick\u00e9 post\u0159ehy a vzpom\u00ednky samotn\u00fdch akt\u00e9r\u016f. Z\u00e1vody st\u0159\u00eddaj\u00ed tak\u00e9 p\u0159\u00edb\u011bhy ze soukrom\u00ed na\u0161ich biatlonov\u00fdch hv\u011bzd. <strong>Tom\u00e1\u0161 Macek<\/strong> v\u0161ak nenech\u00e1v\u00e1 stranou ani sou\u010dasn\u00e9 nejv\u011bt\u0161\u00ed zahrani\u010dn\u00ed biatlonisty, nap\u0159\u00edklad Martina Fourcada \u010di Lauru Dahlmeierovou.<\/p>\n<p>Kr\u00e1sn\u00e1 barevn\u00e1 publikace je prov\u00e1zena unik\u00e1tn\u00edmi fotografiemi <strong>Petra Slav\u00edka<\/strong>, jen\u017e je ofici\u00e1ln\u00edm fotografem \u010desk\u00e9ho t\u00fdmu. Dal\u0161\u00ed sn\u00edmky p\u0159idali tak\u00e9 jin\u00ed fotoreport\u00e9\u0159i a sami biatlonist\u00e9 z\u00a0vlastn\u00edch archiv\u016f.<\/p>\n<p><a href=\"https:\/\/www.luxor.cz\/product\/pribehy-biatlonoveho-silenstvi-zbo000387272\"><strong>P\u0159\u00edb\u011bhy biatlonov\u00e9ho \u0161\u00edlenstv\u00ed<\/strong><\/a> jsou dokonal\u00fdm d\u00e1rkem pro v\u0161echny milovn\u00edky sportu, jen\u017e pobl\u00e1znil \u010desk\u00fd n\u00e1rod. M\u016f\u017eete zavzpom\u00ednat na \u00fasp\u011bchy, zklam\u00e1n\u00ed, a mo\u017en\u00e1 si p\u0159ipomenout, jak a kde jste z\u00e1vody sledovali.<\/p>\n<p>Helena Herynkov\u00e1<\/p>\n","protected":false},"excerpt":{"rendered":"<p>B\u011bh na ly\u017e\u00edch a st\u0159elba. Biatlon. Sportovn\u00ed discipl\u00edna, na jej\u00ed\u017e \u010desk\u00e9 z\u00e1stupce rozhodn\u011b m\u016f\u017eeme b\u00fdt hrd\u00ed. Jako v\u00e1no\u010dn\u00ed d\u00e1rek pro v\u0161echny fanou\u0161ky biatlonu vych\u00e1z\u00ed kniha P\u0159\u00edb\u011bhy biatlonov\u00e9ho \u0161\u00edlenstv\u00ed. Obs\u00e1hl\u00e1 publikace [&hellip;]<\/p>\n","protected":false},"author":4,"featured_media":14638,"comment_status":"closed","ping_status":"open","sticky":false,"template":"","format":"standard","meta":{"_acf_changed":false,"_monsterinsights_skip_tracking":false,"_monsterinsights_sitenote_active":false,"_monsterinsights_sitenote_note":"","_monsterinsights_sitenote_category":0,"_EventAllDay":false,"_EventTimezone":"","_EventStartDate":"","_EventEndDate":"","_EventStartDateUTC":"","_EventEndDateUTC":"","_EventShowMap":false,"_EventShowMapLink":false,"_EventURL":"","_EventCost":"","_EventCostDescription":"","_EventCurrencySymbol":"","_EventCurrencyCode":"","_EventCurrencyPosition":"","_EventDateTimeSeparator":"","_EventTimeRangeSeparator":"","_EventOrganizerID":[],"_EventVenueID":[],"_OrganizerEmail":"","_OrganizerPhone":"","_OrganizerWebsite":"","_VenueAddress":"","_VenueCity":"","_VenueCountry":"","_VenueProvince":"","_VenueState":"","_VenueZip":"","_VenuePhone":"","_VenueURL":"","_VenueStateProvince":"","_VenueLat":"","_VenueLng":"","_VenueShowMap":false,"_VenueShowMapLink":false,"twitterCardType":"","cardImageID":0,"cardImage":"","cardTitle":"","cardDesc":"","cardImageAlt":"","cardPlayer":"","cardPlayerWidth":0,"cardPlayerHeight":0,"cardPlayerStream":"","cardPlayerCodec":"","footnotes":""},"categories":[7],"tags":[21088,21094,21093,21095,21091,18341,21089,21090,20724],"class_list":["post-14637","post","type-post","status-publish","format-standard","has-post-thumbnail","hentry","category-recenze","tag-biatlon","tag-gabriela-koukalova","tag-medaile","tag-ondrej-moravec","tag-petr-slavik","tag-recenze","tag-sport","tag-tomas-macek","tag-vzpominky"],"acf":{"related_products":null},"_links":{"self":[{"href":"https:\/\/www.luxor.cz\/blog\/wp-json\/wp\/v2\/posts\/14637","targetHints":{"allow":["GET"]}}],"collection":[{"href":"https:\/\/www.luxor.cz\/blog\/wp-json\/wp\/v2\/posts"}],"about":[{"href":"https:\/\/www.luxor.cz\/blog\/wp-json\/wp\/v2\/types\/post"}],"author":[{"embeddable":true,"href":"https:\/\/www.luxor.cz\/blog\/wp-json\/wp\/v2\/users\/4"}],"replies":[{"embeddable":true,"href":"https:\/\/www.luxor.cz\/blog\/wp-json\/wp\/v2\/comments?post=14637"}],"version-history":[{"count":0,"href":"https:\/\/www.luxor.cz\/blog\/wp-json\/wp\/v2\/posts\/14637\/revisions"}],"wp:featuredmedia":[{"embeddable":true,"href":"https:\/\/www.luxor.cz\/blog\/wp-json\/wp\/v2\/media\/14638"}],"wp:attachment":[{"href":"https:\/\/www.luxor.cz\/blog\/wp-json\/wp\/v2\/media?parent=14637"}],"wp:term":[{"taxonomy":"category","embeddable":true,"href":"https:\/\/www.luxor.cz\/blog\/wp-json\/wp\/v2\/categories?post=14637"},{"taxonomy":"post_tag","embeddable":true,"href":"https:\/\/www.luxor.cz\/blog\/wp-json\/wp\/v2\/tags?post=14637"}],"curies":[{"name":"wp","href":"https:\/\/api.w.org\/{rel}","templated":true}]}}