{"id":14477,"date":"2020-10-22T20:31:46","date_gmt":"2020-10-22T18:31:46","guid":{"rendered":"https:\/\/www.luxor.cz\/blog\/?p=14477"},"modified":"2020-10-22T20:31:46","modified_gmt":"2020-10-22T18:31:46","slug":"poznejte-vlastni-druh-diky-nejblizsim-pribuznym","status":"publish","type":"post","link":"https:\/\/www.luxor.cz\/blog\/recenze\/poznejte-vlastni-druh-diky-nejblizsim-pribuznym\/","title":{"rendered":"Poznejte vlastn\u00ed druh d\u00edky nejbli\u017e\u0161\u00edm p\u0159\u00edbuzn\u00fdm"},"content":{"rendered":"<p><strong>V\u0161ichni jsme zv\u00ed\u0159ata, jen se dok\u00e1\u017eeme jinak vyjad\u0159ovat. Ale maj\u00ed-li prim\u00e1ti a dal\u0161\u00ed zv\u00ed\u0159ata emoce, a jak je projevuj\u00ed, o tom se v\u011bdci st\u00e1le p\u0159ou. V\u00edce prozrad\u00ed M\u00e1mino posledn\u00ed objet\u00ed.<\/strong><\/p>\n<p>N\u011bkdo se mo\u017en\u00e1 ot\u0159ese, kdy\u017e jin\u00fd tvrd\u00ed, \u017ee jsme tak\u00e9 \u201epouh\u00e1\u201c zv\u00ed\u0159ata. Tedy, \u017ee my lid\u00e9 nejsme ni\u010d\u00edm nad\u0159azeni sv\u00fdm bl\u00edzk\u00fdm i vzd\u00e1len\u011bj\u0161\u00edm zv\u00ed\u0159ec\u00edm p\u0159\u00edbuzn\u00fdm. Ano, m\u00e1me v\u011bt\u0161\u00ed a hbit\u011bj\u0161\u00ed mozky, vyvinuli jsme artikulovanou \u0159e\u010d, p\u00edsma, jazyky, technologie. Jednodu\u0161e \u0159e\u010deno jsme stvo\u0159ili civilizaci. Ale i \u0161impanzi, na\u0161i \u00fapln\u011b nejbli\u017e\u0161\u00ed bratranci, maj\u00ed svou hierarchii, dorozum\u00edvac\u00ed prost\u0159edky, sv\u00e1ry \u010di rodinn\u00fd \u017eivot. N\u011bkte\u0159\u00ed v\u011bdci, jako nizozemsk\u00fd zoolog a primatolog <strong>Frans de Waal<\/strong>, zach\u00e1zej\u00ed d\u00e1l a \u0159\u00edkaj\u00ed, \u017ee \u0161impanzi rozum\u011bj\u00ed i humoru a souzn\u011bn\u00ed s\u00a0\u010dlov\u011bkem. Jin\u00ed si klepou na \u010delo s\u00a0vysv\u011btlen\u00edm, \u017ee v\u0161echno podobn\u00e9 jedn\u00e1n\u00ed je pouze pudov\u00e9. \u010cten\u00e1\u0159i se z\u00e1jmem o v\u011bd\u011bn\u00ed a lidoopy si mohou nyn\u00ed ud\u011blat vlastn\u00ed n\u00e1zor d\u00edky knize <a href=\"https:\/\/www.luxor.cz\/product\/mamino-posledni-objeti-co-nam-emoce-zvirat-prozrazuji-o-nas-samych-zbo000344474\"><strong>M\u00e1mino posledn\u00ed objet\u00ed<\/strong><\/a>.<\/p>\n<p>Jsme-li natolik chyt\u0159\u00ed, abychom pochopili, jak chytr\u00e1 jsou zv\u00ed\u0159ata, na to se autor pt\u00e1 hned v\u00a0\u00favodu t\u00e9to v\u00fdjime\u010dn\u00e9 publikace. De Waal vypr\u00e1v\u00ed p\u0159\u00edb\u011bh \u0161impanzice M\u00e1my a jej\u00ed rodiny, d\u00edky nim\u017e definitivn\u011b pochopil, \u017ee \u010dlov\u011bk nen\u00ed jedin\u00fdm druhem, jen\u017e m\u00e1 schopnost c\u00edtit a vyjad\u0159ovat l\u00e1sku, strach, nen\u00e1vist, stud, vinu \u010di empatii. P\u0159\u00edb\u011bh za\u010d\u00edn\u00e1 dojemnou vzpom\u00ednkou na autorova p\u0159\u00edtele, primatologa Jana van Hooffa, je\u017e uvozuje i n\u00e1zev knihy samotn\u00e9. Van Hooff se \u0161el rozlou\u010dit do klece s\u00a0\u0161impanz\u00ed matriarchou M\u00e1mou, t\u011bsn\u011b p\u0159edt\u00edm, ne\u017e zem\u0159ela. A M\u00e1ma ho tehdy zcela spont\u00e1nn\u011b objala. \u0160impanzi samoz\u0159ejm\u011b v\u0161echno d\u011blaj\u00ed jinak ne\u017e my, ale pr\u00e1v\u011b na jejich p\u0159\u00edkladu se m\u016f\u017eete nau\u010dit b\u00fdt vn\u00edmav\u011bj\u0161\u00ed k\u00a0lidem a v\u016fbec cel\u00e9mu sv\u011btu kolem n\u00e1s.<\/p>\n<p><strong>Frans de Waal<\/strong> rozd\u011blil svoje studie na n\u011bkolik okruh\u016f a seznamuje tak \u010dten\u00e1\u0159e postupn\u011b s\u00a0t\u00edm, pro\u010d a jak se \u0161impanzi usm\u00edvaj\u00ed, jak c\u00edt\u00ed empatii, co d\u011blaj\u00ed v\u00a0p\u0159\u00edpadech studu, jestli jsou schopni pomsty a jak\u00fdmi cestami se dost\u00e1vaj\u00ed k\u00a0moci ve skupin\u011b. Publikace <a href=\"https:\/\/www.luxor.cz\/product\/mamino-posledni-objeti-co-nam-emoce-zvirat-prozrazuji-o-nas-samych-zbo000344474\"><strong>M\u00e1mino posledn\u00ed objet\u00ed<\/strong><\/a> rozhodn\u011b nen\u00ed prvn\u00ed sv\u00e9ho druhu. Zkoum\u00e1n\u00ed prim\u00e1t\u016f a jejich soci\u00e1ln\u00edch vazeb se v\u011bnovali i jin\u00ed, nap\u0159. slavn\u00e1 <em>Jane Goodallov\u00e1<\/em> \u010di <em>Roger Fouts<\/em>, jen\u017e m\u011bl jedine\u010dnou mo\u017enost pro\u017e\u00edt velkou \u010d\u00e1st \u017eivota s\u00a0Washoe, \u0161impanzic\u00ed, kter\u00e1 si podmanila v\u00edce ne\u017e 350 v\u00fdraz\u016f z\u00a0americk\u00e9ho znakov\u00e9ho jazyka, a sv\u00e9 znalosti p\u0159edala tak\u00e9 adoptivn\u00edmu synovi Loulisovi. N\u00e1slednic\u00ed Washoe se pak stala goril\u00ed d\u00e1ma Koko, kter\u00e1 se nau\u010dila dokonce v\u00edce ne\u017e 1000 v\u00fdraz\u016f, a d\u00edky nim nav\u00edc vyjad\u0159ovala sv\u00e9 emoce nebo si pojmenov\u00e1vala \u017eiv\u00e1 ko\u0165\u00e1tka.<\/p>\n<p>V\u0161e toto dokazuje, \u017ee prim\u00e1ti rozhodn\u011b emocemi vl\u00e1dnou, pouze jim mus\u00edme porozum\u011bt. M\u00e1mino posledn\u00ed objet\u00ed v\u00e1s vezme na tak \u00fa\u017easnou v\u00fdpravu, \u017ee po do\u010dten\u00ed zatou\u017e\u00edte naj\u00edt a otev\u0159\u00edt aspo\u0148 deset dal\u0161\u00edch knih a pono\u0159it se do vlastn\u00edho zkoum\u00e1n\u00ed. Autor vypr\u00e1v\u00ed a vysv\u011btluje lehce, srozumiteln\u011b a nap\u00ednav\u011b, nav\u00edc knihu doplnil o vlastnoru\u010dn\u00ed ilustrace.<\/p>\n<p>Mo\u017en\u00e1 se nepust\u00edte na dr\u00e1hu primatologa, ale ur\u010dit\u011b si d\u00edky t\u00e9to knize roz\u0161\u00ed\u0159\u00edte obzory a nau\u010d\u00edte se l\u00e9pe \u010d\u00edst a sledovat nejen lidsk\u00e9 tv\u00e1\u0159e.<\/p>\n<p>Helena Herynkov\u00e1<\/p>\n","protected":false},"excerpt":{"rendered":"<p>V\u0161ichni jsme zv\u00ed\u0159ata, jen se dok\u00e1\u017eeme jinak vyjad\u0159ovat. Ale maj\u00ed-li prim\u00e1ti a dal\u0161\u00ed zv\u00ed\u0159ata emoce, a jak je projevuj\u00ed, o tom se v\u011bdci st\u00e1le p\u0159ou. V\u00edce prozrad\u00ed M\u00e1mino posledn\u00ed objet\u00ed. [&hellip;]<\/p>\n","protected":false},"author":4,"featured_media":14479,"comment_status":"open","ping_status":"open","sticky":false,"template":"","format":"standard","meta":{"_acf_changed":false,"_monsterinsights_skip_tracking":false,"_monsterinsights_sitenote_active":false,"_monsterinsights_sitenote_note":"","_monsterinsights_sitenote_category":0,"_EventAllDay":false,"_EventTimezone":"","_EventStartDate":"","_EventEndDate":"","_EventStartDateUTC":"","_EventEndDateUTC":"","_EventShowMap":false,"_EventShowMapLink":false,"_EventURL":"","_EventCost":"","_EventCostDescription":"","_EventCurrencySymbol":"","_EventCurrencyCode":"","_EventCurrencyPosition":"","_EventDateTimeSeparator":"","_EventTimeRangeSeparator":"","_EventOrganizerID":[],"_EventVenueID":[],"_OrganizerEmail":"","_OrganizerPhone":"","_OrganizerWebsite":"","_VenueAddress":"","_VenueCity":"","_VenueCountry":"","_VenueProvince":"","_VenueState":"","_VenueZip":"","_VenuePhone":"","_VenueURL":"","_VenueStateProvince":"","_VenueLat":"","_VenueLng":"","_VenueShowMap":false,"_VenueShowMapLink":false,"twitterCardType":"","cardImageID":0,"cardImage":"","cardTitle":"","cardDesc":"","cardImageAlt":"","cardPlayer":"","cardPlayerWidth":0,"cardPlayerHeight":0,"cardPlayerStream":"","cardPlayerCodec":"","footnotes":""},"categories":[7],"tags":[20990,20991,36,20989,20987,20988,20986],"class_list":["post-14477","post","type-post","status-publish","format-standard","has-post-thumbnail","hentry","category-recenze","tag-frans-de-waal","tag-jane-goodallova","tag-knihy","tag-ochrana-prirody","tag-primati","tag-simpanzi","tag-zvirata"],"acf":{"related_products":null},"_links":{"self":[{"href":"https:\/\/www.luxor.cz\/blog\/wp-json\/wp\/v2\/posts\/14477","targetHints":{"allow":["GET"]}}],"collection":[{"href":"https:\/\/www.luxor.cz\/blog\/wp-json\/wp\/v2\/posts"}],"about":[{"href":"https:\/\/www.luxor.cz\/blog\/wp-json\/wp\/v2\/types\/post"}],"author":[{"embeddable":true,"href":"https:\/\/www.luxor.cz\/blog\/wp-json\/wp\/v2\/users\/4"}],"replies":[{"embeddable":true,"href":"https:\/\/www.luxor.cz\/blog\/wp-json\/wp\/v2\/comments?post=14477"}],"version-history":[{"count":0,"href":"https:\/\/www.luxor.cz\/blog\/wp-json\/wp\/v2\/posts\/14477\/revisions"}],"wp:featuredmedia":[{"embeddable":true,"href":"https:\/\/www.luxor.cz\/blog\/wp-json\/wp\/v2\/media\/14479"}],"wp:attachment":[{"href":"https:\/\/www.luxor.cz\/blog\/wp-json\/wp\/v2\/media?parent=14477"}],"wp:term":[{"taxonomy":"category","embeddable":true,"href":"https:\/\/www.luxor.cz\/blog\/wp-json\/wp\/v2\/categories?post=14477"},{"taxonomy":"post_tag","embeddable":true,"href":"https:\/\/www.luxor.cz\/blog\/wp-json\/wp\/v2\/tags?post=14477"}],"curies":[{"name":"wp","href":"https:\/\/api.w.org\/{rel}","templated":true}]}}