{"id":14103,"date":"2020-07-23T15:45:46","date_gmt":"2020-07-23T13:45:46","guid":{"rendered":"https:\/\/www.luxor.cz\/blog\/?p=14103"},"modified":"2020-07-23T15:45:46","modified_gmt":"2020-07-23T13:45:46","slug":"karantena-jako-predpoved-desive-budoucnosti","status":"publish","type":"post","link":"https:\/\/www.luxor.cz\/blog\/recenze\/karantena-jako-predpoved-desive-budoucnosti\/","title":{"rendered":"Karant\u00e9na jako p\u0159edpov\u011b\u010f d\u011bsiv\u00e9 budoucnosti?"},"content":{"rendered":"<p><strong>Kni\u017en\u00ed p\u0159edlohou se m\u016f\u017ee st\u00e1t lecjak\u00e1 skute\u010dn\u00e1 ud\u00e1lost. Ale co kdy\u017e je to obr\u00e1cen\u011b? Peter May se vydal odv\u00e1\u017enou cestou, kdy\u017e se rozhodl poodhalit atmosf\u00e9ru celosv\u011btov\u00e9 pandemie. Jenom p\u0159ed 15 lety, kdy\u017e knihu psal, netu\u0161il, \u017ee nastane rok 2020 a s\u00a0n\u00edm hrozba jm\u00e9nem koronavirus. Napsal autor p\u0159edzv\u011bst t\u00e9to katastrofy? A dok\u00e1zal ji vystihnout? Thriller <a href=\"https:\/\/www.luxor.cz\/product\/karantena-zbo000343072\">Karant\u00e9na<\/a> v\u00e1m mo\u017en\u00e1 uk\u00e1\u017ee je\u0161t\u011b o kousek v\u00edc.<\/strong><\/p>\n<p>V\u00a0pochmurn\u00e9m Lond\u00fdn\u011b nenajdete v\u00a0ulic\u00edch ani nohu. V\u0161ichni se schov\u00e1vaj\u00ed za z\u00e1clonou, kter\u00e1 se tv\u00e1\u0159\u00ed jako bezpe\u010d\u00ed. Ale nikdo tomu neute\u010de. Lond\u00fdnem toti\u017e zm\u00edt\u00e1 nev\u00eddan\u00e1 katastrofa. Pta\u010d\u00ed ch\u0159ipka zmutovala a \u0161\u00ed\u0159\u00ed se mezi lidmi. Ti um\u00edraj\u00ed a vl\u00e1da je bezmocn\u00e1. Co se zd\u00e1lo jen jako d\u011bsiv\u00fd sen, se st\u00e1v\u00e1 je\u0161t\u011b d\u011bsiv\u011bj\u0161\u00ed realitou. Mezit\u00edm se na dn\u011b v\u00fdkopu nov\u00e9 nemocnice objev\u00ed kosti mal\u00e9ho d\u00edt\u011bte. A je na detektivovi Jacku MacNeilovi, aby se postaral o vy\u0159e\u0161en\u00ed p\u0159\u00edpadu. Ten m\u00e1 co d\u011blat s\u00e1m se sebou, ale vrhne do vy\u0161et\u0159ov\u00e1n\u00ed v\u0161echny s\u00edly. Postupn\u011b se no\u0159\u00ed hloub\u011bji do hroziv\u00fdch kli\u010dek zlo\u010dinu a z\u00e1rove\u0148 se kolem n\u011bj nebezpe\u010dn\u011b sv\u00edraj\u00ed n\u016f\u017eky pandemie. Zem\u0159elo d\u00edt\u011b n\u00e1silnou smrt\u00ed? Kdo by to mohl na pozad\u00ed n\u00e1kazy v\u016fbec ud\u011blat? A vyhraje Jack sv\u016fj vlastn\u00ed boj?<\/p>\n<p><a href=\"https:\/\/www.luxor.cz\/product\/karantena-zbo000343072\"><strong>Karant\u00e9na<\/strong><\/a> je takov\u00fd vyk\u0159i\u010dn\u00edk sou\u010dasnosti, a\u010dkoliv byla sepsan\u00e1 u\u017e d\u0159\u00edv (ur\u010dit\u011b si p\u0159e\u010dt\u011bte i p\u0159edmluvu). Jako d\u011bsiv\u00e9 p\u0159ipomenut\u00ed, \u017ee lid\u00e9 nejsou v\u0161emocn\u00ed. Vyl\u00ed\u010den\u00ed atmosf\u00e9ry pochmurnosti, tich\u00e9 hrozby, buj\u00edc\u00edho n\u00e1sil\u00ed i strachu lid\u00ed se mu povedlo perfektn\u011b. O to v\u00edc, \u017ee te\u010f \u010dten\u00e1\u0159i jako sv\u011bdci sou\u010dasn\u00e9 situace mohou porovn\u00e1vat a dokonale vplout do d\u011bje. Je a\u017e s\u00a0podivem, jak trefn\u011b te\u010f kniha p\u016fsob\u00ed.<\/p>\n<p>Karant\u00e9na je v\u0161ak jen r\u00e1m p\u0159\u00edb\u011bhu a samoz\u0159ejm\u011b v\u0161udyp\u0159\u00edtomn\u00e1 hrozba. Hlavn\u00ed d\u011bj je spjat\u00fd s\u00a0vy\u0161et\u0159ov\u00e1n\u00edm vra\u017edy mal\u00e9 hol\u010di\u010dky, jej\u00ed\u017e kosti n\u011bkdo velmi nevhodn\u011b pohodil do v\u00fdkopu. M\u00e1te p\u0159ed sebou typicky rozdan\u00e9 karty detektiv \u2013 vrah, kdy sledujete n\u011bkolik linek soub\u011b\u017en\u011b. Pointa sice za\u010d\u00edn\u00e1 b\u00fdt jasn\u00e1 mo\u017en\u00e1 o mali\u010dko d\u0159\u00edv, ne\u017e by bylo napjat\u00e9mu \u010dten\u00e1\u0159i mil\u00e9, ale celkov\u00e9 vyzn\u011bn\u00ed a v\u00fdznam t\u00edm nekles\u00e1.<\/p>\n<p>Jack MacNeil je rozervan\u00fdm mu\u017eem, kter\u00fd v\u00a0osamocen\u00e9m a nebezpe\u010dn\u00e9m Lond\u00fdn\u011b pob\u00edh\u00e1 po stop\u00e1ch zlo\u010dinu. Na z\u00e1dech si vle\u010de \u017eivotn\u00ed z\u00e1va\u017e\u00ed a na nic ne\u010dek\u00e1. Sv\u00fdm zp\u016fsobem je ale p\u0159\u00edjemn\u00fdm hrdinou. Ani ostatn\u00ed postavy za n\u00edm nijak nepokulh\u00e1vaj\u00ed. Ka\u017ed\u00e1 m\u00e1 ale n\u011bco, \u010d\u00edm do p\u0159\u00edb\u011bhu p\u0159isp\u00edv\u00e1, a\u0165 u\u017e na stran\u011b dobra \u010di zla.<\/p>\n<p>Celkov\u011b mus\u00edm \u0159\u00edct, \u017ee se <a href=\"https:\/\/www.luxor.cz\/product\/karantena-zbo000343072\"><strong>Karant\u00e9na<\/strong><\/a> vyvedla a\u017e mraziv\u011b dob\u0159e. Jist\u011b, ur\u010dit\u00e9 nuance jsou o\u010dek\u00e1vateln\u00e9, n\u011bco je vyhnan\u00e9 do absurdna, ale kdy\u017e se na knihu pod\u00edv\u00e1te s\u00a0odstupem, \u0159eknete si, pro\u010d ne. Mus\u00edm vyzdvihnout hlavn\u011b atmosf\u00e9ru, kterou vystihl tak opravdov\u011b, \u017ee jsem m\u011bla pocit, jako by se p\u0159\u00edb\u011bh odehr\u00e1val jen o p\u00e1r m\u011bs\u00edc\u016f d\u0159\u00edv, kdy se \u010desk\u00e9 ulice pono\u0159ily do strachu. O to je \u010dten\u00ed <strong>Karant\u00e9ny<\/strong> opravdov\u011bj\u0161\u00ed.<\/p>\n<p><strong>Peter May<\/strong> nen\u00ed \u017e\u00e1dn\u00fdm nov\u00e1\u010dkem na autorsk\u00e9m poli. A neust\u00e1le \u010dten\u00e1\u0159e p\u0159esv\u011bd\u010duje, \u017ee jim m\u00e1 co nab\u00eddnout. Pokud hled\u00e1te osobit\u00fd p\u0159\u00edstup, v\u011brn\u00e9 lidsk\u00e9 osudy a nap\u011bt\u00ed, pak po n\u011bm s\u00e1hn\u011bte. Chybu rozhodn\u011b neud\u011bl\u00e1te.<\/p>\n<p>Tereza B\u00e1rtov\u00e1<\/p>\n","protected":false},"excerpt":{"rendered":"<p>Kni\u017en\u00ed p\u0159edlohou se m\u016f\u017ee st\u00e1t lecjak\u00e1 skute\u010dn\u00e1 ud\u00e1lost. Ale co kdy\u017e je to obr\u00e1cen\u011b? Peter May se vydal odv\u00e1\u017enou cestou, kdy\u017e se rozhodl poodhalit atmosf\u00e9ru celosv\u011btov\u00e9 pandemie. Jenom p\u0159ed 15 [&hellip;]<\/p>\n","protected":false},"author":2,"featured_media":14104,"comment_status":"open","ping_status":"open","sticky":false,"template":"","format":"standard","meta":{"_acf_changed":false,"_monsterinsights_skip_tracking":false,"_monsterinsights_sitenote_active":false,"_monsterinsights_sitenote_note":"","_monsterinsights_sitenote_category":0,"_EventAllDay":false,"_EventTimezone":"","_EventStartDate":"","_EventEndDate":"","_EventStartDateUTC":"","_EventEndDateUTC":"","_EventShowMap":false,"_EventShowMapLink":false,"_EventURL":"","_EventCost":"","_EventCostDescription":"","_EventCurrencySymbol":"","_EventCurrencyCode":"","_EventCurrencyPosition":"","_EventDateTimeSeparator":"","_EventTimeRangeSeparator":"","_EventOrganizerID":[],"_EventVenueID":[],"_OrganizerEmail":"","_OrganizerPhone":"","_OrganizerWebsite":"","_VenueAddress":"","_VenueCity":"","_VenueCountry":"","_VenueProvince":"","_VenueState":"","_VenueZip":"","_VenuePhone":"","_VenueURL":"","_VenueStateProvince":"","_VenueLat":"","_VenueLng":"","_VenueShowMap":false,"_VenueShowMapLink":false,"twitterCardType":"","cardImageID":0,"cardImage":"","cardTitle":"","cardDesc":"","cardImageAlt":"","cardPlayer":"","cardPlayerWidth":0,"cardPlayerHeight":0,"cardPlayerStream":"","cardPlayerCodec":"","footnotes":""},"categories":[7],"tags":[20746,37,20825,49,20792,36,20875,20874,18341,60,18375],"class_list":["post-14103","post","type-post","status-publish","format-standard","has-post-thumbnail","hentry","category-recenze","tag-cas-na-cteni","tag-cteni","tag-cteni-te-meni","tag-detektivka","tag-karantena","tag-knihy","tag-londyn","tag-peter-may","tag-recenze","tag-thriller","tag-velka-britanie"],"acf":{"related_products":null},"_links":{"self":[{"href":"https:\/\/www.luxor.cz\/blog\/wp-json\/wp\/v2\/posts\/14103","targetHints":{"allow":["GET"]}}],"collection":[{"href":"https:\/\/www.luxor.cz\/blog\/wp-json\/wp\/v2\/posts"}],"about":[{"href":"https:\/\/www.luxor.cz\/blog\/wp-json\/wp\/v2\/types\/post"}],"author":[{"embeddable":true,"href":"https:\/\/www.luxor.cz\/blog\/wp-json\/wp\/v2\/users\/2"}],"replies":[{"embeddable":true,"href":"https:\/\/www.luxor.cz\/blog\/wp-json\/wp\/v2\/comments?post=14103"}],"version-history":[{"count":0,"href":"https:\/\/www.luxor.cz\/blog\/wp-json\/wp\/v2\/posts\/14103\/revisions"}],"wp:featuredmedia":[{"embeddable":true,"href":"https:\/\/www.luxor.cz\/blog\/wp-json\/wp\/v2\/media\/14104"}],"wp:attachment":[{"href":"https:\/\/www.luxor.cz\/blog\/wp-json\/wp\/v2\/media?parent=14103"}],"wp:term":[{"taxonomy":"category","embeddable":true,"href":"https:\/\/www.luxor.cz\/blog\/wp-json\/wp\/v2\/categories?post=14103"},{"taxonomy":"post_tag","embeddable":true,"href":"https:\/\/www.luxor.cz\/blog\/wp-json\/wp\/v2\/tags?post=14103"}],"curies":[{"name":"wp","href":"https:\/\/api.w.org\/{rel}","templated":true}]}}